{"id":1006,"date":"2011-06-14T21:36:40","date_gmt":"2011-06-14T23:36:40","guid":{"rendered":"http:\/\/bibliobelas.wordpress.com\/?p=1006"},"modified":"2011-06-14T21:36:40","modified_gmt":"2011-06-14T23:36:40","slug":"a-androginia-esta-em-alta-no-mundo-da-moda-2","status":"publish","type":"post","link":"https:\/\/bibliobelas.eba.ufmg.br\/index.php\/2011\/06\/a-androginia-esta-em-alta-no-mundo-da-moda-2\/","title":{"rendered":"A androginia est\u00e1 em alta no mundo da moda"},"content":{"rendered":"<p style=\"text-align:justify;\">Publicado no <a href=\"http:\/\/www.otempo.com.br\/otempo\/noticias\/?IdNoticia=173705\" target=\"_blank\" rel=\"noopener\">Jornal OTEMPO<\/a> em <a href=\"http:\/\/www.otempo.com.br\/otempo\/acervo\/?IdEdicao=2060&amp;IdNoticia=173705\" target=\"_blank\" rel=\"noopener\">12\/06\/2011<\/a><\/p>\n<p style=\"text-align:justify;\">Unir as por\u00e7\u00f5es homem e mulher em um \u00fanico ser n\u00e3o \u00e9 nenhuma novidade. Plat\u00e3o, em seu &#8220;O Banquete&#8221;, conta que Zeus, querendo conter a sede pelo poder, cortou ao meio os andr\u00f3ginos (do grego andr\u00f3s, aquele que fecunda; e guynaik\u00f3s, f\u00eamea).<\/p>\n<p style=\"text-align:justify;\">Na m\u00fasica, a androginia ganhou visibilidade com nomes como <a href=\"http:\/\/4.bp.blogspot.com\/-LUd-C61DBVo\/TdWxrHzc2oI\/AAAAAAAAAX4\/OPTxDoQte1s\/s640\/boy-george-culture-club.jpg\" target=\"_blank\" rel=\"noopener\">Boy George<\/a>, <a href=\"http:\/\/1.bp.blogspot.com\/-LNHveTQtzOs\/TdgsxgfkmLI\/AAAAAAAACIk\/-kOKoQofOg8\/s1600\/david%2Bbowie%2Bziggy.jpg\" target=\"_blank\" rel=\"noopener\">David Bowie<\/a> e <a href=\"http:\/\/www.sinead-oconnor.com\/home\/components\/com_joomgallery\/img_originals\/portraits_2\/macpher110_20070319_1774005825.jpg\" target=\"_blank\" rel=\"noopener\">Sinead O\u2019Connor<\/a>, enquanto, no Brasil, <a href=\"http:\/\/3.bp.blogspot.com\/_F1v4J6YuCIQ\/TTHhM4PiYHI\/AAAAAAAAAX4\/d4zgCcVoRd4\/s1600\/doces+barbaras+capa.jpg\" target=\"_blank\" rel=\"noopener\">Gilberto Gil<\/a> e <a href=\"http:\/\/files.ddlev.de\/200000126-1f9902092e\/TOP%205-04.jpg\" target=\"_blank\" rel=\"noopener\">Pepeu Gomes <\/a>cantavam suas por\u00e7\u00f5es femininas ainda nos anos 70.<\/p>\n<p style=\"text-align:justify;\">Em meio \u00e0 temporada de moda carioca, que aconteceu na \u00faltima semana, o <strong>Pandora <\/strong>perguntou: &#8220;o que voc\u00ea mais gosta e mais odeia no seu lado feminino (para eles) e no seu lado masculino (para elas). (SB)<\/p>\n<p><a href=\"https:\/\/bibliobelas.eba.ufmg.br\/wp-content\/uploads\/2011\/06\/20110612fotoavulsa_10062011184946.jpg\"><img loading=\"lazy\" decoding=\"async\" class=\"size-full wp-image-972 alignleft\" title=\"20110612fotoavulsa_10062011184946\" src=\"https:\/\/bibliobelas.eba.ufmg.br\/wp-content\/uploads\/2011\/06\/20110612fotoavulsa_10062011184946.jpg\" alt=\"\" width=\"464\" height=\"542\" srcset=\"https:\/\/bibliobelas.eba.ufmg.br\/wp-content\/uploads\/2011\/06\/20110612fotoavulsa_10062011184946.jpg 464w, https:\/\/bibliobelas.eba.ufmg.br\/wp-content\/uploads\/2011\/06\/20110612fotoavulsa_10062011184946-257x300.jpg 257w\" sizes=\"auto, (max-width: 464px) 100vw, 464px\" \/><\/a><\/p>\n<p><a href=\"https:\/\/bibliobelas.eba.ufmg.br\/wp-content\/uploads\/2011\/06\/foto_galeria_100620111850391.jpg\"><img loading=\"lazy\" decoding=\"async\" class=\"alignnone size-full wp-image-980\" title=\"foto_galeria\" src=\"https:\/\/bibliobelas.eba.ufmg.br\/wp-content\/uploads\/2011\/06\/foto_galeria_100620111850391.jpg\" alt=\"\" width=\"227\" height=\"339\" \/><\/a><a href=\"https:\/\/bibliobelas.eba.ufmg.br\/wp-content\/uploads\/2011\/06\/foto_100620111849541.jpg\">     <img loading=\"lazy\" decoding=\"async\" class=\"alignnone size-medium wp-image-979\" title=\"foto\" src=\"https:\/\/bibliobelas.eba.ufmg.br\/wp-content\/uploads\/2011\/06\/foto_100620111849541.jpg?w=199\" alt=\"\" width=\"226\" height=\"339\" srcset=\"https:\/\/bibliobelas.eba.ufmg.br\/wp-content\/uploads\/2011\/06\/foto_100620111849541.jpg 600w, https:\/\/bibliobelas.eba.ufmg.br\/wp-content\/uploads\/2011\/06\/foto_100620111849541-200x300.jpg 200w\" sizes=\"auto, (max-width: 226px) 100vw, 226px\" \/><\/a><\/p>\n<p><a href=\"https:\/\/bibliobelas.eba.ufmg.br\/wp-content\/uploads\/2011\/06\/foto_100620111849541.jpg\">      <\/a><\/p>\n","protected":false},"excerpt":{"rendered":"<p>Publicado no Jornal OTEMPO em 12\/06\/2011 Unir as por\u00e7\u00f5es homem e mulher em um \u00fanico ser n\u00e3o \u00e9 nenhuma novidade. Plat\u00e3o, em seu &#8220;O Banquete&#8221;, conta que Zeus, querendo conter a sede pelo poder, cortou ao meio os andr\u00f3ginos (do grego andr\u00f3s, aquele que fecunda; e guynaik\u00f3s, f\u00eamea). Na m\u00fasica, a androginia ganhou visibilidade com &hellip; <a href=\"https:\/\/bibliobelas.eba.ufmg.br\/index.php\/2011\/06\/a-androginia-esta-em-alta-no-mundo-da-moda-2\/\" class=\"more-link\">Continue lendo <span class=\"screen-reader-text\">A androginia est\u00e1 em alta no mundo da moda<\/span> <span class=\"meta-nav\">&rarr;<\/span><\/a><\/p>\n","protected":false},"author":1,"featured_media":0,"comment_status":"open","ping_status":"open","sticky":false,"template":"","format":"standard","meta":{"footnotes":""},"categories":[2],"tags":[95,105,107],"class_list":["post-1006","post","type-post","status-publish","format-standard","hentry","category-postagens","tag-moda","tag-moda-e-genero","tag-moda-e-sexualidade"],"_links":{"self":[{"href":"https:\/\/bibliobelas.eba.ufmg.br\/index.php\/wp-json\/wp\/v2\/posts\/1006","targetHints":{"allow":["GET"]}}],"collection":[{"href":"https:\/\/bibliobelas.eba.ufmg.br\/index.php\/wp-json\/wp\/v2\/posts"}],"about":[{"href":"https:\/\/bibliobelas.eba.ufmg.br\/index.php\/wp-json\/wp\/v2\/types\/post"}],"author":[{"embeddable":true,"href":"https:\/\/bibliobelas.eba.ufmg.br\/index.php\/wp-json\/wp\/v2\/users\/1"}],"replies":[{"embeddable":true,"href":"https:\/\/bibliobelas.eba.ufmg.br\/index.php\/wp-json\/wp\/v2\/comments?post=1006"}],"version-history":[{"count":0,"href":"https:\/\/bibliobelas.eba.ufmg.br\/index.php\/wp-json\/wp\/v2\/posts\/1006\/revisions"}],"wp:attachment":[{"href":"https:\/\/bibliobelas.eba.ufmg.br\/index.php\/wp-json\/wp\/v2\/media?parent=1006"}],"wp:term":[{"taxonomy":"category","embeddable":true,"href":"https:\/\/bibliobelas.eba.ufmg.br\/index.php\/wp-json\/wp\/v2\/categories?post=1006"},{"taxonomy":"post_tag","embeddable":true,"href":"https:\/\/bibliobelas.eba.ufmg.br\/index.php\/wp-json\/wp\/v2\/tags?post=1006"}],"curies":[{"name":"wp","href":"https:\/\/api.w.org\/{rel}","templated":true}]}}