{"id":1163,"date":"2011-07-12T20:43:20","date_gmt":"2011-07-12T22:43:20","guid":{"rendered":"http:\/\/bibliobelas.wordpress.com\/?p=1163"},"modified":"2011-07-12T20:43:20","modified_gmt":"2011-07-12T22:43:20","slug":"35-roupas-inspiradas-nas-artes-plasticas-modaarte","status":"publish","type":"post","link":"https:\/\/bibliobelas.eba.ufmg.br\/index.php\/2011\/07\/35-roupas-inspiradas-nas-artes-plasticas-modaarte\/","title":{"rendered":"Roupas inspiradas nas artes pl\u00e1sticas: moda\/arte"},"content":{"rendered":"<p style=\"text-align:justify;\">N\u00e3o \u00e9 de hoje que moda e artes pl\u00e1sticas se inspiram mutuamente. O di\u00e1logo entre elas mudou muito com o tempo, mas sempre existiu. Mostro aqui exemplos de roupas que prestaram \u00f3bvias homenagens a grandes mestres da pintura, da gravura e da escultura nos \u00faltimos 75 anos.<\/p>\n<figure id=\"attachment_1187\" aria-describedby=\"caption-attachment-1187\" style=\"width: 500px\" class=\"wp-caption aligncenter\"><a href=\"https:\/\/bibliobelas.eba.ufmg.br\/wp-content\/uploads\/2011\/07\/moda-e-arte-yves-saint-laurent-mondrian-1965.jpg\"><img loading=\"lazy\" decoding=\"async\" class=\"size-full wp-image-1187\" title=\"moda-e-arte-yves-saint-laurent-mondrian-1965\" alt=\"\" src=\"https:\/\/bibliobelas.eba.ufmg.br\/wp-content\/uploads\/2011\/07\/moda-e-arte-yves-saint-laurent-mondrian-1965.jpg\" width=\"500\" height=\"299\" srcset=\"https:\/\/bibliobelas.eba.ufmg.br\/wp-content\/uploads\/2011\/07\/moda-e-arte-yves-saint-laurent-mondrian-1965.jpg 500w, https:\/\/bibliobelas.eba.ufmg.br\/wp-content\/uploads\/2011\/07\/moda-e-arte-yves-saint-laurent-mondrian-1965-300x179.jpg 300w\" sizes=\"auto, (max-width: 500px) 100vw, 500px\" \/><\/a><figcaption id=\"caption-attachment-1187\" class=\"wp-caption-text\">MONDRIAN + SAINT-LAURENT: Neste assunto, o \u00edcone absoluto \u00e9 a s\u00e9rie de vestidos que Yves Saint-Laurent criou em 1965 com base nos quadros de Piet Mondrian. Estas pe\u00e7as fizeram sucesso absoluto, s\u00e3o a cara de uma \u00e9poca, nunca deixaram de encantar e t\u00eam lugar de destaque em qualquer enciclop\u00e9dia de moda que se preze.<\/figcaption><\/figure>\n<figure id=\"attachment_1186\" aria-describedby=\"caption-attachment-1186\" style=\"width: 500px\" class=\"wp-caption aligncenter\"><a href=\"https:\/\/bibliobelas.eba.ufmg.br\/wp-content\/uploads\/2011\/07\/moda-e-arte-yves-saint-laurent-matisse-lescargot-e-la-gerbe-1953.jpg\"><img loading=\"lazy\" decoding=\"async\" class=\"size-full wp-image-1186\" title=\"moda-e-arte-yves-saint-laurent-matisse-lescargot-e-la-gerbe-1953\" alt=\"\" src=\"https:\/\/bibliobelas.eba.ufmg.br\/wp-content\/uploads\/2011\/07\/moda-e-arte-yves-saint-laurent-matisse-lescargot-e-la-gerbe-1953.jpg\" width=\"500\" height=\"392\" srcset=\"https:\/\/bibliobelas.eba.ufmg.br\/wp-content\/uploads\/2011\/07\/moda-e-arte-yves-saint-laurent-matisse-lescargot-e-la-gerbe-1953.jpg 500w, https:\/\/bibliobelas.eba.ufmg.br\/wp-content\/uploads\/2011\/07\/moda-e-arte-yves-saint-laurent-matisse-lescargot-e-la-gerbe-1953-300x235.jpg 300w\" sizes=\"auto, (max-width: 500px) 100vw, 500px\" \/><\/a><figcaption id=\"caption-attachment-1186\" class=\"wp-caption-text\">MATISSE + SAINT-LAURENT: O estilista que mais prestou homenagens \u00e0s artes pl\u00e1sticas certamente foi Yves Saint-Laurent. Estes vestidos s\u00e3o estampados com formas e coloridos t\u00edpicos da obra de Henri Matisse. Os quadros La gerbe e L\u2019escargot, ambos de 1953, est\u00e3o aqui para provar.<\/figcaption><\/figure>\n<figure id=\"attachment_1179\" aria-describedby=\"caption-attachment-1179\" style=\"width: 500px\" class=\"wp-caption aligncenter\"><a href=\"https:\/\/bibliobelas.eba.ufmg.br\/wp-content\/uploads\/2011\/07\/moda-e-arte-yves-saint-laurent-1988-van-gogh.jpg\"><img loading=\"lazy\" decoding=\"async\" class=\"size-full wp-image-1179\" title=\"moda-e-arte-yves-saint-laurent-1988-van-gogh\" alt=\"\" src=\"https:\/\/bibliobelas.eba.ufmg.br\/wp-content\/uploads\/2011\/07\/moda-e-arte-yves-saint-laurent-1988-van-gogh.jpg\" width=\"500\" height=\"703\" srcset=\"https:\/\/bibliobelas.eba.ufmg.br\/wp-content\/uploads\/2011\/07\/moda-e-arte-yves-saint-laurent-1988-van-gogh.jpg 500w, https:\/\/bibliobelas.eba.ufmg.br\/wp-content\/uploads\/2011\/07\/moda-e-arte-yves-saint-laurent-1988-van-gogh-213x300.jpg 213w\" sizes=\"auto, (max-width: 500px) 100vw, 500px\" \/><\/a><figcaption id=\"caption-attachment-1179\" class=\"wp-caption-text\">VAN GOGH + SAINT-LAURENT: Os l\u00edrios e girass\u00f3is de Vincent Van Gogh, pintados no s\u00e9culo 19, foram parar nestas jaquetas que Yves Saint-Laurent desenhou em 1988.<\/figcaption><\/figure>\n<figure id=\"attachment_1178\" aria-describedby=\"caption-attachment-1178\" style=\"width: 500px\" class=\"wp-caption aligncenter\"><a href=\"https:\/\/bibliobelas.eba.ufmg.br\/wp-content\/uploads\/2011\/07\/moda-e-arte-yves-saint-laurent-1988-monet-e-bonnard.jpg\"><img loading=\"lazy\" decoding=\"async\" class=\"size-full wp-image-1178\" title=\"moda-e-arte-yves-saint-laurent-1988-monet-e-bonnard\" alt=\"\" src=\"https:\/\/bibliobelas.eba.ufmg.br\/wp-content\/uploads\/2011\/07\/moda-e-arte-yves-saint-laurent-1988-monet-e-bonnard.jpg\" width=\"500\" height=\"304\" srcset=\"https:\/\/bibliobelas.eba.ufmg.br\/wp-content\/uploads\/2011\/07\/moda-e-arte-yves-saint-laurent-1988-monet-e-bonnard.jpg 500w, https:\/\/bibliobelas.eba.ufmg.br\/wp-content\/uploads\/2011\/07\/moda-e-arte-yves-saint-laurent-1988-monet-e-bonnard-300x182.jpg 300w\" sizes=\"auto, (max-width: 500px) 100vw, 500px\" \/><\/a><figcaption id=\"caption-attachment-1178\" class=\"wp-caption-text\">MONET + SAINT-LAURENT: Na mesma cole\u00e7\u00e3o, Yves Saint-Laurent bebeu do c\u00e9lebre lago de ninf\u00e9ias de Claude Monet.<\/figcaption><\/figure>\n<figure id=\"attachment_1177\" aria-describedby=\"caption-attachment-1177\" style=\"width: 500px\" class=\"wp-caption aligncenter\"><a href=\"https:\/\/bibliobelas.eba.ufmg.br\/wp-content\/uploads\/2011\/07\/moda-e-arte-yves-saint-laurent-1965-serge-poliakoff-composicao-abstrata-de-1960-composicao-cerde-azul-e-vermelha-1965.jpg\"><img loading=\"lazy\" decoding=\"async\" class=\"size-full wp-image-1177\" title=\"moda-e-arte-yves-saint-laurent-1965-serge-poliakoff-composicao-abstrata-de-1960-composicao-cerde-azul-e-vermelha-1965\" alt=\"\" src=\"https:\/\/bibliobelas.eba.ufmg.br\/wp-content\/uploads\/2011\/07\/moda-e-arte-yves-saint-laurent-1965-serge-poliakoff-composicao-abstrata-de-1960-composicao-cerde-azul-e-vermelha-1965.jpg\" width=\"500\" height=\"767\" srcset=\"https:\/\/bibliobelas.eba.ufmg.br\/wp-content\/uploads\/2011\/07\/moda-e-arte-yves-saint-laurent-1965-serge-poliakoff-composicao-abstrata-de-1960-composicao-cerde-azul-e-vermelha-1965.jpg 500w, https:\/\/bibliobelas.eba.ufmg.br\/wp-content\/uploads\/2011\/07\/moda-e-arte-yves-saint-laurent-1965-serge-poliakoff-composicao-abstrata-de-1960-composicao-cerde-azul-e-vermelha-1965-196x300.jpg 196w\" sizes=\"auto, (max-width: 500px) 100vw, 500px\" \/><\/a><figcaption id=\"caption-attachment-1177\" class=\"wp-caption-text\">POLIAKOFF + SAINT-LAURENT: Em 1965, Yves Saint-Laurent transformou em roupa sua admira\u00e7\u00e3o pela produ\u00e7\u00e3o recente de Serge Poliakoff, como os quadros Composi\u00e7\u00e3o abstrata (1960) e Composi\u00e7\u00e3o verde, azul e vermelha (1965).<\/figcaption><\/figure>\n<figure id=\"attachment_1180\" aria-describedby=\"caption-attachment-1180\" style=\"width: 500px\" class=\"wp-caption aligncenter\"><a href=\"https:\/\/bibliobelas.eba.ufmg.br\/wp-content\/uploads\/2011\/07\/moda-e-arte-yves-saint-laurent-e-picasso-arlequim.jpg\"><img loading=\"lazy\" decoding=\"async\" class=\"size-full wp-image-1180\" title=\"moda-e-arte-yves-saint-laurent-e-picasso-arlequim\" alt=\"\" src=\"https:\/\/bibliobelas.eba.ufmg.br\/wp-content\/uploads\/2011\/07\/moda-e-arte-yves-saint-laurent-e-picasso-arlequim.jpg\" width=\"500\" height=\"575\" srcset=\"https:\/\/bibliobelas.eba.ufmg.br\/wp-content\/uploads\/2011\/07\/moda-e-arte-yves-saint-laurent-e-picasso-arlequim.jpg 500w, https:\/\/bibliobelas.eba.ufmg.br\/wp-content\/uploads\/2011\/07\/moda-e-arte-yves-saint-laurent-e-picasso-arlequim-261x300.jpg 261w\" sizes=\"auto, (max-width: 500px) 100vw, 500px\" \/><\/a><figcaption id=\"caption-attachment-1180\" class=\"wp-caption-text\">PICASSO + SAINT-LAURENT: Pablo Picasso pintou diversos arlequins ao longo da carreira, que depois inspiraram Yves Saint-Laurent a criar v\u00e1rias pe\u00e7as de destaque em suas cole\u00e7\u00f5es.<\/figcaption><\/figure>\n<figure id=\"attachment_1188\" aria-describedby=\"caption-attachment-1188\" style=\"width: 500px\" class=\"wp-caption aligncenter\"><a href=\"https:\/\/bibliobelas.eba.ufmg.br\/wp-content\/uploads\/2011\/07\/moda-e-arte-yves-saint-laurent-tom-wesselmann.jpg\"><img loading=\"lazy\" decoding=\"async\" class=\"size-full wp-image-1188\" title=\"moda-e-arte-yves-saint-laurent-tom-wesselmann\" alt=\"\" src=\"https:\/\/bibliobelas.eba.ufmg.br\/wp-content\/uploads\/2011\/07\/moda-e-arte-yves-saint-laurent-tom-wesselmann.jpg\" width=\"500\" height=\"1000\" srcset=\"https:\/\/bibliobelas.eba.ufmg.br\/wp-content\/uploads\/2011\/07\/moda-e-arte-yves-saint-laurent-tom-wesselmann.jpg 500w, https:\/\/bibliobelas.eba.ufmg.br\/wp-content\/uploads\/2011\/07\/moda-e-arte-yves-saint-laurent-tom-wesselmann-150x300.jpg 150w\" sizes=\"auto, (max-width: 500px) 100vw, 500px\" \/><\/a><figcaption id=\"caption-attachment-1188\" class=\"wp-caption-text\">WESSELMANN + SAINT-LAURENT: As silhuetas b\u00e1sicas e coloridas de Tom Wesselmann deram origem a vestidos ainda mais pop assinados por Yves Saint-Laurent.<\/figcaption><\/figure>\n<p style=\"text-align:center;\"><a href=\"https:\/\/bibliobelas.eba.ufmg.br\/wp-content\/uploads\/2011\/07\/moda-e-arte-yves-saint-laurent-georges-braque-02.jpg\"><img loading=\"lazy\" decoding=\"async\" class=\"aligncenter size-full wp-image-1183\" title=\"moda-e-arte-yves-saint-laurent-georges-braque-02\" alt=\"\" src=\"https:\/\/bibliobelas.eba.ufmg.br\/wp-content\/uploads\/2011\/07\/moda-e-arte-yves-saint-laurent-georges-braque-02.jpg\" width=\"500\" height=\"410\" srcset=\"https:\/\/bibliobelas.eba.ufmg.br\/wp-content\/uploads\/2011\/07\/moda-e-arte-yves-saint-laurent-georges-braque-02.jpg 500w, https:\/\/bibliobelas.eba.ufmg.br\/wp-content\/uploads\/2011\/07\/moda-e-arte-yves-saint-laurent-georges-braque-02-300x246.jpg 300w\" sizes=\"auto, (max-width: 500px) 100vw, 500px\" \/><\/a><a href=\"https:\/\/bibliobelas.eba.ufmg.br\/wp-content\/uploads\/2011\/07\/moda-e-arte-yves-saint-laurent-georges-braque-03.jpg\"><img loading=\"lazy\" decoding=\"async\" class=\"aligncenter size-full wp-image-1184\" title=\"moda-e-arte-yves-saint-laurent-georges-braque-03\" alt=\"\" src=\"https:\/\/bibliobelas.eba.ufmg.br\/wp-content\/uploads\/2011\/07\/moda-e-arte-yves-saint-laurent-georges-braque-03.jpg\" width=\"499\" height=\"268\" srcset=\"https:\/\/bibliobelas.eba.ufmg.br\/wp-content\/uploads\/2011\/07\/moda-e-arte-yves-saint-laurent-georges-braque-03.jpg 499w, https:\/\/bibliobelas.eba.ufmg.br\/wp-content\/uploads\/2011\/07\/moda-e-arte-yves-saint-laurent-georges-braque-03-300x161.jpg 300w\" sizes=\"auto, (max-width: 499px) 100vw, 499px\" \/><\/a><a href=\"https:\/\/bibliobelas.eba.ufmg.br\/wp-content\/uploads\/2011\/07\/moda-e-arte-yves-saint-laurent-georges-braque-04.jpg\"><img loading=\"lazy\" decoding=\"async\" class=\"aligncenter size-full wp-image-1185\" title=\"moda-e-arte-yves-saint-laurent-georges-braque-04\" alt=\"\" src=\"https:\/\/bibliobelas.eba.ufmg.br\/wp-content\/uploads\/2011\/07\/moda-e-arte-yves-saint-laurent-georges-braque-04.jpg\" width=\"500\" height=\"246\" srcset=\"https:\/\/bibliobelas.eba.ufmg.br\/wp-content\/uploads\/2011\/07\/moda-e-arte-yves-saint-laurent-georges-braque-04.jpg 500w, https:\/\/bibliobelas.eba.ufmg.br\/wp-content\/uploads\/2011\/07\/moda-e-arte-yves-saint-laurent-georges-braque-04-300x148.jpg 300w\" sizes=\"auto, (max-width: 500px) 100vw, 500px\" \/><\/a><\/p>\n<figure id=\"attachment_1181\" aria-describedby=\"caption-attachment-1181\" style=\"width: 500px\" class=\"wp-caption aligncenter\"><a href=\"https:\/\/bibliobelas.eba.ufmg.br\/wp-content\/uploads\/2011\/07\/moda-e-arte-yves-saint-laurent-georges-braque.jpg\"><img loading=\"lazy\" decoding=\"async\" class=\"size-full wp-image-1181\" title=\"moda-e-arte-yves-saint-laurent-georges-braque\" alt=\"\" src=\"https:\/\/bibliobelas.eba.ufmg.br\/wp-content\/uploads\/2011\/07\/moda-e-arte-yves-saint-laurent-georges-braque.jpg\" width=\"500\" height=\"347\" srcset=\"https:\/\/bibliobelas.eba.ufmg.br\/wp-content\/uploads\/2011\/07\/moda-e-arte-yves-saint-laurent-georges-braque.jpg 500w, https:\/\/bibliobelas.eba.ufmg.br\/wp-content\/uploads\/2011\/07\/moda-e-arte-yves-saint-laurent-georges-braque-300x208.jpg 300w\" sizes=\"auto, (max-width: 500px) 100vw, 500px\" \/><\/a><figcaption id=\"caption-attachment-1181\" class=\"wp-caption-text\">BRAQUE + SAINT-LAURENT: Foram muitas as vezes em que Yves Saint-Laurent se rendeu aos p\u00e1ssaros coloridos e instrumentos cubistas de Georges Braque.<\/figcaption><\/figure>\n<figure id=\"attachment_1172\" aria-describedby=\"caption-attachment-1172\" style=\"width: 499px\" class=\"wp-caption aligncenter\"><a href=\"https:\/\/bibliobelas.eba.ufmg.br\/wp-content\/uploads\/2011\/07\/moda-e-arte-john-galliano-para-dior-2007-white-center-de-mark-rothko-1950.jpg\"><img loading=\"lazy\" decoding=\"async\" class=\"size-full wp-image-1172\" title=\"moda-e-arte-john-galliano-para-dior-2007-white-center-de-mark-rothko-1950\" alt=\"\" src=\"https:\/\/bibliobelas.eba.ufmg.br\/wp-content\/uploads\/2011\/07\/moda-e-arte-john-galliano-para-dior-2007-white-center-de-mark-rothko-1950.jpg\" width=\"499\" height=\"693\" srcset=\"https:\/\/bibliobelas.eba.ufmg.br\/wp-content\/uploads\/2011\/07\/moda-e-arte-john-galliano-para-dior-2007-white-center-de-mark-rothko-1950.jpg 499w, https:\/\/bibliobelas.eba.ufmg.br\/wp-content\/uploads\/2011\/07\/moda-e-arte-john-galliano-para-dior-2007-white-center-de-mark-rothko-1950-216x300.jpg 216w\" sizes=\"auto, (max-width: 499px) 100vw, 499px\" \/><\/a><figcaption id=\"caption-attachment-1172\" class=\"wp-caption-text\">ROTHKO + GALLIANO: Por ocasi\u00e3o dos 60 anos da Dior, em 2007, John Galliano criou uma cole\u00e7\u00e3o inteira baseada em seus pintores favoritos. Este vestido, por exemplo, remete ao quadro White center, de Mark Rothko, pintado em 1950.<\/figcaption><\/figure>\n<figure id=\"attachment_1171\" aria-describedby=\"caption-attachment-1171\" style=\"width: 500px\" class=\"wp-caption aligncenter\"><a href=\"https:\/\/bibliobelas.eba.ufmg.br\/wp-content\/uploads\/2011\/07\/moda-e-arte-john-galliano-para-dior-2007-vetheuil-by-claude-monet-1901.jpg\"><img loading=\"lazy\" decoding=\"async\" class=\"size-full wp-image-1171\" title=\"moda-e-arte-john-galliano-para-dior-2007-vetheuil-by-claude-monet-1901\" alt=\"\" src=\"https:\/\/bibliobelas.eba.ufmg.br\/wp-content\/uploads\/2011\/07\/moda-e-arte-john-galliano-para-dior-2007-vetheuil-by-claude-monet-1901.jpg\" width=\"500\" height=\"310\" srcset=\"https:\/\/bibliobelas.eba.ufmg.br\/wp-content\/uploads\/2011\/07\/moda-e-arte-john-galliano-para-dior-2007-vetheuil-by-claude-monet-1901.jpg 500w, https:\/\/bibliobelas.eba.ufmg.br\/wp-content\/uploads\/2011\/07\/moda-e-arte-john-galliano-para-dior-2007-vetheuil-by-claude-monet-1901-300x186.jpg 300w\" sizes=\"auto, (max-width: 500px) 100vw, 500px\" \/><\/a><figcaption id=\"caption-attachment-1171\" class=\"wp-caption-text\">MONET + GALLIANO: Da mesma cole\u00e7\u00e3o, saiu este vestido com as cores da tela V\u00e9theuil (1901), de Claude Monet.<\/figcaption><\/figure>\n<figure id=\"attachment_1170\" aria-describedby=\"caption-attachment-1170\" style=\"width: 500px\" class=\"wp-caption aligncenter\"><a href=\"https:\/\/bibliobelas.eba.ufmg.br\/wp-content\/uploads\/2011\/07\/moda-e-arte-john-galliano-para-dior-2007-bailarinas-por-tras-das-coxias-degas.jpg\"><img loading=\"lazy\" decoding=\"async\" class=\"size-full wp-image-1170\" title=\"moda-e-arte-john-galliano-para-dior-2007-bailarinas-por-tras-das-coxias-degas\" alt=\"\" src=\"https:\/\/bibliobelas.eba.ufmg.br\/wp-content\/uploads\/2011\/07\/moda-e-arte-john-galliano-para-dior-2007-bailarinas-por-tras-das-coxias-degas.jpg\" width=\"500\" height=\"787\" srcset=\"https:\/\/bibliobelas.eba.ufmg.br\/wp-content\/uploads\/2011\/07\/moda-e-arte-john-galliano-para-dior-2007-bailarinas-por-tras-das-coxias-degas.jpg 500w, https:\/\/bibliobelas.eba.ufmg.br\/wp-content\/uploads\/2011\/07\/moda-e-arte-john-galliano-para-dior-2007-bailarinas-por-tras-das-coxias-degas-191x300.jpg 191w\" sizes=\"auto, (max-width: 500px) 100vw, 500px\" \/><\/a><figcaption id=\"caption-attachment-1170\" class=\"wp-caption-text\">DEGAS + GALLIANO: Os tons e texturas que estavam na saia de uma das Bailarinas na coxia, de Edgard Degas, pularam para o busto e os ombros da modelo de John Galliano em 2007.<\/figcaption><\/figure>\n<figure id=\"attachment_1164\" aria-describedby=\"caption-attachment-1164\" style=\"width: 481px\" class=\"wp-caption aligncenter\"><a href=\"https:\/\/bibliobelas.eba.ufmg.br\/wp-content\/uploads\/2011\/07\/moda-e-arte-albert-kriemler-para-akris-2009-monet.jpg\"><img loading=\"lazy\" decoding=\"async\" class=\"size-full wp-image-1164\" title=\"moda-e-arte-albert-kriemler-para-akris-2009-monet\" alt=\"\" src=\"https:\/\/bibliobelas.eba.ufmg.br\/wp-content\/uploads\/2011\/07\/moda-e-arte-albert-kriemler-para-akris-2009-monet.jpg\" width=\"481\" height=\"1735\" srcset=\"https:\/\/bibliobelas.eba.ufmg.br\/wp-content\/uploads\/2011\/07\/moda-e-arte-albert-kriemler-para-akris-2009-monet.jpg 481w, https:\/\/bibliobelas.eba.ufmg.br\/wp-content\/uploads\/2011\/07\/moda-e-arte-albert-kriemler-para-akris-2009-monet-83x300.jpg 83w, https:\/\/bibliobelas.eba.ufmg.br\/wp-content\/uploads\/2011\/07\/moda-e-arte-albert-kriemler-para-akris-2009-monet-284x1024.jpg 284w, https:\/\/bibliobelas.eba.ufmg.br\/wp-content\/uploads\/2011\/07\/moda-e-arte-albert-kriemler-para-akris-2009-monet-426x1536.jpg 426w\" sizes=\"auto, (max-width: 481px) 100vw, 481px\" \/><\/a><figcaption id=\"caption-attachment-1164\" class=\"wp-caption-text\">MONET + KRIEMLER: As pinceladas fluidas das telas impressionistas de Claude Monet voltaram \u00e0s passarelas em 2009, na cole\u00e7\u00e3o criada por Albert Kriemler para a grife Akris.<\/figcaption><\/figure>\n<figure id=\"attachment_1174\" aria-describedby=\"caption-attachment-1174\" style=\"width: 499px\" class=\"wp-caption aligncenter\"><a href=\"https:\/\/bibliobelas.eba.ufmg.br\/wp-content\/uploads\/2011\/07\/moda-e-arte-schiaparelli-1937-com-desenho-de-dali-19361.jpg\"><img loading=\"lazy\" decoding=\"async\" class=\"size-full wp-image-1174\" title=\"moda-e-arte-schiaparelli-1937-com-desenho-de-dali-19361\" alt=\"\" src=\"https:\/\/bibliobelas.eba.ufmg.br\/wp-content\/uploads\/2011\/07\/moda-e-arte-schiaparelli-1937-com-desenho-de-dali-19361.jpg\" width=\"499\" height=\"241\" srcset=\"https:\/\/bibliobelas.eba.ufmg.br\/wp-content\/uploads\/2011\/07\/moda-e-arte-schiaparelli-1937-com-desenho-de-dali-19361.jpg 499w, https:\/\/bibliobelas.eba.ufmg.br\/wp-content\/uploads\/2011\/07\/moda-e-arte-schiaparelli-1937-com-desenho-de-dali-19361-300x145.jpg 300w\" sizes=\"auto, (max-width: 499px) 100vw, 499px\" \/><\/a><figcaption id=\"caption-attachment-1174\" class=\"wp-caption-text\">DAL\u00cd + SCHIAPARELLI: Em 1936, Salvador Dal\u00ed criou seu Telefone-lagosta. No ano seguinte, Elsa Schiaparelli estampou em um vestido branco um desenho do mesmo crust\u00e1ceo, tamb\u00e9m assinado por Dal\u00ed.<\/figcaption><\/figure>\n<figure id=\"attachment_1175\" aria-describedby=\"caption-attachment-1175\" style=\"width: 500px\" class=\"wp-caption aligncenter\"><a href=\"https:\/\/bibliobelas.eba.ufmg.br\/wp-content\/uploads\/2011\/07\/moda-e-arte-schiaparelli-casaco-mesa-1936-dali-venus-de-milo-com-gavetas-1936.jpg\"><img loading=\"lazy\" decoding=\"async\" class=\"size-full wp-image-1175\" title=\"moda-e-arte-schiaparelli-casaco-mesa-1936-dali-venus-de-milo-com-gavetas-1936\" alt=\"\" src=\"https:\/\/bibliobelas.eba.ufmg.br\/wp-content\/uploads\/2011\/07\/moda-e-arte-schiaparelli-casaco-mesa-1936-dali-venus-de-milo-com-gavetas-1936.jpg\" width=\"500\" height=\"378\" srcset=\"https:\/\/bibliobelas.eba.ufmg.br\/wp-content\/uploads\/2011\/07\/moda-e-arte-schiaparelli-casaco-mesa-1936-dali-venus-de-milo-com-gavetas-1936.jpg 500w, https:\/\/bibliobelas.eba.ufmg.br\/wp-content\/uploads\/2011\/07\/moda-e-arte-schiaparelli-casaco-mesa-1936-dali-venus-de-milo-com-gavetas-1936-300x227.jpg 300w\" sizes=\"auto, (max-width: 500px) 100vw, 500px\" \/><\/a><figcaption id=\"caption-attachment-1175\" class=\"wp-caption-text\">DAL\u00cd + SCHIAPARELLI: Assim que Salvador Dal\u00ed mostrou ao mundo sua V\u00eanus de Milo com gavetas, em 1936, Elsa Schiaparelli lan\u00e7ou seu casaco-mesa, que fazia um paralelo com a escultura surrealista, s\u00f3 que com bolsos e bot\u00f5es.<\/figcaption><\/figure>\n<figure id=\"attachment_1166\" aria-describedby=\"caption-attachment-1166\" style=\"width: 471px\" class=\"wp-caption aligncenter\"><a href=\"https:\/\/bibliobelas.eba.ufmg.br\/wp-content\/uploads\/2011\/07\/moda-e-arte-emanuel-ungaro-parallele-andy-warhol-flowers-90s.jpg\"><img loading=\"lazy\" decoding=\"async\" class=\"size-full wp-image-1166\" title=\"moda-e-arte-emanuel-ungaro-parallele-andy-warhol-flowers-90s\" alt=\"\" src=\"https:\/\/bibliobelas.eba.ufmg.br\/wp-content\/uploads\/2011\/07\/moda-e-arte-emanuel-ungaro-parallele-andy-warhol-flowers-90s.jpg\" width=\"471\" height=\"530\" srcset=\"https:\/\/bibliobelas.eba.ufmg.br\/wp-content\/uploads\/2011\/07\/moda-e-arte-emanuel-ungaro-parallele-andy-warhol-flowers-90s.jpg 471w, https:\/\/bibliobelas.eba.ufmg.br\/wp-content\/uploads\/2011\/07\/moda-e-arte-emanuel-ungaro-parallele-andy-warhol-flowers-90s-267x300.jpg 267w\" sizes=\"auto, (max-width: 471px) 100vw, 471px\" \/><\/a><figcaption id=\"caption-attachment-1166\" class=\"wp-caption-text\">WARHOL + UNGARO: Nos anos 90, Emanuel Ungaro criou para a Parall\u00e8le sua releitura das flores em cores saturadas de Andy Warhol.<\/figcaption><\/figure>\n<figure id=\"attachment_1176\" aria-describedby=\"caption-attachment-1176\" style=\"width: 500px\" class=\"wp-caption aligncenter\"><a href=\"https:\/\/bibliobelas.eba.ufmg.br\/wp-content\/uploads\/2011\/07\/moda-e-arte-vestido-de-papel-da-sopa-campbells-andy-warhol.jpg\"><img loading=\"lazy\" decoding=\"async\" class=\"size-full wp-image-1176\" title=\"moda-e-arte-vestido-de-papel-da-sopa-campbells-andy-warhol\" alt=\"\" src=\"https:\/\/bibliobelas.eba.ufmg.br\/wp-content\/uploads\/2011\/07\/moda-e-arte-vestido-de-papel-da-sopa-campbells-andy-warhol.jpg\" width=\"500\" height=\"368\" srcset=\"https:\/\/bibliobelas.eba.ufmg.br\/wp-content\/uploads\/2011\/07\/moda-e-arte-vestido-de-papel-da-sopa-campbells-andy-warhol.jpg 500w, https:\/\/bibliobelas.eba.ufmg.br\/wp-content\/uploads\/2011\/07\/moda-e-arte-vestido-de-papel-da-sopa-campbells-andy-warhol-300x221.jpg 300w\" sizes=\"auto, (max-width: 500px) 100vw, 500px\" \/><\/a><figcaption id=\"caption-attachment-1176\" class=\"wp-caption-text\">WARHOL + CAMPBELL\u2019S: Nos anos 60, Andy Warhol transformou em arte os r\u00f3tulos das sopas Campbell\u2019s. E a marca de comida enlatada aproveitou o burburinho para transformar a arte pop de Warhol em roupa. O vestido era 80% celulose e 20% algod\u00e3o, n\u00e3o podendo ser lavado nem passado. Hoje \u00e9 item de colecionador.<\/figcaption><\/figure>\n<figure id=\"attachment_1167\" aria-describedby=\"caption-attachment-1167\" style=\"width: 500px\" class=\"wp-caption aligncenter\"><a href=\"https:\/\/bibliobelas.eba.ufmg.br\/wp-content\/uploads\/2011\/07\/moda-e-arte-hannah-hoyle-2008-andy-warhols-marilyn.jpg\"><img loading=\"lazy\" decoding=\"async\" class=\"size-full wp-image-1167\" title=\"moda-e-arte-hannah-hoyle-2008-andy-warhols-marilyn\" alt=\"\" src=\"https:\/\/bibliobelas.eba.ufmg.br\/wp-content\/uploads\/2011\/07\/moda-e-arte-hannah-hoyle-2008-andy-warhols-marilyn.jpg\" width=\"500\" height=\"789\" srcset=\"https:\/\/bibliobelas.eba.ufmg.br\/wp-content\/uploads\/2011\/07\/moda-e-arte-hannah-hoyle-2008-andy-warhols-marilyn.jpg 500w, https:\/\/bibliobelas.eba.ufmg.br\/wp-content\/uploads\/2011\/07\/moda-e-arte-hannah-hoyle-2008-andy-warhols-marilyn-190x300.jpg 190w\" sizes=\"auto, (max-width: 500px) 100vw, 500px\" \/><\/a><figcaption id=\"caption-attachment-1167\" class=\"wp-caption-text\">WARHOL + HOYLE: Em 2008, a onipresente Marilyn Monroe de Andy Warhol se revelou por entre as dobras de um vestido plissado de Hannah Hoyle.<\/figcaption><\/figure>\n<figure id=\"attachment_1173\" aria-describedby=\"caption-attachment-1173\" style=\"width: 500px\" class=\"wp-caption aligncenter\"><a href=\"https:\/\/bibliobelas.eba.ufmg.br\/wp-content\/uploads\/2011\/07\/moda-e-arte-lee-rudd-simpson-lichtensteins-sunrise-1965.jpg\"><img loading=\"lazy\" decoding=\"async\" class=\"size-full wp-image-1173\" title=\"moda-e-arte-lee-rudd-simpson-lichtensteins-sunrise-1965\" alt=\"\" src=\"https:\/\/bibliobelas.eba.ufmg.br\/wp-content\/uploads\/2011\/07\/moda-e-arte-lee-rudd-simpson-lichtensteins-sunrise-1965.jpg\" width=\"500\" height=\"261\" srcset=\"https:\/\/bibliobelas.eba.ufmg.br\/wp-content\/uploads\/2011\/07\/moda-e-arte-lee-rudd-simpson-lichtensteins-sunrise-1965.jpg 500w, https:\/\/bibliobelas.eba.ufmg.br\/wp-content\/uploads\/2011\/07\/moda-e-arte-lee-rudd-simpson-lichtensteins-sunrise-1965-300x157.jpg 300w\" sizes=\"auto, (max-width: 500px) 100vw, 500px\" \/><\/a><figcaption id=\"caption-attachment-1173\" class=\"wp-caption-text\">LICHTENSTEIN + SIMPSON: Em 1965, Lee Rudd Simpson criou este vestido com desenho de Roy Lichtenstein, cuja obra cont\u00e9m v\u00e1rias vers\u00f5es pop art do p\u00f4r-do-sol.<\/figcaption><\/figure>\n<figure id=\"attachment_1168\" aria-describedby=\"caption-attachment-1168\" style=\"width: 500px\" class=\"wp-caption aligncenter\"><a href=\"https:\/\/bibliobelas.eba.ufmg.br\/wp-content\/uploads\/2011\/07\/moda-e-arte-jean-charles-castelbajac-keith-haring-2002.jpg\"><img loading=\"lazy\" decoding=\"async\" class=\"size-full wp-image-1168\" title=\"moda-e-arte-jean-charles-castelbajac-keith-haring-2002\" alt=\"\" src=\"https:\/\/bibliobelas.eba.ufmg.br\/wp-content\/uploads\/2011\/07\/moda-e-arte-jean-charles-castelbajac-keith-haring-2002.jpg\" width=\"500\" height=\"539\" srcset=\"https:\/\/bibliobelas.eba.ufmg.br\/wp-content\/uploads\/2011\/07\/moda-e-arte-jean-charles-castelbajac-keith-haring-2002.jpg 500w, https:\/\/bibliobelas.eba.ufmg.br\/wp-content\/uploads\/2011\/07\/moda-e-arte-jean-charles-castelbajac-keith-haring-2002-278x300.jpg 278w\" sizes=\"auto, (max-width: 500px) 100vw, 500px\" \/><\/a><figcaption id=\"caption-attachment-1168\" class=\"wp-caption-text\">HARING + CASTELBAJAC: O pr\u00f3prio Keith Haring costumava desenhar suas formas humanas caracter\u00edsticas em jaquetas e cal\u00e7as, criando roupas que hoje valem como obras de arte. Mas a pe\u00e7a acima \u00e9 de 2002, assinada por Jean-Charles Castelbajac.<\/figcaption><\/figure>\n<figure id=\"attachment_1169\" aria-describedby=\"caption-attachment-1169\" style=\"width: 500px\" class=\"wp-caption aligncenter\"><a href=\"https:\/\/bibliobelas.eba.ufmg.br\/wp-content\/uploads\/2011\/07\/moda-e-arte-jean-charles-castelbajac-magritte.jpg\"><img loading=\"lazy\" decoding=\"async\" class=\"size-full wp-image-1169\" title=\"moda-e-arte-jean-charles-castelbajac-magritte\" alt=\"\" src=\"https:\/\/bibliobelas.eba.ufmg.br\/wp-content\/uploads\/2011\/07\/moda-e-arte-jean-charles-castelbajac-magritte.jpg\" width=\"500\" height=\"250\" srcset=\"https:\/\/bibliobelas.eba.ufmg.br\/wp-content\/uploads\/2011\/07\/moda-e-arte-jean-charles-castelbajac-magritte.jpg 500w, https:\/\/bibliobelas.eba.ufmg.br\/wp-content\/uploads\/2011\/07\/moda-e-arte-jean-charles-castelbajac-magritte-300x150.jpg 300w\" sizes=\"auto, (max-width: 500px) 100vw, 500px\" \/><\/a><figcaption id=\"caption-attachment-1169\" class=\"wp-caption-text\">MAGRITTE + CASTELBAJAC: O mesmo Jean-Charles Castelbajac emulou a famosa caligrafia de Ren\u00e9 Magritte neste robe que traz a frase \u201cJe suis toute nue en dessous\u201d (algo como \u201cN\u00e3o estou usando nada por baixo\u201d). Como n\u00e3o lembrar da ironia hist\u00f3rica da tela La Trahison des images (Ceci n\u2019est pas une pipe), feita por Magritte em 1929?<\/figcaption><\/figure>\n<figure id=\"attachment_1165\" aria-describedby=\"caption-attachment-1165\" style=\"width: 500px\" class=\"wp-caption aligncenter\"><a href=\"https:\/\/bibliobelas.eba.ufmg.br\/wp-content\/uploads\/2011\/07\/moda-e-arte-alexander-mcqueen-escher-2009.jpg\"><img loading=\"lazy\" decoding=\"async\" class=\"size-full wp-image-1165\" title=\"moda-e-arte-alexander-mcqueen-escher-2009\" alt=\"\" src=\"https:\/\/bibliobelas.eba.ufmg.br\/wp-content\/uploads\/2011\/07\/moda-e-arte-alexander-mcqueen-escher-2009.jpg\" width=\"500\" height=\"1017\" srcset=\"https:\/\/bibliobelas.eba.ufmg.br\/wp-content\/uploads\/2011\/07\/moda-e-arte-alexander-mcqueen-escher-2009.jpg 500w, https:\/\/bibliobelas.eba.ufmg.br\/wp-content\/uploads\/2011\/07\/moda-e-arte-alexander-mcqueen-escher-2009-147x300.jpg 147w\" sizes=\"auto, (max-width: 500px) 100vw, 500px\" \/><\/a><figcaption id=\"caption-attachment-1165\" class=\"wp-caption-text\">ESCHER + MCQUEEN: As ilus\u00f5es inquietantes de M. C. Escher tornaram-se alta costura em 2009, pelas m\u00e3os de Alexander McQueen. O estilista desfilou vestidos geniais, cujas estampas mostravam uma t\u00edpica (e falsificad\u00edssima) padronagem da Givenchy se transformar nos p\u00e1ssaros transmorfos do desenhista holand\u00eas.<\/figcaption><\/figure>\n<p><a href=\"https:\/\/bibliobelas.eba.ufmg.br\/wp-content\/uploads\/2014\/03\/12814964115_987c17ca06_o.jpg\"><img loading=\"lazy\" decoding=\"async\" class=\"aligncenter size-full wp-image-3498\" alt=\"12814964115_987c17ca06_o\" src=\"https:\/\/bibliobelas.eba.ufmg.br\/wp-content\/uploads\/2014\/03\/12814964115_987c17ca06_o.jpg\" width=\"500\" height=\"307\" srcset=\"https:\/\/bibliobelas.eba.ufmg.br\/wp-content\/uploads\/2014\/03\/12814964115_987c17ca06_o.jpg 998w, https:\/\/bibliobelas.eba.ufmg.br\/wp-content\/uploads\/2014\/03\/12814964115_987c17ca06_o-300x185.jpg 300w, https:\/\/bibliobelas.eba.ufmg.br\/wp-content\/uploads\/2014\/03\/12814964115_987c17ca06_o-768x472.jpg 768w\" sizes=\"auto, (max-width: 500px) 100vw, 500px\" \/><\/a> <a href=\"https:\/\/bibliobelas.eba.ufmg.br\/wp-content\/uploads\/2014\/03\/12805645633_b57f3d47b1_o.jpg\"><img loading=\"lazy\" decoding=\"async\" class=\"aligncenter size-full wp-image-3499\" alt=\"12805645633_b57f3d47b1_o\" src=\"https:\/\/bibliobelas.eba.ufmg.br\/wp-content\/uploads\/2014\/03\/12805645633_b57f3d47b1_o.jpg\" width=\"500\" height=\"346\" srcset=\"https:\/\/bibliobelas.eba.ufmg.br\/wp-content\/uploads\/2014\/03\/12805645633_b57f3d47b1_o.jpg 1019w, https:\/\/bibliobelas.eba.ufmg.br\/wp-content\/uploads\/2014\/03\/12805645633_b57f3d47b1_o-300x208.jpg 300w, https:\/\/bibliobelas.eba.ufmg.br\/wp-content\/uploads\/2014\/03\/12805645633_b57f3d47b1_o-768x532.jpg 768w\" sizes=\"auto, (max-width: 500px) 100vw, 500px\" \/><\/a><\/p>\n<p style=\"text-align:justify;\">Ap\u00f3s o tigre de Kenzo, a face de um animal na frente de um su\u00e9ter\u00a0 parece ter perdido a gra\u00e7a, certo? N\u00e3o na passarela italiana, onde muitas faces de animais puderam ser vistos em estampas.\u00a0<a title=\"clique aqui para uivar para a lua\" href=\"http:\/\/www.cameramoda.it\/en\/images\/4786\/0\/\" target=\"_blank\" rel=\"noopener\">Antonio Marras<\/a>\u00a0trouxe o lobo, de forma espelhada, acompanhado por adornos ou simplesmente com a face estampada. Mas n\u00e3o foi s\u00f3 o que chamou a aten\u00e7\u00e3o.<\/p>\n<ol>\n<li style=\"text-align:justify;\">Na primeira imagem, as figuras geom\u00e9tricas na roupa lembram\u00a0<a title=\"s\u00f3 clique \" href=\"http:\/\/ein-bleistift-und-radiergummi.tumblr.com\/post\/44077886220\" target=\"_blank\" rel=\"noopener\"><em>Composition Proun GBA 4<\/em>, c. 1923<\/a>\u00a0do pintor suprematista e, dentre outras coisas, arquiteto &#8211;\u00a0 El Lissitzky, o qual criou a instala\u00e7\u00e3o\u00a0<a title=\"se voc\u00ea \u00e9 um arquiteto, clique aqui; se n\u00e3o, clique aqui\" href=\"http:\/\/artwhat.tumblr.com\/post\/5005244207\/el-lissitzky-proun-room-1923-didnt-create\" target=\"_blank\" rel=\"noopener\"><em>Proun Room<\/em>,<\/a>1923. Acredito que tamb\u00e9m poderia ser mencionada aqui a obra do mentor de Lissitzky,\u00a0<strong>Kazimir Malevich<\/strong>,<a title=\"\u043d\u0430\u0436\u043c\u0438\u0442\u0435 \u0437\u0434\u0435\u0441\u044c\" href=\"http:\/\/www.ibiblio.org\/wm\/paint\/auth\/malevich\/sup\/malevich.supremus-58.jpg\" target=\"_blank\" rel=\"noopener\"><em>Suprematism (Supremus No. 58)<\/em>,<\/a>\u00a01916\u00a0 e a obra de\u00a0<strong>L\u00e1szl\u00f3 Moholy-Nagy,\u00a0<\/strong><em><a title=\"n\u00e3o seja quadrado, clique aqui\" href=\"http:\/\/www.moma.org\/collection\/browse_results.php?object_id=74412\" target=\"_blank\" rel=\"noopener\">Composition from Masters\u2019 Portfolio of the Staatliches Bauhaus (Meistermappe des Staalichen Bauhauses)<\/a>,\u00a0<\/em>1923.<\/li>\n<li style=\"text-align:justify;\">Na segunda imagem, se pensarmos que A. Marras concretizou aquilo que\u00a0<strong>Ennio Morlotti<\/strong>, em\u00a0<a title=\"abstraia e clique\" href=\"http:\/\/2.bp.blogspot.com\/-NiKVhV-4wAM\/UDCQqxR8hVI\/AAAAAAAAGO4\/R3bSYSgWjVs\/s1600\/7-1-Ennio+Morlotti-Fiori.jpg\" target=\"_blank\" rel=\"noopener\">Fiori,<\/a>\u00a01956,\u00a0 pintou abstratamente, ai sim, podemos perceber uma correla\u00e7\u00e3o.<\/li>\n<\/ol>\n<p><a href=\"https:\/\/bibliobelas.eba.ufmg.br\/wp-content\/uploads\/2014\/03\/12809389373_1a653d5907_o.jpg\"><img loading=\"lazy\" decoding=\"async\" class=\"aligncenter size-full wp-image-3500\" alt=\"12809389373_1a653d5907_o\" src=\"https:\/\/bibliobelas.eba.ufmg.br\/wp-content\/uploads\/2014\/03\/12809389373_1a653d5907_o.jpg\" width=\"500\" height=\"384\" srcset=\"https:\/\/bibliobelas.eba.ufmg.br\/wp-content\/uploads\/2014\/03\/12809389373_1a653d5907_o.jpg 1041w, https:\/\/bibliobelas.eba.ufmg.br\/wp-content\/uploads\/2014\/03\/12809389373_1a653d5907_o-300x231.jpg 300w, https:\/\/bibliobelas.eba.ufmg.br\/wp-content\/uploads\/2014\/03\/12809389373_1a653d5907_o-1024x788.jpg 1024w, https:\/\/bibliobelas.eba.ufmg.br\/wp-content\/uploads\/2014\/03\/12809389373_1a653d5907_o-768x591.jpg 768w\" sizes=\"auto, (max-width: 500px) 100vw, 500px\" \/><\/a> <a href=\"https:\/\/bibliobelas.eba.ufmg.br\/wp-content\/uploads\/2014\/03\/12816887835_7223898dea_o.jpg\"><img loading=\"lazy\" decoding=\"async\" class=\"aligncenter size-full wp-image-3501\" alt=\"12816887835_7223898dea_o\" src=\"https:\/\/bibliobelas.eba.ufmg.br\/wp-content\/uploads\/2014\/03\/12816887835_7223898dea_o.jpg\" width=\"500\" height=\"385\" srcset=\"https:\/\/bibliobelas.eba.ufmg.br\/wp-content\/uploads\/2014\/03\/12816887835_7223898dea_o.jpg 928w, https:\/\/bibliobelas.eba.ufmg.br\/wp-content\/uploads\/2014\/03\/12816887835_7223898dea_o-300x231.jpg 300w, https:\/\/bibliobelas.eba.ufmg.br\/wp-content\/uploads\/2014\/03\/12816887835_7223898dea_o-768x593.jpg 768w\" sizes=\"auto, (max-width: 500px) 100vw, 500px\" \/><\/a><\/p>\n<p style=\"text-align:justify;\">Blocos de cores formando desenhos geom\u00e9tricos (e criando um bonito efeito nas saias com pregas e n\u00e3o s\u00f3). \u00c9 o que pode ser visto na cole\u00e7\u00e3o de\u00a0<a title=\"s\u00f3 os fortes clicar\u00e3o\" href=\"http:\/\/www.cameramoda.it\/en\/images\/4777\/295\/\" target=\"_blank\" rel=\"noopener\">Bottega Veneta<\/a>. Com o desejo de levar energia e seguran\u00e7a para as mulheres, a maison trouxe o construtivismo para a passarela.<\/p>\n<ol style=\"text-align:justify;\">\n<ol>\n<li>Como movimento que deu origem ao construtivismo, tamb\u00e9m pode-se mencionar aqui a influ\u00eancia do abstracionismo geom\u00e9trico de\u00a0<strong><a title=\"s\u00f3 clique\" href=\"http:\/\/www.undo.net\/it\/mostra\/37596\" target=\"_blank\" rel=\"noopener\">Alberto Moretti<\/a><\/strong>\u00a0\u2013 o pintor &#8211;\u00a0 n\u00e3o s\u00f3 na estampa do casaco como tamb\u00e9m em dois vestidos mais, sendo que em um deles tem como base as cores\u00a0<a title=\"para matar a curiosidade, clique aqui\" href=\"http:\/\/www.cameramoda.it\/rimg\/XMTtjbm1pX2Ntc3BpY3R1cmU7aW1hZ2U7aWQ7NTE1MzY%3D__W456H666R15BTRANSP___9e73df9d.jpg\" target=\"_blank\" rel=\"noopener\">preta e verde<\/a>.<\/li>\n<li>Duas cores diferentes de couro foram recortadas em formas geom\u00e9tricas irregulares e costuradas no vestido preto de comprimento m\u00e9dio, criando assim um efeito similar ao das cores e formas integradas da obra de<strong>Vladimir Lebedev<\/strong>,\u00a0<a title=\"para construir ___________ (preencha a frase), clique aqui\" href=\"http:\/\/www.arthistoryarchive.com\/arthistory\/constructivism\/images\/VladimirLebedev-Relief-1920.jpg\" target=\"_blank\" rel=\"noopener\"><em>Relief<\/em>, 1920<\/a>. Eis o construtivismo russo.<\/li>\n<\/ol>\n<\/ol>\n<p style=\"text-align:justify;\"><a href=\"https:\/\/bibliobelas.eba.ufmg.br\/wp-content\/uploads\/2014\/03\/12821417584_ef9a596bb3_b.jpg\"><img loading=\"lazy\" decoding=\"async\" class=\"aligncenter size-full wp-image-3502\" alt=\"12821417584_ef9a596bb3_b\" src=\"https:\/\/bibliobelas.eba.ufmg.br\/wp-content\/uploads\/2014\/03\/12821417584_ef9a596bb3_b.jpg\" width=\"500\" height=\"337\" srcset=\"https:\/\/bibliobelas.eba.ufmg.br\/wp-content\/uploads\/2014\/03\/12821417584_ef9a596bb3_b.jpg 1024w, https:\/\/bibliobelas.eba.ufmg.br\/wp-content\/uploads\/2014\/03\/12821417584_ef9a596bb3_b-300x203.jpg 300w, https:\/\/bibliobelas.eba.ufmg.br\/wp-content\/uploads\/2014\/03\/12821417584_ef9a596bb3_b-768x519.jpg 768w\" sizes=\"auto, (max-width: 500px) 100vw, 500px\" \/><\/a> <a href=\"https:\/\/bibliobelas.eba.ufmg.br\/wp-content\/uploads\/2014\/03\/12821503094_af39946dce_b.jpg\"><img loading=\"lazy\" decoding=\"async\" class=\"aligncenter size-full wp-image-3503\" alt=\"12821503094_af39946dce_b\" src=\"https:\/\/bibliobelas.eba.ufmg.br\/wp-content\/uploads\/2014\/03\/12821503094_af39946dce_b.jpg\" width=\"500\" height=\"346\" srcset=\"https:\/\/bibliobelas.eba.ufmg.br\/wp-content\/uploads\/2014\/03\/12821503094_af39946dce_b.jpg 1024w, https:\/\/bibliobelas.eba.ufmg.br\/wp-content\/uploads\/2014\/03\/12821503094_af39946dce_b-300x208.jpg 300w, https:\/\/bibliobelas.eba.ufmg.br\/wp-content\/uploads\/2014\/03\/12821503094_af39946dce_b-768x533.jpg 768w\" sizes=\"auto, (max-width: 500px) 100vw, 500px\" \/><\/a><\/p>\n<p style=\"text-align:justify;\">A marca prop\u00f5e uma mulher com muitas refer\u00eancias, uma mulher que coleciona trajes \u00e9tnicos e os veste, sortida e inteligentemente. Se o nomadismo e a boemia explicam bem a cole\u00e7\u00e3o de\u00a0<a title=\"viage mundo afora em 40 outfits\" href=\"http:\/\/www.cameramoda.it\/en\/images\/4764\/291\/\" target=\"_blank\" rel=\"noopener\">Etro<\/a>, Gustav Klimt tamb\u00e9m! O alto teor de informa\u00e7\u00e3o de moda contida em suas obras sempre ser\u00e1 fonte para decodifica\u00e7\u00f5es e interpreta\u00e7\u00f5es. Nesta cole\u00e7\u00e3o, as cria\u00e7\u00f5es do pintor serviram de base para a riqueza de detalhes dos tecidos nobres.<\/p>\n<ol style=\"text-align:justify;\">\n<li>Aqui se requer um pouco mais aten\u00e7\u00e3o. Repararam no desenho em relevo do vestido (ou seria saia e blusa?) em veludo devor\u00ea ? Agora, vejam como se assemelha ao desenho contido no canto superior direito de\u00a0<a title=\"o clique simboliza o amor atrav\u00e9s do teu toque, al\u00e9m disso voc\u00ea poder\u00e1s ver a pintura por completo\" href=\"http:\/\/illicitculturalproperty.com\/wp-content\/uploads\/2013\/10\/beethovenfriezeklimt.jpg\" target=\"_blank\" rel=\"noopener\"><em>Friso de Beethoven<\/em>, 1902<\/a>.\u00a0 Al\u00e9m disso, o padr\u00e3o de cores da saia na pintura se repete na estampa do casaco.<\/li>\n<li>Na segunda, tanto a modelo quando a mulher em\u00a0<em><a title=\"s\u00f3 clique\" href=\"http:\/\/www.klimt.com\/en\/gallery\/late-works\/klimt-bildnis-friederike-maria-beer-1916.ihtml\" target=\"_blank\" rel=\"noopener\">Portrait of Friederike Maria Beer<\/a><\/em>, 1916 vestem macac\u00e3o (ou seria cal\u00e7a e blusa?) com estampas semelhantes, mas com um detalhe: o que eram ondula\u00e7\u00f5es na pintura se tornaram estampa paisley na cole\u00e7\u00e3o.<\/li>\n<\/ol>\n<p style=\"text-align:justify;\"><a style=\"color:#df0000;\" href=\"https:\/\/bibliobelas.eba.ufmg.br\/wp-content\/uploads\/2014\/03\/12976101163_6a3a89234f_b.jpg\"><img loading=\"lazy\" decoding=\"async\" class=\"aligncenter size-full wp-image-3505\" alt=\"12976101163_6a3a89234f_b\" src=\"https:\/\/bibliobelas.eba.ufmg.br\/wp-content\/uploads\/2014\/03\/12976101163_6a3a89234f_b.jpg\" width=\"500\" height=\"348\" srcset=\"https:\/\/bibliobelas.eba.ufmg.br\/wp-content\/uploads\/2014\/03\/12976101163_6a3a89234f_b.jpg 1024w, https:\/\/bibliobelas.eba.ufmg.br\/wp-content\/uploads\/2014\/03\/12976101163_6a3a89234f_b-300x209.jpg 300w, https:\/\/bibliobelas.eba.ufmg.br\/wp-content\/uploads\/2014\/03\/12976101163_6a3a89234f_b-768x536.jpg 768w\" sizes=\"auto, (max-width: 500px) 100vw, 500px\" \/><\/a><a href=\"https:\/\/bibliobelas.eba.ufmg.br\/wp-content\/uploads\/2014\/03\/12975955355_4048637808_b.jpg\"><img loading=\"lazy\" decoding=\"async\" class=\"aligncenter size-full wp-image-3504\" alt=\"12975955355_4048637808_b\" src=\"https:\/\/bibliobelas.eba.ufmg.br\/wp-content\/uploads\/2014\/03\/12975955355_4048637808_b.jpg\" width=\"500\" height=\"370\" srcset=\"https:\/\/bibliobelas.eba.ufmg.br\/wp-content\/uploads\/2014\/03\/12975955355_4048637808_b.jpg 1024w, https:\/\/bibliobelas.eba.ufmg.br\/wp-content\/uploads\/2014\/03\/12975955355_4048637808_b-300x222.jpg 300w, https:\/\/bibliobelas.eba.ufmg.br\/wp-content\/uploads\/2014\/03\/12975955355_4048637808_b-768x569.jpg 768w\" sizes=\"auto, (max-width: 500px) 100vw, 500px\" \/><\/a>Aquilo que subitamente se pode atribuir como inspira\u00e7\u00e3o para a cole\u00e7\u00e3o de Gabriele Colangelo \u00e9 a s\u00e9rie Black Watercolours de Joachim Bandau (1, 2), que re\u00fane duas caracteristicas do pintor e escultor: o minimalismo e o foco na interse\u00e7\u00e3o das formas geom\u00e9tricas. As aquarelas em tons de cinzas dos ret\u00e2ngulos transparentes foram sobrepostas em um modo que sugere movimento. Colangelo revisitou essas refer\u00eancias e as decodificou em sua cole\u00e7\u00e3o em duas formas: em estampa (como podemos ver no vestido da primeira imagem); e em pain\u00e9is de tecido sobrepostos que v\u00e3o gradativamente do branco ao preto, passando por escalas de cinza, assim como no outfit da segunda imagem.<\/p>\n<p style=\"text-align:justify;\"><a href=\"https:\/\/bibliobelas.eba.ufmg.br\/wp-content\/uploads\/2014\/03\/12961635113_78105f456b_b.jpg\"><img loading=\"lazy\" decoding=\"async\" class=\"aligncenter size-full wp-image-3506\" alt=\"12961635113_78105f456b_b\" src=\"https:\/\/bibliobelas.eba.ufmg.br\/wp-content\/uploads\/2014\/03\/12961635113_78105f456b_b.jpg\" width=\"500\" height=\"390\" srcset=\"https:\/\/bibliobelas.eba.ufmg.br\/wp-content\/uploads\/2014\/03\/12961635113_78105f456b_b.jpg 1024w, https:\/\/bibliobelas.eba.ufmg.br\/wp-content\/uploads\/2014\/03\/12961635113_78105f456b_b-300x234.jpg 300w, https:\/\/bibliobelas.eba.ufmg.br\/wp-content\/uploads\/2014\/03\/12961635113_78105f456b_b-768x599.jpg 768w\" sizes=\"auto, (max-width: 500px) 100vw, 500px\" \/><\/a><\/p>\n<p style=\"text-align:justify;\">Ainda que sem Jil Sander, a cole\u00e7\u00e3o de inverno masculina da marca conseguiu se tornar mais interessante na medida em que usou uma textura com padr\u00e3o semelhante ao do pontilhismo (pontos de cor pura s\u00e3o aplicados em padr\u00f5es de modo a formar uma imagem) para conferir um ar despojado \u00e0 alfaiataria minimalista, que \u00e9 inerente \u00e0 maison. Esta mesma textura, criada atrav\u00e9s de semiesferas em relevo, foi incorporada na\u00a0<a title=\"marque o ponto clicando aqui\" href=\"http:\/\/www.cameramoda.it\/en\/images\/4791\/300\/\" target=\"_blank\" rel=\"noopener\">cole\u00e7\u00e3o feminina<\/a>, atribuindo criatividade e sensorialismo ao conceito minimalista. Como exemplo da t\u00e9cnica do pontilhismo (tamb\u00e9m chamado divisionismo), selecionei a obra de\u00a0<strong>George Seurat<\/strong>,\u00a0<em><a title=\"clique aqui para co\u00e7ar as costas da modelo\" href=\"http:\/\/arteehistoriaepci.blogspot.com.br\/2012\/06\/para-alem-do-impressionismo-m8.html\" target=\"_blank\" rel=\"noopener\">Modelo de Costas<\/a><\/em>, 1887.<\/p>\n<p style=\"text-align:justify;\"><a href=\"https:\/\/bibliobelas.eba.ufmg.br\/wp-content\/uploads\/2014\/03\/12955434034_a9fdde9dcb_b.jpg\"><img loading=\"lazy\" decoding=\"async\" class=\"aligncenter size-full wp-image-3507\" alt=\"12955434034_a9fdde9dcb_b\" src=\"https:\/\/bibliobelas.eba.ufmg.br\/wp-content\/uploads\/2014\/03\/12955434034_a9fdde9dcb_b.jpg\" width=\"500\" height=\"362\" srcset=\"https:\/\/bibliobelas.eba.ufmg.br\/wp-content\/uploads\/2014\/03\/12955434034_a9fdde9dcb_b.jpg 1024w, https:\/\/bibliobelas.eba.ufmg.br\/wp-content\/uploads\/2014\/03\/12955434034_a9fdde9dcb_b-300x217.jpg 300w, https:\/\/bibliobelas.eba.ufmg.br\/wp-content\/uploads\/2014\/03\/12955434034_a9fdde9dcb_b-768x557.jpg 768w\" sizes=\"auto, (max-width: 500px) 100vw, 500px\" \/><\/a><\/p>\n<p style=\"text-align:justify;\">\u00a0<a title=\"para dar uma volta no tapete vermelho, clique\" href=\"http:\/\/christopherfarr.com\/\" target=\"_blank\" rel=\"noopener\">Christopher Farr<\/a>\u00a0lan\u00e7ou uma exibi\u00e7\u00e3o chamada Editions: Contemporary Rugs for Collectors, reunindo tapetes com desenhos de artistas conhecidos. Dentre eles, a artista t\u00eaxtil e gravurista Anni Albers. Muitas vezes, ela come\u00e7ou seus projetos de tecelagem com esbo\u00e7os, em alguns deles explorou a constru\u00e7\u00e3o horizontal e vertical, utilizando cor, forma, propor\u00e7\u00e3o e ritmo como em\u00a0<a title=\"clique aqui para ativar o tapete m\u00e1gico\" href=\"http:\/\/cover-magazine.com\/releases\/editions-contemporary-rugs-for-collectors\/\" target=\"_blank\" rel=\"noopener\">Study Rug<\/a>, inicialmente concebido como uma decora\u00e7\u00e3o de parede em 1926. A padronagem do agora tapete parece ter sido aproveitada na cole\u00e7\u00e3o de\u00a0<a title=\"se voc\u00ea j\u00e1 trouxe o mouse at\u00e9 aqui, ent\u00e3o clica!\" href=\"http:\/\/www.cameramoda.it\/en\/images\/4812\/0\/\" target=\"_blank\" rel=\"noopener\">Marco De Vicenzo<\/a>, que trabalha sobretudo com o decorativismo gr\u00e1fico das linhas, al\u00e9m dos quadrados e circulos, seja em tecidos leves, perfurados ou mais rigorosos. A saia plissada com fundo de textura em furta cor \u00e9 um exemplo disto.<\/p>\n<p style=\"text-align:justify;\"><a href=\"https:\/\/bibliobelas.eba.ufmg.br\/wp-content\/uploads\/2014\/03\/12951443644_11f82b7164_o.jpg\"><img loading=\"lazy\" decoding=\"async\" class=\"aligncenter size-full wp-image-3508\" alt=\"12951443644_11f82b7164_o\" src=\"https:\/\/bibliobelas.eba.ufmg.br\/wp-content\/uploads\/2014\/03\/12951443644_11f82b7164_o.jpg\" width=\"500\" height=\"306\" srcset=\"https:\/\/bibliobelas.eba.ufmg.br\/wp-content\/uploads\/2014\/03\/12951443644_11f82b7164_o.jpg 1018w, https:\/\/bibliobelas.eba.ufmg.br\/wp-content\/uploads\/2014\/03\/12951443644_11f82b7164_o-300x184.jpg 300w, https:\/\/bibliobelas.eba.ufmg.br\/wp-content\/uploads\/2014\/03\/12951443644_11f82b7164_o-768x472.jpg 768w\" sizes=\"auto, (max-width: 500px) 100vw, 500px\" \/><\/a><\/p>\n<p style=\"text-align:justify;\">Eis uma\u00a0cole\u00e7\u00e3o\u00a0capaz de transformar tend\u00eancias da moda em algo alternativo, \u00fanico, arquitet\u00f4nico. Entre volumes amplos, babados exagerados, jogo de contradi\u00e7\u00f5es (o que parece firme e denso, na verdade \u00e9 macio e leve), plumagem e o artesanato intr\u00ednseco \u00e0 marca, a cole\u00e7\u00e3o de Marni renova com a arte. \u00c9 transportada para as estampas das pe\u00e7as simples, como a t\u00fanica acima, a t\u00e9cnica do artista contempor\u00e2neo Magnus (von) Plessen, conhecido pelo seu figurativismo abstrato, que consiste em adicionar ou remover camadas de tinta para revelar as formas da figura. Obra:\u00a0<strong>Magnus Plessen<\/strong>,\u00a0<em><a title=\"s\u00f3 clique\" href=\"http:\/\/artedomeugosto.blogspot.com.br\/2008\/02\/magnus-von-plessen-figurativismo.html\" target=\"_blank\" rel=\"noopener\">Paare<\/a><\/em>, 2006.<\/p>\n<p style=\"text-align:justify;\"><a style=\"color:#df0000;\" href=\"https:\/\/bibliobelas.eba.ufmg.br\/wp-content\/uploads\/2014\/03\/12915828505_ab71f27c44_o.jpg\"><img loading=\"lazy\" decoding=\"async\" class=\"aligncenter size-full wp-image-3510\" alt=\"12915828505_ab71f27c44_o\" src=\"https:\/\/bibliobelas.eba.ufmg.br\/wp-content\/uploads\/2014\/03\/12915828505_ab71f27c44_o.jpg\" width=\"500\" height=\"248\" srcset=\"https:\/\/bibliobelas.eba.ufmg.br\/wp-content\/uploads\/2014\/03\/12915828505_ab71f27c44_o.jpg 1000w, https:\/\/bibliobelas.eba.ufmg.br\/wp-content\/uploads\/2014\/03\/12915828505_ab71f27c44_o-300x149.jpg 300w, https:\/\/bibliobelas.eba.ufmg.br\/wp-content\/uploads\/2014\/03\/12915828505_ab71f27c44_o-768x382.jpg 768w\" sizes=\"auto, (max-width: 500px) 100vw, 500px\" \/><\/a><a href=\"https:\/\/bibliobelas.eba.ufmg.br\/wp-content\/uploads\/2014\/03\/12876480545_695cebaa39_o.jpg\"><img loading=\"lazy\" decoding=\"async\" class=\"aligncenter size-full wp-image-3509\" alt=\"12876480545_695cebaa39_o\" src=\"https:\/\/bibliobelas.eba.ufmg.br\/wp-content\/uploads\/2014\/03\/12876480545_695cebaa39_o.jpg\" width=\"500\" height=\"298\" srcset=\"https:\/\/bibliobelas.eba.ufmg.br\/wp-content\/uploads\/2014\/03\/12876480545_695cebaa39_o.jpg 1129w, https:\/\/bibliobelas.eba.ufmg.br\/wp-content\/uploads\/2014\/03\/12876480545_695cebaa39_o-300x179.jpg 300w, https:\/\/bibliobelas.eba.ufmg.br\/wp-content\/uploads\/2014\/03\/12876480545_695cebaa39_o-1024x610.jpg 1024w, https:\/\/bibliobelas.eba.ufmg.br\/wp-content\/uploads\/2014\/03\/12876480545_695cebaa39_o-768x458.jpg 768w\" sizes=\"auto, (max-width: 500px) 100vw, 500px\" \/><\/a><\/p>\n<p style=\"text-align:justify;\">Os tecidos brocados com cores metalizadas em roupas oversized s\u00e3o por si s\u00f3 uma inje\u00e7\u00e3o de arte ao tendencismo na cole\u00e7\u00e3o de\u00a0<a title=\"&quot;it's their turn now...&quot;\" href=\"http:\/\/www.cameramoda.it\/en\/images\/4817\/0\/\" target=\"_blank\" rel=\"noopener\">MSGM<\/a>. Al\u00e9m de Bj\u00f6rk, a cole\u00e7\u00e3o se inspirou no pintor Gergard Richter, mais especificamente em sua fase overpainting. As estampas sugerem que borr\u00f5es de tinta foram jogados em cima de um retrato propositalmente, conferindo-lhes uma esp\u00e9cie de abstra\u00e7\u00e3o misteriosa. N\u00e3o se trata mais de photoprint, mas de um \u201cphotopainting\u201d na estampa. \u00c9 este o estilo fotografia-pintura de G. Richter, \u00e9 este o estilo que confere mais arte \u00e0 cole\u00e7\u00e3o. Na primeira foto temos,\u00a0<a title=\"para pintar e bor... rar, \u00e9 s\u00f3 clicar\" href=\"http:\/\/www.gerhard-richter.com\/art\/overpainted-photographs\/sils-82\/piz-rosatsch-15024\/?&amp;p=1&amp;sp=32\" target=\"_blank\" rel=\"noopener\">Piz Rosatsch<\/a>, 1992; na segunda, temos\u00a0<em><a title=\"cada clique, um flash\" href=\"http:\/\/www.gerhard-richter.com\/art\/overpainted-photographs\/firenze-edition-77\/firenze-15468\/?&amp;p=1&amp;sp=64\" target=\"_blank\" rel=\"noopener\">Firenze<\/a><\/em>, 2000.<\/p>\n<p>\u00a0<a style=\"color:#df0000;\" href=\"https:\/\/bibliobelas.eba.ufmg.br\/wp-content\/uploads\/2014\/03\/12905076433_ca2c3ea2cd_o.jpg\"><img loading=\"lazy\" decoding=\"async\" class=\"aligncenter size-full wp-image-3512\" alt=\"12905076433_ca2c3ea2cd_o\" src=\"https:\/\/bibliobelas.eba.ufmg.br\/wp-content\/uploads\/2014\/03\/12905076433_ca2c3ea2cd_o.jpg\" width=\"500\" height=\"341\" srcset=\"https:\/\/bibliobelas.eba.ufmg.br\/wp-content\/uploads\/2014\/03\/12905076433_ca2c3ea2cd_o.jpg 1002w, https:\/\/bibliobelas.eba.ufmg.br\/wp-content\/uploads\/2014\/03\/12905076433_ca2c3ea2cd_o-300x205.jpg 300w, https:\/\/bibliobelas.eba.ufmg.br\/wp-content\/uploads\/2014\/03\/12905076433_ca2c3ea2cd_o-768x525.jpg 768w\" sizes=\"auto, (max-width: 500px) 100vw, 500px\" \/><\/a><img loading=\"lazy\" decoding=\"async\" class=\"aligncenter size-full wp-image-3511\" alt=\"12904683583_5d6e4f7ff1_o\" src=\"https:\/\/bibliobelas.eba.ufmg.br\/wp-content\/uploads\/2014\/03\/12904683583_5d6e4f7ff1_o.jpg\" width=\"500\" height=\"343\" srcset=\"https:\/\/bibliobelas.eba.ufmg.br\/wp-content\/uploads\/2014\/03\/12904683583_5d6e4f7ff1_o.jpg 996w, https:\/\/bibliobelas.eba.ufmg.br\/wp-content\/uploads\/2014\/03\/12904683583_5d6e4f7ff1_o-300x206.jpg 300w, https:\/\/bibliobelas.eba.ufmg.br\/wp-content\/uploads\/2014\/03\/12904683583_5d6e4f7ff1_o-768x527.jpg 768w\" sizes=\"auto, (max-width: 500px) 100vw, 500px\" \/><\/p>\n<p style=\"text-align:justify;\">Com uma atmosfera de Alemanha nos anos 70, a cole\u00e7\u00e3o de\u00a0<a href=\"http:\/\/www.cameramoda.it\/en\/images\/4749\/0\/\" target=\"_blank\" rel=\"noopener\">Prada<\/a>\u00a0evoca Rainer Werner Fassbinder e Pina Bausch, para transformar os modelos em personagens intensos que enfrentam seus problemas mais \u00edntimos para encontrarem a si mesmos. Neste contexto, entra um pintor capaz de se olhar frente \u00e0s coisas do mundo: Giacomo Balla, que tamb\u00e9m foi convidado por Sergei Diaghilev para se tornar cen\u00f3grafo e figurinista. As estampas dos vestidos e dos casacos refletem o estudo de Balla sobre o car\u00e1ter t\u00e9cnico-cient\u00edfico acerca da decomposi\u00e7\u00e3o da cor e da luz, sobre a din\u00e2mica do movimento e da velocidade.<\/p>\n<ol style=\"text-align:justify;\">\n<li>\u00c9 latente a sugest\u00e3o de movimento e velocidade na estampa do vestido de seda, assemelhando-se a obra<em><a href=\"http:\/\/pt.wahooart.com\/@@\/8XY4NL-Giacomo-Balla-Velocidade-de-um-autom%C3%B3vel\" target=\"_blank\" rel=\"noopener\">Velocidade de um Autom\u00f3vel<\/a><\/em>, 1912.<\/li>\n<li>Tanto na estampa do vestido quando em\u00a0<em><a href=\"http:\/\/www.futur-ism.it\/collezioni\/opere\/opere.asp?sez=2&amp;det=223\" target=\"_blank\" rel=\"noopener\">Studio per Mobile Futurista (mobile smontabile)<\/a><\/em>, 1920 foram criados padr\u00f5es geom\u00e9tricos atrav\u00e9s da interposi\u00e7\u00e3o de cores (cores presentes em ambos).<\/li>\n<\/ol>\n<address>Quanto a n\u00f3s, espectadores, estamos a espreitar a cole\u00e7\u00e3o de Prada como os jornalistas diante de toda a din\u00e2mica do drama vivido e vestido pela protagonista de As L\u00e1grimas Amargas de Petra Von Kant (1972).<\/address>\n<p style=\"text-align:justify;\"><a href=\"https:\/\/bibliobelas.eba.ufmg.br\/wp-content\/uploads\/2014\/03\/12935772385_c7c174a1c9_b.jpg\"><img loading=\"lazy\" decoding=\"async\" class=\"aligncenter size-full wp-image-3513\" alt=\"12935772385_c7c174a1c9_b\" src=\"https:\/\/bibliobelas.eba.ufmg.br\/wp-content\/uploads\/2014\/03\/12935772385_c7c174a1c9_b.jpg\" width=\"500\" height=\"248\" srcset=\"https:\/\/bibliobelas.eba.ufmg.br\/wp-content\/uploads\/2014\/03\/12935772385_c7c174a1c9_b.jpg 1024w, https:\/\/bibliobelas.eba.ufmg.br\/wp-content\/uploads\/2014\/03\/12935772385_c7c174a1c9_b-300x149.jpg 300w, https:\/\/bibliobelas.eba.ufmg.br\/wp-content\/uploads\/2014\/03\/12935772385_c7c174a1c9_b-768x382.jpg 768w\" sizes=\"auto, (max-width: 500px) 100vw, 500px\" \/><\/a> <a style=\"color:#df0000;\" href=\"https:\/\/bibliobelas.eba.ufmg.br\/wp-content\/uploads\/2014\/03\/12915937763_38c507c3e7_b.jpg\"><img loading=\"lazy\" decoding=\"async\" class=\"aligncenter size-full wp-image-3515\" alt=\"12915937763_38c507c3e7_b\" src=\"https:\/\/bibliobelas.eba.ufmg.br\/wp-content\/uploads\/2014\/03\/12915937763_38c507c3e7_b.jpg\" width=\"500\" height=\"248\" srcset=\"https:\/\/bibliobelas.eba.ufmg.br\/wp-content\/uploads\/2014\/03\/12915937763_38c507c3e7_b.jpg 1024w, https:\/\/bibliobelas.eba.ufmg.br\/wp-content\/uploads\/2014\/03\/12915937763_38c507c3e7_b-300x149.jpg 300w, https:\/\/bibliobelas.eba.ufmg.br\/wp-content\/uploads\/2014\/03\/12915937763_38c507c3e7_b-768x381.jpg 768w\" sizes=\"auto, (max-width: 500px) 100vw, 500px\" \/><\/a><a href=\"https:\/\/bibliobelas.eba.ufmg.br\/wp-content\/uploads\/2014\/03\/12915931563_f3db199dd1_b.jpg\"><img loading=\"lazy\" decoding=\"async\" class=\"aligncenter size-full wp-image-3514\" alt=\"12915931563_f3db199dd1_b\" src=\"https:\/\/bibliobelas.eba.ufmg.br\/wp-content\/uploads\/2014\/03\/12915931563_f3db199dd1_b.jpg\" width=\"500\" height=\"248\" srcset=\"https:\/\/bibliobelas.eba.ufmg.br\/wp-content\/uploads\/2014\/03\/12915931563_f3db199dd1_b.jpg 1024w, https:\/\/bibliobelas.eba.ufmg.br\/wp-content\/uploads\/2014\/03\/12915931563_f3db199dd1_b-300x149.jpg 300w, https:\/\/bibliobelas.eba.ufmg.br\/wp-content\/uploads\/2014\/03\/12915931563_f3db199dd1_b-768x382.jpg 768w\" sizes=\"auto, (max-width: 500px) 100vw, 500px\" \/><\/a><\/p>\n<p style=\"text-align:justify;\">\u00a0<a title=\"I have no fear of making changes, destroying the image, etc., because the painting has a life of its own. (Jackson Pollock )\" href=\"http:\/\/www.cameramoda.it\/en\/images\/4761\/290\/\" target=\"_blank\" rel=\"noopener\">Sportmax<\/a>\u00a0resolveu fazer um novo experimento. Se na cole\u00e7\u00e3o passada a maison trabalhou com as formas geom\u00e9tricas, desta vez resolveu se liberar de restri\u00e7\u00f5es, incorporando um desejo de extravag\u00e2ncia ao DNA simplificado. E isso foi encontrado no expressionismo abstrato atrav\u00e9s do qual, o artista recusa qualquer forma de realismo, de pintura figurativa para explorar a forma abstrata. Dentre todos os artistas, a maison olha especificamente para um dos Irasc\u00edveis: Jackson Pollock e seu o dripping fortemente gestual. Ele n\u00e3o pintava lan\u00e7ando a cor sobre a tela em posi\u00e7\u00e3o normal, em cima de um cavalete, mas deitando grandes rolos no ch\u00e3o e gotejando a tinta em cima. Esse sistema de trabalho se chama dripping e \u00e9 isso que podemos ver em variados modos nas estampas das roupas com efeito de gotejamento e rabiscos:<\/p>\n<ol>\n<li style=\"text-align:justify;\"><a title=\"The painting has a life of its own. I try to let it come through.  (Jackson Pollock)\" href=\"http:\/\/www.jackson-pollock.org\/convergence.jsp#prettyPhoto[image2]\/0\/\" target=\"_blank\" rel=\"noopener\"><em>Convergence<\/em><\/a>, 1952.<\/li>\n<li style=\"text-align:justify;\"><a title=\"Every good painter paints what he is. (Jackson Pollock)\" href=\"http:\/\/www.harmonart.com\/?p=449\" target=\"_blank\" rel=\"noopener\">Unknown<\/a>.<\/li>\n<li style=\"text-align:justify;\">Segundo informa\u00e7\u00f5es, a\u00a0<a title=\"s\u00f3 clique!\" href=\"http:\/\/pollock5.tumblr.com\/image\/48773344439\" target=\"_blank\" rel=\"noopener\">pintura nesta \u00faltima imagem<\/a>\u00a0\u00e9 inspirada em Pollock, feita por outro pintor. De qualquer forma, guarda particular semelhan\u00e7a com a saia em organza.<\/li>\n<\/ol>\n<p>Dispon\u00edvel em: <a href=\"http:\/\/freakshowbusiness.com\/2010\/04\/23\/35-roupas-inspiradas-em-quadros-e-esculturas-modaarte\/\" target=\"_blank\" rel=\"noopener\">http:\/\/freakshowbusiness.com\/2010\/04\/23\/35-roupas-inspiradas-em-quadros-e-esculturas-modaarte\/ <\/a>e\u00a0<a href=\"http:\/\/ilpiccolomondodicri.wordpress.com\/2014\/03\/10\/moda-arte-semana-de-moda-em-milao\/\">http:\/\/ilpiccolomondodicri.wordpress.com\/2014\/03\/10\/moda-arte-semana-de-moda-em-milao\/<\/a><br \/>\n<span style=\"color:#444444;line-height:1.7;\"><br \/>\n<\/span><\/p>\n<p><span style=\"text-decoration:underline;\"><strong>Sugest\u00f5es de leitura da Biblioteca da EBA :<\/strong><\/span><\/p>\n<p style=\"text-align:justify;\">\u00a0BRANDSTATTER, Christian. <strong><em>Klimt e a moda<\/em><\/strong>.\u00a0\u00a0\u00a0 S\u00e3o Paulo: Cosac &amp; Naify, 2000. 79p. :\u00a0 (Universo da moda)<\/p>\n<p style=\"text-align:justify;\">\u00a0COSTA, Cacilda Teixeira da. <strong><em>Roupa de artista<\/em><\/strong>: o vestu\u00e1rio na obra de arte. S\u00e3o Paulo: Imprensa Oficial do Estado de S\u00e3o Paulo, EDUSP, 2009. 312 p.<\/p>\n<p style=\"text-align:justify;\">\u00a0GIVRY, Val\u00e9rie de.. <strong><em>Art &amp; mode<\/em><\/strong>: l&#8217;inspiration artistique des cr\u00e9ateurs de mode. Paris: Regard, 1998. [22] p. of plates .<\/p>\n<p style=\"text-align:justify;\">\u00a0M\u00dcLLER, Florence. <strong><em>Arte e moda<\/em><\/strong>.\u00a0 S\u00e3o Paulo: Cosac &amp; Naify, 2000. 80p.\u00a0 (Universo da moda)<\/p>\n<p style=\"text-align:justify;\">\u00a0XIMENES, Maria Alice. <strong><em>Moda e arte na reinven\u00e7\u00e3o do corpo feminino do s\u00e9culo XIX<\/em><\/strong>.\u00a0 1. ed. Barueri, SP: Esta\u00e7\u00e3o das Letras e Cores, 2009. 98p.\u00a0 (Estudos da moda)<\/p>\n","protected":false},"excerpt":{"rendered":"<p>N\u00e3o \u00e9 de hoje que moda e artes pl\u00e1sticas se inspiram mutuamente. O di\u00e1logo entre elas mudou muito com o tempo, mas sempre existiu. Mostro aqui exemplos de roupas que prestaram \u00f3bvias homenagens a grandes mestres da pintura, da gravura e da escultura nos \u00faltimos 75 anos. Ap\u00f3s o tigre de Kenzo, a face de &hellip; <a href=\"https:\/\/bibliobelas.eba.ufmg.br\/index.php\/2011\/07\/35-roupas-inspiradas-nas-artes-plasticas-modaarte\/\" class=\"more-link\">Continue lendo <span class=\"screen-reader-text\">Roupas inspiradas nas artes pl\u00e1sticas: moda\/arte<\/span> <span class=\"meta-nav\">&rarr;<\/span><\/a><\/p>\n","protected":false},"author":1,"featured_media":0,"comment_status":"open","ping_status":"open","sticky":false,"template":"","format":"standard","meta":{"footnotes":""},"categories":[2],"tags":[101],"class_list":["post-1163","post","type-post","status-publish","format-standard","hentry","category-postagens","tag-moda-e-arte"],"_links":{"self":[{"href":"https:\/\/bibliobelas.eba.ufmg.br\/index.php\/wp-json\/wp\/v2\/posts\/1163","targetHints":{"allow":["GET"]}}],"collection":[{"href":"https:\/\/bibliobelas.eba.ufmg.br\/index.php\/wp-json\/wp\/v2\/posts"}],"about":[{"href":"https:\/\/bibliobelas.eba.ufmg.br\/index.php\/wp-json\/wp\/v2\/types\/post"}],"author":[{"embeddable":true,"href":"https:\/\/bibliobelas.eba.ufmg.br\/index.php\/wp-json\/wp\/v2\/users\/1"}],"replies":[{"embeddable":true,"href":"https:\/\/bibliobelas.eba.ufmg.br\/index.php\/wp-json\/wp\/v2\/comments?post=1163"}],"version-history":[{"count":0,"href":"https:\/\/bibliobelas.eba.ufmg.br\/index.php\/wp-json\/wp\/v2\/posts\/1163\/revisions"}],"wp:attachment":[{"href":"https:\/\/bibliobelas.eba.ufmg.br\/index.php\/wp-json\/wp\/v2\/media?parent=1163"}],"wp:term":[{"taxonomy":"category","embeddable":true,"href":"https:\/\/bibliobelas.eba.ufmg.br\/index.php\/wp-json\/wp\/v2\/categories?post=1163"},{"taxonomy":"post_tag","embeddable":true,"href":"https:\/\/bibliobelas.eba.ufmg.br\/index.php\/wp-json\/wp\/v2\/tags?post=1163"}],"curies":[{"name":"wp","href":"https:\/\/api.w.org\/{rel}","templated":true}]}}