{"id":1211,"date":"2011-07-18T11:43:28","date_gmt":"2011-07-18T13:43:28","guid":{"rendered":"http:\/\/bibliobelas.wordpress.com\/?p=1211"},"modified":"2011-07-18T11:43:28","modified_gmt":"2011-07-18T13:43:28","slug":"alunos-de-graduacao-podem-concorrer-a-bolsas-de-residencia-artistica-no-centro-cultural","status":"publish","type":"post","link":"https:\/\/bibliobelas.eba.ufmg.br\/index.php\/2011\/07\/alunos-de-graduacao-podem-concorrer-a-bolsas-de-residencia-artistica-no-centro-cultural\/","title":{"rendered":"Alunos de gradua\u00e7\u00e3o podem concorrer a bolsas de resid\u00eancia art\u00edstica no Centro Cultural"},"content":{"rendered":"<p style=\"text-align:justify;\">\u00a0Alunos de todos os cursos de gradua\u00e7\u00e3o podem se inscrever a partir de hoje (segunda, 18) no projeto Ateli\u00ea Aberto, do Centro Cultural UFMG. O objetivo \u00e9 estimular a pesquisa em artes visuais. As inscri\u00e7\u00f5es estar\u00e3o abertas at\u00e9 19 de agosto<\/p>\n<p style=\"text-align:justify;\">Ser\u00e3o selecionadas at\u00e9 tr\u00eas propostas individuais a serem desenvolvidas em regime de resid\u00eancia art\u00edstica, no ateli\u00ea do Centro Cultural, entre setembro deste ano e junho de 2012, com bolsa mensal de R$ 500. Poder\u00e3o participar da sele\u00e7\u00e3o estudantes regularmente matriculados na gradua\u00e7\u00e3o da Universidade.<\/p>\n<p style=\"text-align:justify;\">Cada proponente poder\u00e1 concorrer com apenas uma proposta, a ser encaminhada pelos Correios ou entregue em m\u00e3os na secretaria do Centro Cultural UFMG (avenida Santos Dumont, 174, CEP 30111-040, Belo Horizonte\/MG), das 10 \u00e0s 17h. Al\u00e9m da proposta de pesquisa, os concorrentes dever\u00e3o apresentar, , um portf\u00f3lio de produ\u00e7\u00e3o art\u00edstica relevante e curr\u00edculo com \u00eanfase nas atividades pertinentes \u00e0 proposta.<\/p>\n<p style=\"text-align:justify;\">O edital est\u00e1 dispon\u00edvel no <a href=\"http:\/\/www.centrocultural.ufmg.br\/\">site da institui\u00e7\u00e3o<\/a>.\u00a0 Outras informa\u00e7\u00f5es pelo telefone 3409-8291.<\/p>\n<p style=\"text-align:justify;\">\n<p>&nbsp;<\/p>\n","protected":false},"excerpt":{"rendered":"<p>\u00a0Alunos de todos os cursos de gradua\u00e7\u00e3o podem se inscrever a partir de hoje (segunda, 18) no projeto Ateli\u00ea Aberto, do Centro Cultural UFMG. O objetivo \u00e9 estimular a pesquisa em artes visuais. As inscri\u00e7\u00f5es estar\u00e3o abertas at\u00e9 19 de agosto Ser\u00e3o selecionadas at\u00e9 tr\u00eas propostas individuais a serem desenvolvidas em regime de resid\u00eancia art\u00edstica, &hellip; <a href=\"https:\/\/bibliobelas.eba.ufmg.br\/index.php\/2011\/07\/alunos-de-graduacao-podem-concorrer-a-bolsas-de-residencia-artistica-no-centro-cultural\/\" class=\"more-link\">Continue lendo <span class=\"screen-reader-text\">Alunos de gradua\u00e7\u00e3o podem concorrer a bolsas de resid\u00eancia art\u00edstica no Centro Cultural<\/span> <span class=\"meta-nav\">&rarr;<\/span><\/a><\/p>\n","protected":false},"author":1,"featured_media":0,"comment_status":"open","ping_status":"open","sticky":false,"template":"","format":"standard","meta":{"footnotes":""},"categories":[2],"tags":[],"class_list":["post-1211","post","type-post","status-publish","format-standard","hentry","category-postagens"],"_links":{"self":[{"href":"https:\/\/bibliobelas.eba.ufmg.br\/index.php\/wp-json\/wp\/v2\/posts\/1211","targetHints":{"allow":["GET"]}}],"collection":[{"href":"https:\/\/bibliobelas.eba.ufmg.br\/index.php\/wp-json\/wp\/v2\/posts"}],"about":[{"href":"https:\/\/bibliobelas.eba.ufmg.br\/index.php\/wp-json\/wp\/v2\/types\/post"}],"author":[{"embeddable":true,"href":"https:\/\/bibliobelas.eba.ufmg.br\/index.php\/wp-json\/wp\/v2\/users\/1"}],"replies":[{"embeddable":true,"href":"https:\/\/bibliobelas.eba.ufmg.br\/index.php\/wp-json\/wp\/v2\/comments?post=1211"}],"version-history":[{"count":0,"href":"https:\/\/bibliobelas.eba.ufmg.br\/index.php\/wp-json\/wp\/v2\/posts\/1211\/revisions"}],"wp:attachment":[{"href":"https:\/\/bibliobelas.eba.ufmg.br\/index.php\/wp-json\/wp\/v2\/media?parent=1211"}],"wp:term":[{"taxonomy":"category","embeddable":true,"href":"https:\/\/bibliobelas.eba.ufmg.br\/index.php\/wp-json\/wp\/v2\/categories?post=1211"},{"taxonomy":"post_tag","embeddable":true,"href":"https:\/\/bibliobelas.eba.ufmg.br\/index.php\/wp-json\/wp\/v2\/tags?post=1211"}],"curies":[{"name":"wp","href":"https:\/\/api.w.org\/{rel}","templated":true}]}}