{"id":1222,"date":"2011-07-22T16:55:10","date_gmt":"2011-07-22T18:55:10","guid":{"rendered":"http:\/\/bibliobelas.wordpress.com\/?p=1222"},"modified":"2011-07-22T16:55:10","modified_gmt":"2011-07-22T18:55:10","slug":"exposicao-marina-nazareth_paisagem-05-de-julho-a-28-de-agosto","status":"publish","type":"post","link":"https:\/\/bibliobelas.eba.ufmg.br\/index.php\/2011\/07\/exposicao-marina-nazareth_paisagem-05-de-julho-a-28-de-agosto\/","title":{"rendered":"Exposi\u00e7\u00e3o Marina Nazareth_PAISAGEM | 05 de julho a 28 de agosto"},"content":{"rendered":"<div id='gallery-1' class='gallery galleryid-1222 gallery-columns-3 gallery-size-thumbnail'><figure class='gallery-item'>\n\t\t\t<div class='gallery-icon landscape'>\n\t\t\t\t<a href='https:\/\/bibliobelas.eba.ufmg.br\/wp-content\/uploads\/2011\/07\/4877.jpg'><img loading=\"lazy\" decoding=\"async\" width=\"150\" height=\"150\" src=\"https:\/\/bibliobelas.eba.ufmg.br\/wp-content\/uploads\/2011\/07\/4877-150x150.jpg\" class=\"attachment-thumbnail size-thumbnail\" alt=\"\" \/><\/a>\n\t\t\t<\/div><\/figure><figure class='gallery-item'>\n\t\t\t<div class='gallery-icon landscape'>\n\t\t\t\t<a href='https:\/\/bibliobelas.eba.ufmg.br\/wp-content\/uploads\/2011\/07\/4878.jpg'><img loading=\"lazy\" decoding=\"async\" width=\"150\" height=\"150\" src=\"https:\/\/bibliobelas.eba.ufmg.br\/wp-content\/uploads\/2011\/07\/4878-150x150.jpg\" class=\"attachment-thumbnail size-thumbnail\" alt=\"\" \/><\/a>\n\t\t\t<\/div><\/figure><figure class='gallery-item'>\n\t\t\t<div class='gallery-icon landscape'>\n\t\t\t\t<a href='https:\/\/bibliobelas.eba.ufmg.br\/wp-content\/uploads\/2011\/07\/4879.jpg'><img loading=\"lazy\" decoding=\"async\" width=\"150\" height=\"150\" src=\"https:\/\/bibliobelas.eba.ufmg.br\/wp-content\/uploads\/2011\/07\/4879-150x150.jpg\" class=\"attachment-thumbnail size-thumbnail\" alt=\"\" \/><\/a>\n\t\t\t<\/div><\/figure>\n\t\t<\/div>\n\n<p style=\"text-align:justify;\">A <strong>Funda\u00e7\u00e3o Cl\u00f3vis Salgado<\/strong> recebe a exposi\u00e7\u00e3o M<strong>arina Nazareth_PAISAGEM<\/strong>, que re\u00fane pinturas, desenhos transpar\u00eancias e anima\u00e7\u00f5es. As obras recentes da artista pl\u00e1stica Marina Nazareth, que possui obras permanentes em museus de S\u00e3o Paulo, Bras\u00edlia, Rio de Janeiro e Belo Horizonte, ficam expostas de <strong>05 de julho a 28 de agosto<\/strong> no <a href=\"http:\/\/www.fcs.mg.gov.br\/conteudos\/detalhes.aspx?IdCanal=41&amp;IdMateria=122\"><strong>Espa\u00e7o Mari\u2019Stella Trist\u00e3o do Pal\u00e1cio das Artes<\/strong><\/a>.<\/p>\n<p style=\"text-align:justify;\">Com curadoria de Marconi Drummond, s\u00e3o ao todo 12 pinturas, 15 desenhos (feitos em 2002) e anima\u00e7\u00f5es de desenhos recentes. As anima\u00e7\u00f5es, trabalho realizado por F\u00e1bio Batista, ser\u00e3o projetadas em uma das paredes da Galeria e comp\u00f5em ainda a mostra cinco \u00e1lbuns com desenhos feitos em transpar\u00eancias, da s\u00e9rie <em>Instru\u00e7\u00f5es para voar<\/em>, \u00faltimo trabalho da artista.<\/p>\n<p style=\"text-align:justify;\">Durante a abertura da exposi\u00e7\u00e3o, a Nazareth tamb\u00e9m lan\u00e7a o livro <em>Marina Nazareth_Fortuna Cr\u00edtica<\/em>, de autoria de Maria Eug\u00eania Dias de Oliveira, que re\u00fane 180 textos cr\u00edticos de escritores, jornalistas, cr\u00edticos de arte, constituindo um interessante painel das mudan\u00e7as das m\u00eddias nos \u00faltimos 40 anos.<\/p>\n<p><a href=\"http:\/\/www.fcs.mg.gov.br\/imagensDin\/Arquivos\/4876.pdf\" target=\"_blank\" rel=\"noopener\"><strong>&gt;&gt; Saiba mais sobre o livro, clique aqui (62Kb).pdf.<\/strong><\/a><\/p>\n<p><strong>Sobre Marina Nazareth<\/strong><\/p>\n<p style=\"text-align:justify;\">Bacharel em Direito pela UFMG e p\u00f3s-graduada em \u201cRealidade Nacional e Desenvolvimento\u201d\u00a0 pelo Centro de Pesquisa Jo\u00e3o XXIII, no Rio de Janeiro, Marina Nazareth deu in\u00edcio a suas atividades como artista pl\u00e1stica em 1965, ressaltando em sua forma\u00e7\u00e3o os estudos te\u00f3ricos e pr\u00e1ticos com Fayga Ostrower entre 1966 e 1970. Realizou mais de 30 exposi\u00e7\u00f5es individuais no Brasil e no exterior, com destaque para as exposi\u00e7\u00f5es: 1974 \u2013 Museu de Arte Moderna do Paran\u00e1 \u2013 Curitiba; 1979 \u2013 Abreu Gallery \u2013 New York; 1987 \u2013 Mostra Itinerante \u2013 Pa\u00e7o Imperial &#8211; RJ, MASP \u2013 SP; e Pal\u00e1cio das Artes \u2013 BH; 1995 \u2013 Espa\u00e7o Cultural dos Correios \u2013 RJ; 2001 \u2013 Museu Nacional de Belas Artes \u2013 RJ; 2007 \u2013 Pal\u00e1cio das Artes \u2013 BH. A artista participou, ainda, de in\u00fameros sal\u00f5es de arte nacionais e exposi\u00e7\u00f5es coletivas, destacando as pesquisas hist\u00f3ricas de Marcio Sampaio sobre a Paisagem Mineira, o Desenho Mineiro e a Litografia Brasileira.<\/p>\n<p style=\"text-align:justify;\">Possui obras em exposi\u00e7\u00e3o permanente no Museu de Arte de S\u00e3o Paulo \u2013 MASP, Museu de Arte Contempor\u00e2nea do Paran\u00e1, Museu de Arte Contempor\u00e2nea de Bras\u00edlia, Centro Cultural dos Correios \u2013 Rio de Janeiro, Museu de Arte da Pampulha \u2013 BH, na Cidade Administrativa do Estado de Minas Gerais e na Funda\u00e7\u00e3o Cl\u00f3vis Salgado.<br \/>\n<strong><br \/>\n<strong>Servi\u00e7o<\/strong><br \/>\n<strong>Evento: <\/strong><\/strong>Exposi\u00e7\u00e3o Marina Nazareth_PAISAGEM<br \/>\n<strong>Data:<\/strong> 05 de julho a 28 de agosto<br \/>\n<strong>Hor\u00e1rio:<\/strong> ter\u00e7a a s\u00e1bado das 9h30 \u00e0s 21h; domingo das 16h \u00e0s 21h<br \/>\n<strong>Local: <\/strong>Espa\u00e7o Mari&#8217;Stella Trist\u00e3o<br \/>\n<strong>Entrada franca<\/strong><strong><br \/>\n<strong>Informa\u00e7\u00f5es<\/strong><\/strong>: (31) 3236-7400<\/p>\n<p style=\"text-align:justify;\"><strong><span style=\"text-decoration:underline;\"><span style=\"color:#ff0000;text-decoration:underline;\">Obras sobre a artistas est\u00e3o dispon\u00edveis no acervo da UFMG! Consulte-as!<\/span><\/span><\/strong><\/p>\n<p style=\"text-align:justify;\">NAZARETH, Marina. <strong>Marina Nazareth<\/strong>: levantamento da obra, 1965\/1985. [S.I.]: [s.n.], 1987]. [40] p.<\/p>\n<p style=\"text-align:justify;\">NAZARETH, Marina; SAMPAIO, Marcio; GALERIA DE ARTE VILLA RISO. [<strong>Marina Nazareth<\/strong>: pinturas recentes] Rio de Janeiro: [s. n.], 1985. [16] p.<\/p>\n<p style=\"text-align:justify;\">CORR\u00caA, Jos\u00e9 de Anchieta. <strong>Marina Nazareth<\/strong>. Belo Horizonte: C\/Arte, 1999. 153 p.<\/p>\n<p style=\"text-align:justify;\">Informa\u00e7\u00f5es sobre a artista e sua obra podem ser encontradas tamb\u00e9m em seu site: <a href=\"http:\/\/www.marinanazareth.com\/\" target=\"_blank\" rel=\"noopener\">http:\/\/www.marinanazareth.com\/<\/a><\/p>\n","protected":false},"excerpt":{"rendered":"<p>A Funda\u00e7\u00e3o Cl\u00f3vis Salgado recebe a exposi\u00e7\u00e3o Marina Nazareth_PAISAGEM, que re\u00fane pinturas, desenhos transpar\u00eancias e anima\u00e7\u00f5es. As obras recentes da artista pl\u00e1stica Marina Nazareth, que possui obras permanentes em museus de S\u00e3o Paulo, Bras\u00edlia, Rio de Janeiro e Belo Horizonte, ficam expostas de 05 de julho a 28 de agosto no Espa\u00e7o Mari\u2019Stella Trist\u00e3o do &hellip; <a href=\"https:\/\/bibliobelas.eba.ufmg.br\/index.php\/2011\/07\/exposicao-marina-nazareth_paisagem-05-de-julho-a-28-de-agosto\/\" class=\"more-link\">Continue lendo <span class=\"screen-reader-text\">Exposi\u00e7\u00e3o Marina Nazareth_PAISAGEM | 05 de julho a 28 de agosto<\/span> <span class=\"meta-nav\">&rarr;<\/span><\/a><\/p>\n","protected":false},"author":1,"featured_media":0,"comment_status":"open","ping_status":"open","sticky":false,"template":"","format":"standard","meta":{"footnotes":""},"categories":[2],"tags":[],"class_list":["post-1222","post","type-post","status-publish","format-standard","hentry","category-postagens"],"_links":{"self":[{"href":"https:\/\/bibliobelas.eba.ufmg.br\/index.php\/wp-json\/wp\/v2\/posts\/1222","targetHints":{"allow":["GET"]}}],"collection":[{"href":"https:\/\/bibliobelas.eba.ufmg.br\/index.php\/wp-json\/wp\/v2\/posts"}],"about":[{"href":"https:\/\/bibliobelas.eba.ufmg.br\/index.php\/wp-json\/wp\/v2\/types\/post"}],"author":[{"embeddable":true,"href":"https:\/\/bibliobelas.eba.ufmg.br\/index.php\/wp-json\/wp\/v2\/users\/1"}],"replies":[{"embeddable":true,"href":"https:\/\/bibliobelas.eba.ufmg.br\/index.php\/wp-json\/wp\/v2\/comments?post=1222"}],"version-history":[{"count":0,"href":"https:\/\/bibliobelas.eba.ufmg.br\/index.php\/wp-json\/wp\/v2\/posts\/1222\/revisions"}],"wp:attachment":[{"href":"https:\/\/bibliobelas.eba.ufmg.br\/index.php\/wp-json\/wp\/v2\/media?parent=1222"}],"wp:term":[{"taxonomy":"category","embeddable":true,"href":"https:\/\/bibliobelas.eba.ufmg.br\/index.php\/wp-json\/wp\/v2\/categories?post=1222"},{"taxonomy":"post_tag","embeddable":true,"href":"https:\/\/bibliobelas.eba.ufmg.br\/index.php\/wp-json\/wp\/v2\/tags?post=1222"}],"curies":[{"name":"wp","href":"https:\/\/api.w.org\/{rel}","templated":true}]}}