{"id":1345,"date":"2011-08-12T14:49:37","date_gmt":"2011-08-12T16:49:37","guid":{"rendered":"http:\/\/bibliobelas.wordpress.com\/?p=1345"},"modified":"2011-08-12T14:49:37","modified_gmt":"2011-08-12T16:49:37","slug":"arte-brasileira-e-depois-na-colecao-itau","status":"publish","type":"post","link":"https:\/\/bibliobelas.eba.ufmg.br\/index.php\/2011\/08\/arte-brasileira-e-depois-na-colecao-itau\/","title":{"rendered":"Arte Brasileira e Depois, na Cole\u00e7\u00e3o Ita\u00fa"},"content":{"rendered":"<p style=\"text-align:justify;\"><a href=\"https:\/\/bibliobelas.eba.ufmg.br\/wp-content\/uploads\/2011\/08\/48691.jpg\"><img loading=\"lazy\" decoding=\"async\" class=\"alignleft size-full wp-image-1356\" title=\"4869\" src=\"https:\/\/bibliobelas.eba.ufmg.br\/wp-content\/uploads\/2011\/08\/48691.jpg\" alt=\"\" width=\"500\" height=\"124\" srcset=\"https:\/\/bibliobelas.eba.ufmg.br\/wp-content\/uploads\/2011\/08\/48691.jpg 698w, https:\/\/bibliobelas.eba.ufmg.br\/wp-content\/uploads\/2011\/08\/48691-300x75.jpg 300w\" sizes=\"auto, (max-width: 500px) 100vw, 500px\" \/><\/a>A<strong> Funda\u00e7\u00e3o Cl\u00f3vis Salgado<\/strong>, em parceria com o Instituto Ita\u00fa Cultural, abre ao p\u00fablico <strong>at\u00e9 o dia 25 de setembro,<\/strong> a exposi\u00e7\u00e3o <strong><em>1911 \u2013 2011 \u2013 Arte Brasileira e Depois, na Cole\u00e7\u00e3o Ita\u00fa<\/em><\/strong>. O material in\u00e9dito \u00e9 composto por 178 obras produzidas nos \u00faltimos cem anos no Brasil, que ficam expostas nas galerias do <a href=\"http:\/\/www.fcs.mg.gov.br\/conteudo\/12,,palacio-das-artes.aspx\"><strong>Pal\u00e1cio das Artes <\/strong><\/a>e no <a href=\"http:\/\/www.fcs.mg.gov.br\/conteudo\/159,,centro-de-arte-contemporanea-e-fotografia.aspx\"><strong>Centro de Arte Contempor\u00e2nea e Fotografia<\/strong><\/a>, concentrando um importante acervo da arte moderna e contempor\u00e2nea produzida no Pa\u00eds. Ap\u00f3s Belo Horizonte, a mostra ir\u00e1 para o Rio de Janeiro, onde fica em cartaz no Pa\u00e7o Imperial.<\/p>\n<p style=\"text-align:justify;\">Entre os 139 artistas, com obras selecionadas para a exposi\u00e7\u00e3o, est\u00e3o nomes como <strong>Guignard, C\u00e2ndido Portinari, Tarsila do Amaral, Fl\u00e1vio Carvalho, H\u00e9lio Oiticica, Victor Brecheret, Bruno Giorgi, Maria Martis, L\u00edgia Pape e Am\u00edlcar de Castro<\/strong>. Os objetos expostos compreendem v\u00eddeos, pinturas, fotografias, desenhos e gravuras, que est\u00e3o dispostos em seis m\u00f3dulos, que tanto podem ser compreendidos isoladamente, como, se seguidos de ponta a ponta, tra\u00e7am com defini\u00e7\u00e3o o caminho percorrido pela arte brasileira desde as primeiras d\u00e9cadas do s\u00e9culo passado at\u00e9 hoje.<\/p>\n<p style=\"text-align:justify;\">O primeiro m\u00f3dulo <strong><em>A Marca Humana<\/em><\/strong>, traz a primeira modernidade brasileira ainda amplamente representacional. Em seguida, <strong><em>Irrealismos<\/em><\/strong>, com 18 pe\u00e7as, apresenta registros de composi\u00e7\u00f5es que remetem a si mesmas entre o sonho incontrolado e o imagin\u00e1rio constru\u00eddo. <strong><em>Modos de Abstra\u00e7\u00e3o<\/em><\/strong>, o pr\u00f3ximo m\u00f3dulo, apresenta 52 obras, com seis esculturas entre elas e mergulha nos anos 50 quando, em decorr\u00eancia da I Bienal de S\u00e3o Paulo (1951), a arte brasileira passou a se concentrar em temas interiores, livres de uma refer\u00eancia imediata ao mundo exterior \u2013 transitando gradualmente do figurativismo para a abstra\u00e7\u00e3o. Os concretos dominaram a cena, seguidos dos neoconcretos, abstracionistas informais ou expressionistas e come\u00e7aram um di\u00e1logo em p\u00e9 de igualdade com a arte internacional.<\/p>\n<p style=\"text-align:justify;\">O quarto m\u00f3dulo, <strong><em>Contesta\u00e7\u00e3o Pop<\/em><\/strong>, \u00e9 composto por 13 obras que trazem a arte pop inspirada na releitura de imagens de outros meios como os quadrinhos, a fotografia de jornal, as embalagens dos produtos comerciais e objetos da cultura de massa. Em <strong><em>Na Linha da Ideia<\/em><\/strong>, m\u00f3dulo dividido em seis subgrupos: <em>Arte e Anti-arte<\/em>, <em>O Ju\u00edzo Jocoso<\/em>, <em>Palavra Imagem<\/em>, <em>A Arte como Arte<\/em>, <em>Pintura P\u00f3s Pintura<\/em>, <em>N\u00e3o Objetos<\/em> e <em>Anti Forma<\/em>, o p\u00fablico encontra um total de 56 pe\u00e7as que correspondem a um vasto e aberto per\u00edodo da arte identificado como p\u00f3s-moderno.<\/p>\n<p style=\"text-align:justify;\">Por fim, o grupo <strong><em>Outros Modos, Outras M\u00eddias<\/em><\/strong> re\u00fane obras em diversos suportes e cujas propostas s\u00e3o as mais distintas \u2013 desde a a\u00e7\u00e3o sobre o pr\u00f3prio corpo \u00e0 contempla\u00e7\u00e3o po\u00e9tica e \u00e0 intera\u00e7\u00e3o com a obra, permitida pelas experimenta\u00e7\u00f5es digitais.<\/p>\n<p style=\"text-align:justify;\">A exposi\u00e7\u00e3o <strong><em>1911 \u2013 2011 \u2013 Arte Brasileira e Depois, na Cole\u00e7\u00e3o Ita\u00fa<\/em><\/strong> tem curadoria de Teixeira Coelho e projeto expogr\u00e1fico de Daniela Thomas e Felipe Tassara.<\/p>\n<p style=\"text-align:justify;\"><a href=\"http:\/\/www.fcs.mg.gov.br\/imagensDin\/Arquivos\/4874.pdf\" target=\"_blank\" rel=\"noopener\"><strong>&gt;&gt; A Exposi\u00e7\u00e3o pelo curador Teixeira Coelho (52 Kb).pdf.<\/strong><\/a><\/p>\n<p style=\"text-align:justify;\"><a href=\"http:\/\/www.fcs.mg.gov.br\/imagensDin\/Arquivos\/4872.pdf\" target=\"_blank\" rel=\"noopener\"><strong>&gt;&gt; Clique e saiba mais sobre Teixeira Coelho (42,5 Kb).pdf.<\/strong><\/a><\/p>\n<p style=\"text-align:justify;\"><a href=\"http:\/\/www.fcs.mg.gov.br\/imagensDin\/Arquivos\/4873.pdf\" target=\"_blank\" rel=\"noopener\"><strong>&gt;&gt; Clique e conhe\u00e7a Daniela Thomas e Felipe Tassara (63 Kb).pdf.<\/strong><\/a><br \/>\n<strong><br \/>\nServi\u00e7o<br \/>\nEvento: <\/strong>Exposi\u00e7\u00e3o 1911 \u2013 2011 \u2013 Arte Brasileira e Depois, na Cole\u00e7\u00e3o Ita\u00fa<br \/>\n<strong>Data:<\/strong> 05 de julho a 25 de setembro<br \/>\n<strong>Hor\u00e1rio:<\/strong> de ter\u00e7a a s\u00e1bado, das 9h30 \u00e0s 21h; domingo, das 16h \u00e0s 21h<br \/>\n<strong>Local:<\/strong> Galerias Alberto da Veiga Guignard, Arlinda Corr\u00eaa Lima, Genesco Murta e Centro de Arte Contempor\u00e2nea e Fotografia<br \/>\n<strong>Entrada franca<br \/>\nInforma\u00e7\u00f5es: <\/strong>(31) 3236-7400<\/p>\n","protected":false},"excerpt":{"rendered":"<p>A Funda\u00e7\u00e3o Cl\u00f3vis Salgado, em parceria com o Instituto Ita\u00fa Cultural, abre ao p\u00fablico at\u00e9 o dia 25 de setembro, a exposi\u00e7\u00e3o 1911 \u2013 2011 \u2013 Arte Brasileira e Depois, na Cole\u00e7\u00e3o Ita\u00fa. O material in\u00e9dito \u00e9 composto por 178 obras produzidas nos \u00faltimos cem anos no Brasil, que ficam expostas nas galerias do Pal\u00e1cio &hellip; <a href=\"https:\/\/bibliobelas.eba.ufmg.br\/index.php\/2011\/08\/arte-brasileira-e-depois-na-colecao-itau\/\" class=\"more-link\">Continue lendo <span class=\"screen-reader-text\">Arte Brasileira e Depois, na Cole\u00e7\u00e3o Ita\u00fa<\/span> <span class=\"meta-nav\">&rarr;<\/span><\/a><\/p>\n","protected":false},"author":1,"featured_media":0,"comment_status":"open","ping_status":"open","sticky":false,"template":"","format":"standard","meta":{"footnotes":""},"categories":[2],"tags":[66],"class_list":["post-1345","post","type-post","status-publish","format-standard","hentry","category-postagens","tag-exposicoes-de-arte"],"_links":{"self":[{"href":"https:\/\/bibliobelas.eba.ufmg.br\/index.php\/wp-json\/wp\/v2\/posts\/1345","targetHints":{"allow":["GET"]}}],"collection":[{"href":"https:\/\/bibliobelas.eba.ufmg.br\/index.php\/wp-json\/wp\/v2\/posts"}],"about":[{"href":"https:\/\/bibliobelas.eba.ufmg.br\/index.php\/wp-json\/wp\/v2\/types\/post"}],"author":[{"embeddable":true,"href":"https:\/\/bibliobelas.eba.ufmg.br\/index.php\/wp-json\/wp\/v2\/users\/1"}],"replies":[{"embeddable":true,"href":"https:\/\/bibliobelas.eba.ufmg.br\/index.php\/wp-json\/wp\/v2\/comments?post=1345"}],"version-history":[{"count":0,"href":"https:\/\/bibliobelas.eba.ufmg.br\/index.php\/wp-json\/wp\/v2\/posts\/1345\/revisions"}],"wp:attachment":[{"href":"https:\/\/bibliobelas.eba.ufmg.br\/index.php\/wp-json\/wp\/v2\/media?parent=1345"}],"wp:term":[{"taxonomy":"category","embeddable":true,"href":"https:\/\/bibliobelas.eba.ufmg.br\/index.php\/wp-json\/wp\/v2\/categories?post=1345"},{"taxonomy":"post_tag","embeddable":true,"href":"https:\/\/bibliobelas.eba.ufmg.br\/index.php\/wp-json\/wp\/v2\/tags?post=1345"}],"curies":[{"name":"wp","href":"https:\/\/api.w.org\/{rel}","templated":true}]}}