{"id":1365,"date":"2011-08-17T15:54:49","date_gmt":"2011-08-17T17:54:49","guid":{"rendered":"http:\/\/bibliobelas.wordpress.com\/?p=1365"},"modified":"2011-08-17T15:54:49","modified_gmt":"2011-08-17T17:54:49","slug":"a-importancia-da-fotografia","status":"publish","type":"post","link":"https:\/\/bibliobelas.eba.ufmg.br\/index.php\/2011\/08\/a-importancia-da-fotografia\/","title":{"rendered":"A import\u00e2ncia da fotografia"},"content":{"rendered":"<p style=\"text-align:right;\">\u00a0Armando Vernaglia Jr<\/p>\n<p style=\"text-align:justify;\">\u00a0Outro dia ouvi a seguinte pergunta: \u201cPor que voc\u00ea \u00e9 fot\u00f3grafo?\u201d Respondi com uma frase que de t\u00e3o presun\u00e7osa pareceu a mim mesmo um pouco absurda: \u201c<em>Por que \u00e9 a profiss\u00e3o mais importante do mundo<\/em>\u201d. Parei para pensar um pouco no que havia dito e conclu\u00ed que n\u00e3o estava t\u00e3o errado e que de fato se n\u00e3o era a mais importante, com certeza estaria no \u201ctop 10\u201d das atividades fundamentais para a exist\u00eancia da humanidade.<\/p>\n<p style=\"text-align:justify;\">A fotografia \u00e9 um meio de express\u00e3o que pode ser usada de variadas formas, no jornalismo comunica as not\u00edcias, nas revistas de fofoca mostra a vida de celebridades, nos an\u00fancios faz todo o trabalho de encantamento para a venda e ainda a vemos em relat\u00f3rios, sites, palestras, livros e tantos outros meios com finalidades diversas.<\/p>\n<p style=\"text-align:justify;\"><a href=\"https:\/\/bibliobelas.eba.ufmg.br\/wp-content\/uploads\/2011\/08\/fotografeumaideia_1.jpg\"><img loading=\"lazy\" decoding=\"async\" class=\"alignleft size-full wp-image-1368\" title=\"fotografeumaideia_1\" src=\"https:\/\/bibliobelas.eba.ufmg.br\/wp-content\/uploads\/2011\/08\/fotografeumaideia_1.jpg\" alt=\"\" width=\"500\" height=\"332\" srcset=\"https:\/\/bibliobelas.eba.ufmg.br\/wp-content\/uploads\/2011\/08\/fotografeumaideia_1.jpg 530w, https:\/\/bibliobelas.eba.ufmg.br\/wp-content\/uploads\/2011\/08\/fotografeumaideia_1-300x199.jpg 300w\" sizes=\"auto, (max-width: 500px) 100vw, 500px\" \/><\/a><\/p>\n<p style=\"text-align:justify;\">A televis\u00e3o e o cinema s\u00f3 existem gra\u00e7as aos avan\u00e7os t\u00e9cnicos que deram origem \u00e0 fotografia, a web 2.0 s\u00f3 \u00e9 t\u00e3o interessante pois temos v\u00eddeos e fotos bonitas e coloridas, se fosse apenas texto eu queria ver tanta gente conectada esse tempo todo.<\/p>\n<p style=\"text-align:justify;\">Indo mais longe, n\u00f3s s\u00f3 temos id\u00e9ia de como fomos quando crian\u00e7as pois vimos fotos, e tamb\u00e9m s\u00f3 sabemos como eram nossos pais mais jovens pelo mesmo motivo. Nossa hist\u00f3ria foi contada por fotos, \u00e9 nossa mem\u00f3ria.<\/p>\n<p style=\"text-align:justify;\">Imagine agora uma vida sem fotografia, sem registros de crian\u00e7a nem as fotos que denunciaram o horror das guerras ou a fome na \u00c1frica. Os an\u00fancios seriam como os velhos cartazes feitos por Lautrec. Televis\u00e3o e internet? Esque\u00e7a, elas n\u00e3o teriam nascido.<\/p>\n<p style=\"text-align:justify;\">Podem levantar a bandeira e dizer que haveria ilustra\u00e7\u00e3o, tipografia e tudo mais, de fato. Mas o diferencial da fotografia, quando comparada a outras formas de constru\u00e7\u00e3o de imagem \u00e9 o fato dela ser realista por natureza, as coisas precisam existir na frente da c\u00e2mera para serem retratadas, interpretamos uma fotografia como algo real, se o produto \u00e9 bonito na foto, assim nos parece a realidade, se uma empresa parece bem organizada e produtiva na foto, assim \u00e9 a impress\u00e3o que teremos dela.<\/p>\n<p style=\"text-align:justify;\">&#8220;Prefiro ver o mundo com os olhos da minha alma.&#8221;<br \/>\nRog\u00e9rio Fel\u00edcio<\/p>\n<p style=\"text-align:justify;\"><a href=\"https:\/\/bibliobelas.eba.ufmg.br\/wp-content\/uploads\/2011\/08\/fotos-daniel-5.jpg\"><img loading=\"lazy\" decoding=\"async\" class=\"alignleft size-full wp-image-1377\" title=\"fotos daniel (5)\" src=\"https:\/\/bibliobelas.eba.ufmg.br\/wp-content\/uploads\/2011\/08\/fotos-daniel-5.jpg\" alt=\"\" width=\"500\" height=\"375\" srcset=\"https:\/\/bibliobelas.eba.ufmg.br\/wp-content\/uploads\/2011\/08\/fotos-daniel-5.jpg 800w, https:\/\/bibliobelas.eba.ufmg.br\/wp-content\/uploads\/2011\/08\/fotos-daniel-5-300x225.jpg 300w, https:\/\/bibliobelas.eba.ufmg.br\/wp-content\/uploads\/2011\/08\/fotos-daniel-5-768x576.jpg 768w\" sizes=\"auto, (max-width: 500px) 100vw, 500px\" \/><\/a><\/p>\n<p style=\"text-align:justify;\">Mas mesmo com toda a import\u00e2ncia, seja como documento hist\u00f3rico ou como meio de comunica\u00e7\u00e3o social que independe do verbo, a fotografia \u00e9 muito maltratada. N\u00e3o h\u00e1 cultura visual em nosso pa\u00eds, n\u00e3o entendemos que uma boa fotografia vale mais do que milh\u00f5es de palavras.<\/p>\n<p style=\"text-align:justify;\"><a href=\"https:\/\/bibliobelas.eba.ufmg.br\/wp-content\/uploads\/2011\/08\/fotografeumaideia_5.jpg\"><img loading=\"lazy\" decoding=\"async\" class=\"aligncenter size-full wp-image-1372\" title=\"fotografeumaideia_5\" src=\"https:\/\/bibliobelas.eba.ufmg.br\/wp-content\/uploads\/2011\/08\/fotografeumaideia_5.jpg\" alt=\"\" width=\"500\" height=\"357\" srcset=\"https:\/\/bibliobelas.eba.ufmg.br\/wp-content\/uploads\/2011\/08\/fotografeumaideia_5.jpg 530w, https:\/\/bibliobelas.eba.ufmg.br\/wp-content\/uploads\/2011\/08\/fotografeumaideia_5-300x215.jpg 300w\" sizes=\"auto, (max-width: 500px) 100vw, 500px\" \/><\/a><\/p>\n<p style=\"text-align:justify;\">Somos analfabetos fotogr\u00e1ficos, achamos que foto serve apenas para enfeitar um site, um cat\u00e1logo ou a sala de estar. Nunca vi um manual de identidade visual que contemplasse orienta\u00e7\u00f5es sobre o estilo fotogr\u00e1fico a ser usado por uma empresa, preocupam-se com o logotipo que ocupar\u00e1 menos de 10% da p\u00e1gina e esquecem de pensar no que ir\u00e3o dizer com aquela foto que ocupar\u00e1 os outros 90%.<\/p>\n<p style=\"text-align:justify;\">No final a fotografia \u00e9 como o ar em nossos pulm\u00f5es, \u00e9 t\u00e3o presente e fundamental, que s\u00f3 iremos notar sua absoluta import\u00e2ncia quando estivermos sem ela, rodeados apenas por essas fotografias gen\u00e9ricas de bancos de imagem free, ser\u00e1 como estarmos rodeados por ar polu\u00eddo e t\u00f3xico, ficaremos doentes, cansados e deprimidos. A\u00ed quem sabe compreendamos a falta que fazem as boas fotografias, feitas de forma respons\u00e1vel por bons profissionais, gente que estuda e pesquisa, assim como na medicina, na engenharia, na arquitetura e nas outras poucas profiss\u00f5es que podem rivalizar em import\u00e2ncia com a fotografia.<\/p>\n<p><a href=\"https:\/\/bibliobelas.eba.ufmg.br\/wp-content\/uploads\/2011\/08\/fotos-daniel-6.jpg\"><img loading=\"lazy\" decoding=\"async\" class=\"alignleft size-medium wp-image-1378\" title=\"fotos daniel (6)\" src=\"https:\/\/bibliobelas.eba.ufmg.br\/wp-content\/uploads\/2011\/08\/fotos-daniel-6.jpg?w=225\" alt=\"\" width=\"225\" height=\"300\" srcset=\"https:\/\/bibliobelas.eba.ufmg.br\/wp-content\/uploads\/2011\/08\/fotos-daniel-6.jpg 600w, https:\/\/bibliobelas.eba.ufmg.br\/wp-content\/uploads\/2011\/08\/fotos-daniel-6-225x300.jpg 225w\" sizes=\"auto, (max-width: 225px) 100vw, 225px\" \/><\/a><a href=\"https:\/\/bibliobelas.eba.ufmg.br\/wp-content\/uploads\/2011\/08\/fotos-daniel-2.jpg\"><img loading=\"lazy\" decoding=\"async\" class=\"alignright size-medium wp-image-1374\" title=\"fotos daniel (2)\" src=\"https:\/\/bibliobelas.eba.ufmg.br\/wp-content\/uploads\/2011\/08\/fotos-daniel-2.jpg?w=225\" alt=\"\" width=\"225\" height=\"300\" srcset=\"https:\/\/bibliobelas.eba.ufmg.br\/wp-content\/uploads\/2011\/08\/fotos-daniel-2.jpg 600w, https:\/\/bibliobelas.eba.ufmg.br\/wp-content\/uploads\/2011\/08\/fotos-daniel-2-225x300.jpg 225w\" sizes=\"auto, (max-width: 225px) 100vw, 225px\" \/><\/a><\/p>\n<p>&nbsp;<\/p>\n<p>&nbsp;<\/p>\n<p>&nbsp;<\/p>\n<p>&nbsp;<\/p>\n<p>&nbsp;<\/p>\n<p>&nbsp;<\/p>\n<p>&nbsp;<\/p>\n<p><a href=\"https:\/\/bibliobelas.eba.ufmg.br\/wp-content\/uploads\/2011\/08\/fotografeumaideia_3.jpg\"><img loading=\"lazy\" decoding=\"async\" class=\"aligncenter size-full wp-image-1369\" title=\"fotografeumaideia_2\" src=\"https:\/\/bibliobelas.eba.ufmg.br\/wp-content\/uploads\/2011\/08\/fotografeumaideia_2.jpg\" alt=\"\" width=\"500\" height=\"332\" srcset=\"https:\/\/bibliobelas.eba.ufmg.br\/wp-content\/uploads\/2011\/08\/fotografeumaideia_2.jpg 530w, https:\/\/bibliobelas.eba.ufmg.br\/wp-content\/uploads\/2011\/08\/fotografeumaideia_2-300x199.jpg 300w\" sizes=\"auto, (max-width: 500px) 100vw, 500px\" \/><\/a><\/p>\n<p><a href=\"https:\/\/bibliobelas.eba.ufmg.br\/wp-content\/uploads\/2011\/08\/fotografeumaideia_3.jpg\"><img loading=\"lazy\" decoding=\"async\" title=\"fotografeumaideia_3\" src=\"https:\/\/bibliobelas.eba.ufmg.br\/wp-content\/uploads\/2011\/08\/fotografeumaideia_3.jpg\" alt=\"\" width=\"500\" height=\"332\" \/><\/a><\/p>\n<p><strong><strong><strong><strong><strong><a href=\"https:\/\/bibliobelas.eba.ufmg.br\/wp-content\/uploads\/2011\/08\/fotos-daniel-3.jpg\"><img loading=\"lazy\" decoding=\"async\" class=\"aligncenter size-full wp-image-1375\" title=\"fotos daniel (3)\" src=\"https:\/\/bibliobelas.eba.ufmg.br\/wp-content\/uploads\/2011\/08\/fotos-daniel-3.jpg\" alt=\"\" width=\"500\" height=\"375\" srcset=\"https:\/\/bibliobelas.eba.ufmg.br\/wp-content\/uploads\/2011\/08\/fotos-daniel-3.jpg 800w, https:\/\/bibliobelas.eba.ufmg.br\/wp-content\/uploads\/2011\/08\/fotos-daniel-3-300x225.jpg 300w, https:\/\/bibliobelas.eba.ufmg.br\/wp-content\/uploads\/2011\/08\/fotos-daniel-3-768x576.jpg 768w\" sizes=\"auto, (max-width: 500px) 100vw, 500px\" \/><\/a><\/strong><\/strong><\/strong><\/strong><\/strong><\/p>\n<p><strong><strong><strong><strong><strong><a href=\"https:\/\/bibliobelas.eba.ufmg.br\/wp-content\/uploads\/2011\/08\/fotos-daniel-1.jpg\"><img loading=\"lazy\" decoding=\"async\" class=\"aligncenter size-full wp-image-1373\" title=\"fotos daniel (1)\" src=\"https:\/\/bibliobelas.eba.ufmg.br\/wp-content\/uploads\/2011\/08\/fotos-daniel-1.jpg\" alt=\"\" width=\"500\" height=\"375\" srcset=\"https:\/\/bibliobelas.eba.ufmg.br\/wp-content\/uploads\/2011\/08\/fotos-daniel-1.jpg 800w, https:\/\/bibliobelas.eba.ufmg.br\/wp-content\/uploads\/2011\/08\/fotos-daniel-1-300x225.jpg 300w, https:\/\/bibliobelas.eba.ufmg.br\/wp-content\/uploads\/2011\/08\/fotos-daniel-1-768x576.jpg 768w\" sizes=\"auto, (max-width: 500px) 100vw, 500px\" \/><\/a><\/strong><\/strong><\/strong><\/strong><\/strong><\/p>\n<p><strong><strong><strong><strong><strong><strong><strong><strong><strong><strong><strong><a href=\"https:\/\/bibliobelas.eba.ufmg.br\/wp-content\/uploads\/2011\/08\/fotos-daniel-4.jpg\"><img loading=\"lazy\" decoding=\"async\" class=\"aligncenter size-full wp-image-1376\" title=\"fotos daniel (4)\" src=\"https:\/\/bibliobelas.eba.ufmg.br\/wp-content\/uploads\/2011\/08\/fotos-daniel-4.jpg\" alt=\"\" width=\"500\" height=\"375\" srcset=\"https:\/\/bibliobelas.eba.ufmg.br\/wp-content\/uploads\/2011\/08\/fotos-daniel-4.jpg 800w, https:\/\/bibliobelas.eba.ufmg.br\/wp-content\/uploads\/2011\/08\/fotos-daniel-4-300x225.jpg 300w, https:\/\/bibliobelas.eba.ufmg.br\/wp-content\/uploads\/2011\/08\/fotos-daniel-4-768x576.jpg 768w\" sizes=\"auto, (max-width: 500px) 100vw, 500px\" \/><\/a><\/strong><\/strong><\/strong><\/strong><\/strong><\/strong><\/strong><\/strong><\/strong><\/strong><\/strong><strong><strong><strong><\/strong><\/strong><\/strong><\/p>\n<p><strong>Fotografias de:<\/strong><\/p>\n<p><strong>Francine de Mattos e Daniel Rodrigues<\/strong><\/p>\n","protected":false},"excerpt":{"rendered":"<p>\u00a0Armando Vernaglia Jr \u00a0Outro dia ouvi a seguinte pergunta: \u201cPor que voc\u00ea \u00e9 fot\u00f3grafo?\u201d Respondi com uma frase que de t\u00e3o presun\u00e7osa pareceu a mim mesmo um pouco absurda: \u201cPor que \u00e9 a profiss\u00e3o mais importante do mundo\u201d. Parei para pensar um pouco no que havia dito e conclu\u00ed que n\u00e3o estava t\u00e3o errado e &hellip; <a href=\"https:\/\/bibliobelas.eba.ufmg.br\/index.php\/2011\/08\/a-importancia-da-fotografia\/\" class=\"more-link\">Continue lendo <span class=\"screen-reader-text\">A import\u00e2ncia da fotografia<\/span> <span class=\"meta-nav\">&rarr;<\/span><\/a><\/p>\n","protected":false},"author":1,"featured_media":0,"comment_status":"open","ping_status":"open","sticky":false,"template":"","format":"standard","meta":{"footnotes":""},"categories":[2],"tags":[],"class_list":["post-1365","post","type-post","status-publish","format-standard","hentry","category-postagens"],"_links":{"self":[{"href":"https:\/\/bibliobelas.eba.ufmg.br\/index.php\/wp-json\/wp\/v2\/posts\/1365","targetHints":{"allow":["GET"]}}],"collection":[{"href":"https:\/\/bibliobelas.eba.ufmg.br\/index.php\/wp-json\/wp\/v2\/posts"}],"about":[{"href":"https:\/\/bibliobelas.eba.ufmg.br\/index.php\/wp-json\/wp\/v2\/types\/post"}],"author":[{"embeddable":true,"href":"https:\/\/bibliobelas.eba.ufmg.br\/index.php\/wp-json\/wp\/v2\/users\/1"}],"replies":[{"embeddable":true,"href":"https:\/\/bibliobelas.eba.ufmg.br\/index.php\/wp-json\/wp\/v2\/comments?post=1365"}],"version-history":[{"count":0,"href":"https:\/\/bibliobelas.eba.ufmg.br\/index.php\/wp-json\/wp\/v2\/posts\/1365\/revisions"}],"wp:attachment":[{"href":"https:\/\/bibliobelas.eba.ufmg.br\/index.php\/wp-json\/wp\/v2\/media?parent=1365"}],"wp:term":[{"taxonomy":"category","embeddable":true,"href":"https:\/\/bibliobelas.eba.ufmg.br\/index.php\/wp-json\/wp\/v2\/categories?post=1365"},{"taxonomy":"post_tag","embeddable":true,"href":"https:\/\/bibliobelas.eba.ufmg.br\/index.php\/wp-json\/wp\/v2\/tags?post=1365"}],"curies":[{"name":"wp","href":"https:\/\/api.w.org\/{rel}","templated":true}]}}