{"id":1647,"date":"2011-10-19T18:45:18","date_gmt":"2011-10-19T20:45:18","guid":{"rendered":"http:\/\/bibliobelas.wordpress.com\/?p=1647"},"modified":"2011-10-19T18:45:18","modified_gmt":"2011-10-19T20:45:18","slug":"teatro-universitario-comemora-59-anos-com-espetaculos-workshops-e-oficinas","status":"publish","type":"post","link":"https:\/\/bibliobelas.eba.ufmg.br\/index.php\/2011\/10\/teatro-universitario-comemora-59-anos-com-espetaculos-workshops-e-oficinas\/","title":{"rendered":"Teatro Universit\u00e1rio comemora 59 anos com espet\u00e1culos, workshops e oficinas"},"content":{"rendered":"<p><a href=\"https:\/\/bibliobelas.eba.ufmg.br\/wp-content\/uploads\/2011\/10\/276490_154850231241362_7378597_n.jpg\"><img loading=\"lazy\" decoding=\"async\" class=\"alignright size-full wp-image-1650\" title=\"276490_154850231241362_7378597_n\" src=\"https:\/\/bibliobelas.eba.ufmg.br\/wp-content\/uploads\/2011\/10\/276490_154850231241362_7378597_n.jpg\" alt=\"\" width=\"180\" height=\"128\" \/><\/a><\/p>\n<p style=\"text-align:justify;\">Em comemora\u00e7\u00e3o aos 59 anos do Teatro Universit\u00e1rio (TU), a Escola de Belas-Artes recebe, no m\u00eas de outubro, diversos espet\u00e1culos, workshops e oficinas, promovidos pelo Centro de Documenta\u00e7\u00e3o do Teatro Universit\u00e1rio (CPD\/TU).<br \/>\nEm comemora\u00e7\u00e3o aos 59 anos do Teatro Universit\u00e1rio (TU), a Escola de Belas-Artes recebe, no m\u00eas de outubro, diversos espet\u00e1culos, workshops e oficinas, promovidos pelo Centro de Documenta\u00e7\u00e3o do Teatro Universit\u00e1rio (CPD\/TU).<\/p>\n<p style=\"text-align:justify;\">Nesta segunda, dia 17, \u00e0s 17h, o professor de Educa\u00e7\u00e3o F\u00edsica Greg\u00f3rio Hern\u00e1ndez apresentou seu projeto de mestrado, em andamento, que tem como foco o ator e a rua. Formado pelo TU, o estudo de Hern\u00e1ndez parte da antropologia ecol\u00f3gica e de performance para unir os dois campos de sua atua\u00e7\u00e3o. Hoje, dia 19, quarta, Fernando Linhares discute A m\u00e1scara como segunda natureza do ator: o treinamento do ator como uma t\u00e9cnica em a\u00e7\u00e3o.<\/p>\n<p style=\"text-align:justify;\">No dia 25, ter\u00e7a, das 14h \u00e0s 17h, o Instituto Universit\u00e1rio Nacional Del Arte, de Buenos Aires, apresenta o espet\u00e1culo El cad\u00e1ver de um recuerdo enterrado vivo. A pe\u00e7a conta a hist\u00f3ria de uma empresa de alum\u00ednio que, ap\u00f3s a morte de sua propriet\u00e1ria, vive um surto de depress\u00e3o entre os funcion\u00e1rios. As entradas ser\u00e3o distribu\u00eddas uma hora antes no local.<\/p>\n<p style=\"text-align:justify;\">Na quarta, 26, haver\u00e1 bate-papo com o ator, pesquisador e professor Renato Ferracini sobre O corpo na arte. As atividades v\u00e3o at\u00e9 o dia 30 e acontecem na sala Ot\u00e1vio Cardoso da EBA. Veja aprograma\u00e7\u00e3o completa.<br \/>\nNesta segunda, dia 17, \u00e0s 17h, o professor de Educa\u00e7\u00e3o F\u00edsica Greg\u00f3rio Hern\u00e1ndez vai apresentar seu projeto de mestrado, em andamento, que tem como foco o ator e a rua. Formado pelo TU, o estudo de Hern\u00e1ndez parte da antropologia ecol\u00f3gica e de performance para unir os dois campos de sua atua\u00e7\u00e3o. No dia 19, quarta, Fernando Linhares discute A m\u00e1scara como segunda natureza do ator: o treinamento do ator como uma t\u00e9cnica em a\u00e7\u00e3o.<\/p>\n<p style=\"text-align:justify;\">No dia 25, ter\u00e7a, das 14h \u00e0s 17h, o Instituto Universit\u00e1rio Nacional Del Arte, de Buenos Aires, apresenta o espet\u00e1culo El cad\u00e1ver de um recuerdo enterrado vivo. A pe\u00e7a conta a hist\u00f3ria de uma empresa de alum\u00ednio que, ap\u00f3s a morte de sua propriet\u00e1ria, vive um surto de depress\u00e3o entre os funcion\u00e1rios. As entradas ser\u00e3o distribu\u00eddas uma hora antes no local.<\/p>\n<p style=\"text-align:justify;\">Na quarta, 26, haver\u00e1 bate-papo com o ator, pesquisador e professor Renato Ferracini sobre O corpo na arte. As atividades v\u00e3o at\u00e9 o dia 30 e acontecem na sala Ot\u00e1vio Cardoso da EBA. Veja a<a href=\"http:\/\/www.ufmg.br\/online\/arquivos\/anexos\/Programacao%20Geral%2059%20anos%20TU.pdf\" target=\"_blank\" rel=\"noopener\">programa\u00e7\u00e3ocompleta<\/a>.<\/p>\n","protected":false},"excerpt":{"rendered":"<p>Em comemora\u00e7\u00e3o aos 59 anos do Teatro Universit\u00e1rio (TU), a Escola de Belas-Artes recebe, no m\u00eas de outubro, diversos espet\u00e1culos, workshops e oficinas, promovidos pelo Centro de Documenta\u00e7\u00e3o do Teatro Universit\u00e1rio (CPD\/TU). Em comemora\u00e7\u00e3o aos 59 anos do Teatro Universit\u00e1rio (TU), a Escola de Belas-Artes recebe, no m\u00eas de outubro, diversos espet\u00e1culos, workshops e oficinas, &hellip; <a href=\"https:\/\/bibliobelas.eba.ufmg.br\/index.php\/2011\/10\/teatro-universitario-comemora-59-anos-com-espetaculos-workshops-e-oficinas\/\" class=\"more-link\">Continue lendo <span class=\"screen-reader-text\">Teatro Universit\u00e1rio comemora 59 anos com espet\u00e1culos, workshops e oficinas<\/span> <span class=\"meta-nav\">&rarr;<\/span><\/a><\/p>\n","protected":false},"author":1,"featured_media":0,"comment_status":"open","ping_status":"open","sticky":false,"template":"","format":"standard","meta":{"footnotes":""},"categories":[2],"tags":[21,133],"class_list":["post-1647","post","type-post","status-publish","format-standard","hentry","category-postagens","tag-artes-cenicas","tag-teatro-universitario-tu"],"_links":{"self":[{"href":"https:\/\/bibliobelas.eba.ufmg.br\/index.php\/wp-json\/wp\/v2\/posts\/1647","targetHints":{"allow":["GET"]}}],"collection":[{"href":"https:\/\/bibliobelas.eba.ufmg.br\/index.php\/wp-json\/wp\/v2\/posts"}],"about":[{"href":"https:\/\/bibliobelas.eba.ufmg.br\/index.php\/wp-json\/wp\/v2\/types\/post"}],"author":[{"embeddable":true,"href":"https:\/\/bibliobelas.eba.ufmg.br\/index.php\/wp-json\/wp\/v2\/users\/1"}],"replies":[{"embeddable":true,"href":"https:\/\/bibliobelas.eba.ufmg.br\/index.php\/wp-json\/wp\/v2\/comments?post=1647"}],"version-history":[{"count":0,"href":"https:\/\/bibliobelas.eba.ufmg.br\/index.php\/wp-json\/wp\/v2\/posts\/1647\/revisions"}],"wp:attachment":[{"href":"https:\/\/bibliobelas.eba.ufmg.br\/index.php\/wp-json\/wp\/v2\/media?parent=1647"}],"wp:term":[{"taxonomy":"category","embeddable":true,"href":"https:\/\/bibliobelas.eba.ufmg.br\/index.php\/wp-json\/wp\/v2\/categories?post=1647"},{"taxonomy":"post_tag","embeddable":true,"href":"https:\/\/bibliobelas.eba.ufmg.br\/index.php\/wp-json\/wp\/v2\/tags?post=1647"}],"curies":[{"name":"wp","href":"https:\/\/api.w.org\/{rel}","templated":true}]}}