{"id":1921,"date":"2012-02-08T10:37:36","date_gmt":"2012-02-08T12:37:36","guid":{"rendered":"http:\/\/bibliobelas.wordpress.com\/?p=1921"},"modified":"2012-02-08T10:37:36","modified_gmt":"2012-02-08T12:37:36","slug":"alexander-mcqueen-o-genio-da-moda","status":"publish","type":"post","link":"https:\/\/bibliobelas.eba.ufmg.br\/index.php\/2012\/02\/alexander-mcqueen-o-genio-da-moda\/","title":{"rendered":"alexander McQueen, o g\u00eanio da moda"},"content":{"rendered":"<p style=\"text-align:justify;\">Alexandre Romero<\/p>\n<p style=\"text-align:justify;\">L\u2019enfant terrible, ou \u201co hooligan da moda inglesa\u201d, como muitas vezes \u00e9 apelidado. Alexander McQueen \u00e9 o derradeiro g\u00eanio da moda, entre loucura e sanidade, fragilidade e for\u00e7a, tradi\u00e7\u00e3o e modernidade, fluidez e severidade, a sua obra continua a quebrar barreiras e a elevar-se a um outro n\u00edvel.<\/p>\n<p style=\"text-align:justify;\"><a href=\"https:\/\/bibliobelas.eba.ufmg.br\/wp-content\/uploads\/2012\/02\/zz159c5cd9.jpg\"><img loading=\"lazy\" decoding=\"async\" class=\"aligncenter size-full wp-image-1922\" title=\"ZZ159C5CD9\" src=\"https:\/\/bibliobelas.eba.ufmg.br\/wp-content\/uploads\/2012\/02\/zz159c5cd9.jpg\" alt=\"\" width=\"500\" height=\"320\" srcset=\"https:\/\/bibliobelas.eba.ufmg.br\/wp-content\/uploads\/2012\/02\/zz159c5cd9.jpg 600w, https:\/\/bibliobelas.eba.ufmg.br\/wp-content\/uploads\/2012\/02\/zz159c5cd9-300x193.jpg 300w\" sizes=\"auto, (max-width: 500px) 100vw, 500px\" \/><\/a><\/p>\n<p style=\"text-align:justify;\">Em menos de dez anos, Alexander McQueen, tornou-se um dos mais respeitados criadores, tendo at\u00e9 sido director criativo da casa de alta-costura parisiense, Givenchy, que deixou em 2001 para trabalhar na sua pr\u00f3pria marca, hom\u00f3nima. Desde ent\u00e3o, faz hist\u00f3ria com os seus desfiles, unindo a excel\u00eancia da alfaiataria brit\u00e2nica, a execu\u00e7\u00e3o perfeita da alta-costura francesa e o impec\u00e1vel acabamento italiano. O seu trabalho tem descrito uma espiral ascendente no mundo da moda, pela justaposi\u00e7\u00e3o de elementos contradit\u00f3rios, resultando em colec\u00e7\u00f5es \u00fanicas, de crescente poder emocional e energia crua, pura paix\u00e3o.<\/p>\n<p style=\"text-align:justify;\">Nascido em Londres, a 17 de Mar\u00e7o de 1969, filho de um taxista, o mais novo de seis, Alexander come\u00e7ou por fazer vestidos para as tr\u00eas irm\u00e3s e, ainda jovem, anunciou que queria ser criador de moda. Deixou a escola aos 16 anos e logo se tornou aprendiz de grandes mestres na execu\u00e7\u00e3o t\u00e9cnica de vestu\u00e1rio, como <em>Anderson &amp; Shephard<\/em> ou <em>Gieves &amp; Hawkes<\/em>. Da\u00ed passou para os teatrais <em>Angels &amp; Bermans<\/em>, onde aprendeu os segredos do corte, desde o melodram\u00e1tico s\u00e9culo XVI, at\u00e9 ao design s\u00f3brio que se tornou a sua imagem de marca.<\/p>\n<p style=\"text-align:justify;\">Aos 20 anos trabalhou com o designer Koji Tatsuno, cujo trabalho tem tamb\u00e9m ra\u00edzes brit\u00e2nicas, e um ano depois viajou para Mil\u00e3o, onde foi assistente do designer Romeo Giglis. Finalmente, em 1994, voltou a Londres, onde se estabeleceu e completou o mestrado em Design de Moda na prestigiada <em>Saint Martins College of Art and Design<\/em>. A sua cole\u00e7\u00e3o de gradua\u00e7\u00e3o foi comprada na totalidade pela famosa estilista Isabella Blow.<\/p>\n<p style=\"text-align:justify;\"><a href=\"https:\/\/bibliobelas.eba.ufmg.br\/wp-content\/uploads\/2012\/02\/cc3b3pia-de-alexander-mcqueen-1.jpg\"><img loading=\"lazy\" decoding=\"async\" class=\"aligncenter size-full wp-image-1923\" title=\"C\u00f3pia de aLEXANDER mCQUEEN 1\" src=\"https:\/\/bibliobelas.eba.ufmg.br\/wp-content\/uploads\/2012\/02\/cc3b3pia-de-alexander-mcqueen-1.jpg\" alt=\"\" width=\"500\" height=\"372\" srcset=\"https:\/\/bibliobelas.eba.ufmg.br\/wp-content\/uploads\/2012\/02\/cc3b3pia-de-alexander-mcqueen-1.jpg 610w, https:\/\/bibliobelas.eba.ufmg.br\/wp-content\/uploads\/2012\/02\/cc3b3pia-de-alexander-mcqueen-1-300x224.jpg 300w\" sizes=\"auto, (max-width: 500px) 100vw, 500px\" \/><\/a><a href=\"https:\/\/bibliobelas.eba.ufmg.br\/wp-content\/uploads\/2012\/02\/cc3b3pia-de-alexander-mcqueen-2.jpg\"><img loading=\"lazy\" decoding=\"async\" class=\"aligncenter size-full wp-image-1924\" title=\"C\u00f3pia de aLEXANDER mCQUEEN 2\" src=\"https:\/\/bibliobelas.eba.ufmg.br\/wp-content\/uploads\/2012\/02\/cc3b3pia-de-alexander-mcqueen-2.jpg\" alt=\"\" width=\"500\" height=\"372\" srcset=\"https:\/\/bibliobelas.eba.ufmg.br\/wp-content\/uploads\/2012\/02\/cc3b3pia-de-alexander-mcqueen-2.jpg 610w, https:\/\/bibliobelas.eba.ufmg.br\/wp-content\/uploads\/2012\/02\/cc3b3pia-de-alexander-mcqueen-2-300x224.jpg 300w\" sizes=\"auto, (max-width: 500px) 100vw, 500px\" \/><\/a>As duas colec\u00e7\u00f5es mais recentes, &#8220;The Horn of Plenty&#8221; (O Corno da Abund\u00e2ncia) e &#8220;Plato\u2019s Atlantis&#8221; (Atl\u00e2ntida de Plat\u00e3o) s\u00e3o mostras da mais pura natureza contempor\u00e2nea e do g\u00eanio negro de McQueen. A primeira, traduz a vis\u00e3o do criador sobre o consumismo e a industrializa\u00e7\u00e3o, transformando objectos comuns em acess\u00f3rios prodigiosos, numa ode \u00e0 reciclagem e reutiliza\u00e7\u00e3o. A segunda, \u00e9 o ep\u00edteto da vanguarda da moda, quer pela elabora\u00e7\u00e3o t\u00e9cnica do desfile, em que dois robos se apresentam no meio da passarela e transmitem o desfile em direto para todo o mundo, quer pela beleza da colec\u00e7\u00e3o em si. Sob o mote da actualidade, dos problemas ambientais e da mudan\u00e7a, a cole\u00e7\u00e3o relembra para a necessidade de adapta\u00e7\u00e3o humana \u00e0s novas condi\u00e7\u00f5es ambientais, e prop\u00f5e que o futuro possa estar no fundo o oceano.<\/p>\n<p style=\"text-align:justify;\"><a href=\"https:\/\/bibliobelas.eba.ufmg.br\/wp-content\/uploads\/2012\/02\/cc3b3pia-de-alexander-mcqueen-3.jpg\"><img loading=\"lazy\" decoding=\"async\" class=\"aligncenter size-full wp-image-1925\" title=\"C\u00f3pia de aLEXANDER mCQUEEN 3\" src=\"https:\/\/bibliobelas.eba.ufmg.br\/wp-content\/uploads\/2012\/02\/cc3b3pia-de-alexander-mcqueen-3.jpg\" alt=\"\" width=\"500\" height=\"396\" srcset=\"https:\/\/bibliobelas.eba.ufmg.br\/wp-content\/uploads\/2012\/02\/cc3b3pia-de-alexander-mcqueen-3.jpg 610w, https:\/\/bibliobelas.eba.ufmg.br\/wp-content\/uploads\/2012\/02\/cc3b3pia-de-alexander-mcqueen-3-300x238.jpg 300w\" sizes=\"auto, (max-width: 500px) 100vw, 500px\" \/><\/a><\/p>\n<p style=\"text-align:justify;\">A arquitetura das pe\u00e7as, o corte, texturas, cores e padr\u00f5es, a maquiagem, os cabelos e os sapatos (os modelos mais fant\u00e1sticos que o mundo j\u00e1 viu!) est\u00e3o em comunh\u00e3o entre si e com a Natureza. A primeira s\u00e9rie \u00e9 composta por estampas caleidosc\u00f3picas que criam um efeito sim\u00e9trico nos looks, cheios de padr\u00f5es animais e texturas org\u00e2nicas, a segunda s\u00e9rie representa a descida ao mar profundo onde as pe\u00e7as s\u00e3o flu\u00eddas como \u00e1gua e as modelos se transformam em criaturas marinhas, alienadas. Verdadeiramente indescrit\u00edvel!<\/p>\n<p style=\"text-align:justify;\"><a href=\"https:\/\/bibliobelas.eba.ufmg.br\/wp-content\/uploads\/2012\/02\/cc3b3pia-de-alexander-mcqueen-4.jpg\"><img loading=\"lazy\" decoding=\"async\" class=\"aligncenter size-full wp-image-1926\" title=\"C\u00f3pia de aLEXANDER mCQUEEN 4\" src=\"https:\/\/bibliobelas.eba.ufmg.br\/wp-content\/uploads\/2012\/02\/cc3b3pia-de-alexander-mcqueen-4.jpg\" alt=\"\" width=\"500\" height=\"396\" srcset=\"https:\/\/bibliobelas.eba.ufmg.br\/wp-content\/uploads\/2012\/02\/cc3b3pia-de-alexander-mcqueen-4.jpg 610w, https:\/\/bibliobelas.eba.ufmg.br\/wp-content\/uploads\/2012\/02\/cc3b3pia-de-alexander-mcqueen-4-300x238.jpg 300w\" sizes=\"auto, (max-width: 500px) 100vw, 500px\" \/><\/a><a href=\"https:\/\/bibliobelas.eba.ufmg.br\/wp-content\/uploads\/2012\/02\/cc3b3pia-de-alexander-mcqueen-5.jpg\"><img loading=\"lazy\" decoding=\"async\" class=\"aligncenter size-full wp-image-1927\" title=\"C\u00f3pia de aLEXANDER mCQUEEN 5\" src=\"https:\/\/bibliobelas.eba.ufmg.br\/wp-content\/uploads\/2012\/02\/cc3b3pia-de-alexander-mcqueen-5.jpg\" alt=\"\" width=\"500\" height=\"372\" srcset=\"https:\/\/bibliobelas.eba.ufmg.br\/wp-content\/uploads\/2012\/02\/cc3b3pia-de-alexander-mcqueen-5.jpg 610w, https:\/\/bibliobelas.eba.ufmg.br\/wp-content\/uploads\/2012\/02\/cc3b3pia-de-alexander-mcqueen-5-300x223.jpg 300w\" sizes=\"auto, (max-width: 500px) 100vw, 500px\" \/><\/a><a href=\"https:\/\/bibliobelas.eba.ufmg.br\/wp-content\/uploads\/2012\/02\/cc3b3pia-de-alexander-mcqueen-6.jpg\"><img loading=\"lazy\" decoding=\"async\" class=\"aligncenter size-full wp-image-1928\" title=\"C\u00f3pia de aLEXANDER mCQUEEN 6\" src=\"https:\/\/bibliobelas.eba.ufmg.br\/wp-content\/uploads\/2012\/02\/cc3b3pia-de-alexander-mcqueen-6.jpg\" alt=\"\" width=\"500\" height=\"749\" srcset=\"https:\/\/bibliobelas.eba.ufmg.br\/wp-content\/uploads\/2012\/02\/cc3b3pia-de-alexander-mcqueen-6.jpg 570w, https:\/\/bibliobelas.eba.ufmg.br\/wp-content\/uploads\/2012\/02\/cc3b3pia-de-alexander-mcqueen-6-200x300.jpg 200w\" sizes=\"auto, (max-width: 500px) 100vw, 500px\" \/><\/a><\/p>\n<p style=\"text-align:justify;\">[youtube=http:\/\/www.youtube.com\/watch?v=JE-xYSLunwY]<\/p>\n","protected":false},"excerpt":{"rendered":"<p>Alexandre Romero L\u2019enfant terrible, ou \u201co hooligan da moda inglesa\u201d, como muitas vezes \u00e9 apelidado. Alexander McQueen \u00e9 o derradeiro g\u00eanio da moda, entre loucura e sanidade, fragilidade e for\u00e7a, tradi\u00e7\u00e3o e modernidade, fluidez e severidade, a sua obra continua a quebrar barreiras e a elevar-se a um outro n\u00edvel. Em menos de dez anos, &hellip; <a href=\"https:\/\/bibliobelas.eba.ufmg.br\/index.php\/2012\/02\/alexander-mcqueen-o-genio-da-moda\/\" class=\"more-link\">Continue lendo <span class=\"screen-reader-text\">alexander McQueen, o g\u00eanio da moda<\/span> <span class=\"meta-nav\">&rarr;<\/span><\/a><\/p>\n","protected":false},"author":1,"featured_media":0,"comment_status":"open","ping_status":"open","sticky":false,"template":"","format":"standard","meta":{"footnotes":""},"categories":[2],"tags":[100],"class_list":["post-1921","post","type-post","status-publish","format-standard","hentry","category-postagens","tag-moda-profissionais"],"_links":{"self":[{"href":"https:\/\/bibliobelas.eba.ufmg.br\/index.php\/wp-json\/wp\/v2\/posts\/1921","targetHints":{"allow":["GET"]}}],"collection":[{"href":"https:\/\/bibliobelas.eba.ufmg.br\/index.php\/wp-json\/wp\/v2\/posts"}],"about":[{"href":"https:\/\/bibliobelas.eba.ufmg.br\/index.php\/wp-json\/wp\/v2\/types\/post"}],"author":[{"embeddable":true,"href":"https:\/\/bibliobelas.eba.ufmg.br\/index.php\/wp-json\/wp\/v2\/users\/1"}],"replies":[{"embeddable":true,"href":"https:\/\/bibliobelas.eba.ufmg.br\/index.php\/wp-json\/wp\/v2\/comments?post=1921"}],"version-history":[{"count":0,"href":"https:\/\/bibliobelas.eba.ufmg.br\/index.php\/wp-json\/wp\/v2\/posts\/1921\/revisions"}],"wp:attachment":[{"href":"https:\/\/bibliobelas.eba.ufmg.br\/index.php\/wp-json\/wp\/v2\/media?parent=1921"}],"wp:term":[{"taxonomy":"category","embeddable":true,"href":"https:\/\/bibliobelas.eba.ufmg.br\/index.php\/wp-json\/wp\/v2\/categories?post=1921"},{"taxonomy":"post_tag","embeddable":true,"href":"https:\/\/bibliobelas.eba.ufmg.br\/index.php\/wp-json\/wp\/v2\/tags?post=1921"}],"curies":[{"name":"wp","href":"https:\/\/api.w.org\/{rel}","templated":true}]}}