{"id":2021,"date":"2012-03-26T17:03:54","date_gmt":"2012-03-26T19:03:54","guid":{"rendered":"http:\/\/bibliobelas.wordpress.com\/?p=2021"},"modified":"2012-03-26T17:03:54","modified_gmt":"2012-03-26T19:03:54","slug":"gilberto-freyre-modas-e-estilos","status":"publish","type":"post","link":"https:\/\/bibliobelas.eba.ufmg.br\/index.php\/2012\/03\/gilberto-freyre-modas-e-estilos\/","title":{"rendered":"Gilberto Freyre, modas e estilos"},"content":{"rendered":"<p>TARCISIO D\u00b4ALMEIDA<\/p>\n<h5 style=\"text-align:right;\">Publicado no <a href=\"http:\/\/www.otempo.com.br\/otempo\/noticias\/?IdNoticia=197861\" target=\"_blank\" rel=\"noopener\">Jornal OTEMPO<\/a> em 11\/03\/2012<\/h5>\n<div style=\"text-align:justify;\">\n<div id=\"div_materia\">\n<p><a href=\"https:\/\/bibliobelas.eba.ufmg.br\/wp-content\/uploads\/2012\/03\/5cf08d05c5529f6d0a01eaf74d89abfc412.jpg\"><img loading=\"lazy\" decoding=\"async\" class=\"alignright size-medium wp-image-2024\" title=\"5cf08d05c5529f6d0a01eaf74d89abfc412\" src=\"https:\/\/bibliobelas.eba.ufmg.br\/wp-content\/uploads\/2012\/03\/5cf08d05c5529f6d0a01eaf74d89abfc412.jpg?w=222\" alt=\"\" width=\"222\" height=\"300\" srcset=\"https:\/\/bibliobelas.eba.ufmg.br\/wp-content\/uploads\/2012\/03\/5cf08d05c5529f6d0a01eaf74d89abfc412.jpg 373w, https:\/\/bibliobelas.eba.ufmg.br\/wp-content\/uploads\/2012\/03\/5cf08d05c5529f6d0a01eaf74d89abfc412-223x300.jpg 223w\" sizes=\"auto, (max-width: 222px) 100vw, 222px\" \/><\/a>Dois nomes edificam o que atualmente compreendemos como comunidade intelectual da moda no Brasil. Primeiramente, a paulista Gilda de Mello e Souza (ver artigos : <a href=\"http:\/\/www.revistasusp.sibi.usp.br\/scielo.php?pid=S0103-99892006000200011&amp;script=sci_arttext\" target=\"_blank\" rel=\"noopener\">1<\/a>, <a href=\"http:\/\/www.scielo.br\/pdf\/nec\/n74\/29641.pdf\" target=\"_blank\" rel=\"noopener\">2<\/a>, <a href=\"http:\/\/www.iconica.com.br\/?p=394\" target=\"_blank\" rel=\"noopener\">3<\/a>) \u00e9 a pensadora que produziu, na USP, a primeira tese com foco central nas reflex\u00f5es sobre a moda. Outro nome \u00e9 o do soci\u00f3logo pernambucano Gilberto Freyre, o pensador que, mesmo n\u00e3o tendo se dedicado ao tema em nenhum de seus estudos para obten\u00e7\u00e3o de t\u00edtulos (mestrado e doutorado), produziu uma s\u00e9rie de artigos que foram publicados na grande imprensa e que versavam sobre os embates entre as imposi\u00e7\u00f5es dos estilos estrangeiros na sociedade brasileira e os jeitos naturais da brasilidade e, ainda, como estes contribuem para a constru\u00e7\u00e3o das nossas identidades, modas e estilos pr\u00f3prios.<\/p>\n<p>A sociologia de Freyre se debru\u00e7ou sobre as quest\u00f5es das modas e dos modos tanto de mulheres quanto de homens da sociedade brasileira, em especial, a partir do fim do s\u00e9culo XIX, sobretudo, durante a primeira metade do s\u00e9culo XX. Mas n\u00e3o somente as modas e os estilos. Os corpos, a morenidade e o processo de higieniza\u00e7\u00e3o decorrente da utiliza\u00e7\u00e3o de mat\u00e9rias-primas mais adequadas \u00e0 realidade clim\u00e1tica brasileira tamb\u00e9m ganharam destaques nas observa\u00e7\u00f5es do pensador. Nesse sentido, Freyre direcionou sua reflex\u00e3o para o entendimento do que poder\u00edamos chamar de moda &#8220;Made in Brazil&#8221;.<\/p>\n<p>Essa compreens\u00e3o &#8211; ou melhor, essa defesa &#8211; do nosso &#8220;savoir faire&#8221; \u00e9 o eixo condutor da obra &#8220;Modos de Homem &amp; Modas de Mulher&#8221;, compila\u00e7\u00e3o dos artigos publicados na grande imprensa e que foram editados em formato de livro em 1987, com segunda edi\u00e7\u00e3o em 2009. Essa obra reconstr\u00f3i o percurso intelectual do autor, levantando os conceitos propostos por ele para &#8220;moda&#8221;, &#8220;estilo&#8221; e &#8220;comportamento&#8221; e como esses se relacionam com as complexas redes estabelecidas entre os indiv\u00edduos na sociedade brasileira. Portanto, no\u00e7\u00f5es de frui\u00e7\u00e3o est\u00e9tica e cultural s\u00e3o propostas essenciais sugeridas nos artigos de Freyre para entendermos as implica\u00e7\u00f5es das modas e dos estilos da \u00e9poca e seus reflexos sociais e culturais.<\/p>\n<p>Como escrevi em um artigo para o V Col\u00f3quio de Moda, &#8220;se o pensamento sociol\u00f3gico do alem\u00e3o Georg Simmel, com a publica\u00e7\u00e3o de seu ensaio &#8220;Philosophie der Mode&#8221;, em 1904, \u00e9 sin\u00f4nimo de estudo cl\u00e1ssico da moda, as abordagens de Freyre adquiriram uma sinon\u00edmia em rela\u00e7\u00e3o \u00e0s quest\u00f5es referentes n\u00e3o s\u00f3 \u00e0 moda e ao estilo, mas tamb\u00e9m aos modos; e a como todos se relacionam e coexistem tanto em homens como em mulheres. Mas n\u00e3o s\u00e3o quaisquer homens e mulheres e, sim, brasileiros e brasileiras e, o que \u00e9 mais crucial na obra, as rela\u00e7\u00f5es que se constituem a partir das din\u00e2micas sociais, culturais e de identidades do Brasil, em um momento, e do Nordeste, em um segundo est\u00e1gio de reflex\u00e3o, al\u00e9m de suas demandas tropicais e de clima&#8221;.<\/p>\n<p>Mas \u00e9 preciso lembrarmos que, antes mesmo de publicar &#8220;Modos de Homem &amp; Modas de Mulher&#8221;, Freyre sinalizou a import\u00e2ncia para os vestu\u00e1rios e os padr\u00f5es est\u00e9ticos de comportamentos da sociedade. Em sua obra-prima, &#8220;Sobrados e Mucambos&#8221;, dedicou especial aten\u00e7\u00e3o ao vestu\u00e1rio feminino, \u00e0s barbas masculinas e ao dimorfismo sexual. O historiador Peter Burke nos lembra, em um artigo para o &#8220;Caderno Mais!&#8221;, da &#8220;Folha de S. Paulo&#8221; (12\/3\/2000), outros t\u00f3picos essenciais em Freyre: &#8220;Seu interesse na hist\u00f3ria das roupas estendia-se dos trajes formais dos moleques oitocentistas aos turbantes das escravas negras&#8221;.<\/p>\n<h6><em>Tarcisio D\u00b4Almeida \u00e9 professor e pesquisador do curso design de moda da Escola de Belas Artes, da Universidade Federal de Minas Gerais (EBA-UFMG). <\/em><a href=\"mailto:tarcisiodalmeida@eba.ufmg.br\"><em>tarcisiodalmeida@eba.ufmg.br<\/em><\/a><\/h6>\n<\/div>\n<\/div>\n<div style=\"text-align:left;\">++++++++++++++++++<\/div>\n<div style=\"text-align:left;\"><\/div>\n<div style=\"text-align:left;\"><span style=\"color:#ff0000;\"><em>O livro <strong>&#8220;Modos de Homem &amp; Modas de Mulher&#8221;<\/strong> est\u00e1 dispon\u00edvel para empr\u00e9stimo na Faculdade de Filosofia e Ci\u00eancias Humanas da UFMG<\/em><\/span><\/div>\n","protected":false},"excerpt":{"rendered":"<p>TARCISIO D\u00b4ALMEIDA Publicado no Jornal OTEMPO em 11\/03\/2012 Dois nomes edificam o que atualmente compreendemos como comunidade intelectual da moda no Brasil. Primeiramente, a paulista Gilda de Mello e Souza (ver artigos : 1, 2, 3) \u00e9 a pensadora que produziu, na USP, a primeira tese com foco central nas reflex\u00f5es sobre a moda. Outro &hellip; <a href=\"https:\/\/bibliobelas.eba.ufmg.br\/index.php\/2012\/03\/gilberto-freyre-modas-e-estilos\/\" class=\"more-link\">Continue lendo <span class=\"screen-reader-text\">Gilberto Freyre, modas e estilos<\/span> <span class=\"meta-nav\">&rarr;<\/span><\/a><\/p>\n","protected":false},"author":1,"featured_media":0,"comment_status":"open","ping_status":"open","sticky":false,"template":"","format":"standard","meta":{"footnotes":""},"categories":[2],"tags":[],"class_list":["post-2021","post","type-post","status-publish","format-standard","hentry","category-postagens"],"_links":{"self":[{"href":"https:\/\/bibliobelas.eba.ufmg.br\/index.php\/wp-json\/wp\/v2\/posts\/2021","targetHints":{"allow":["GET"]}}],"collection":[{"href":"https:\/\/bibliobelas.eba.ufmg.br\/index.php\/wp-json\/wp\/v2\/posts"}],"about":[{"href":"https:\/\/bibliobelas.eba.ufmg.br\/index.php\/wp-json\/wp\/v2\/types\/post"}],"author":[{"embeddable":true,"href":"https:\/\/bibliobelas.eba.ufmg.br\/index.php\/wp-json\/wp\/v2\/users\/1"}],"replies":[{"embeddable":true,"href":"https:\/\/bibliobelas.eba.ufmg.br\/index.php\/wp-json\/wp\/v2\/comments?post=2021"}],"version-history":[{"count":0,"href":"https:\/\/bibliobelas.eba.ufmg.br\/index.php\/wp-json\/wp\/v2\/posts\/2021\/revisions"}],"wp:attachment":[{"href":"https:\/\/bibliobelas.eba.ufmg.br\/index.php\/wp-json\/wp\/v2\/media?parent=2021"}],"wp:term":[{"taxonomy":"category","embeddable":true,"href":"https:\/\/bibliobelas.eba.ufmg.br\/index.php\/wp-json\/wp\/v2\/categories?post=2021"},{"taxonomy":"post_tag","embeddable":true,"href":"https:\/\/bibliobelas.eba.ufmg.br\/index.php\/wp-json\/wp\/v2\/tags?post=2021"}],"curies":[{"name":"wp","href":"https:\/\/api.w.org\/{rel}","templated":true}]}}