{"id":2164,"date":"2012-04-15T06:42:56","date_gmt":"2012-04-15T08:42:56","guid":{"rendered":"http:\/\/bibliobelas.wordpress.com\/?p=2164"},"modified":"2012-04-15T06:42:56","modified_gmt":"2012-04-15T08:42:56","slug":"exposicao-coletiva-jornal-da-imagem-imagem-do-jornal","status":"publish","type":"post","link":"https:\/\/bibliobelas.eba.ufmg.br\/index.php\/2012\/04\/exposicao-coletiva-jornal-da-imagem-imagem-do-jornal\/","title":{"rendered":"Exposi\u00e7\u00e3o Coletiva \u201cJornal da Imagem | Imagem do Jornal\u201d [cat\u00e1logo virtual]"},"content":{"rendered":"<p style=\"text-align:justify;\"><a href=\"https:\/\/bibliobelas.eba.ufmg.br\/wp-content\/uploads\/2012\/04\/jornal-da-imagem.jpg\"><img loading=\"lazy\" decoding=\"async\" class=\"aligncenter size-full wp-image-2168\" title=\"Jornal da imagem\" src=\"https:\/\/bibliobelas.eba.ufmg.br\/wp-content\/uploads\/2012\/04\/jornal-da-imagem.jpg\" alt=\"\" width=\"477\" height=\"489\" srcset=\"https:\/\/bibliobelas.eba.ufmg.br\/wp-content\/uploads\/2012\/04\/jornal-da-imagem.jpg 477w, https:\/\/bibliobelas.eba.ufmg.br\/wp-content\/uploads\/2012\/04\/jornal-da-imagem-293x300.jpg 293w\" sizes=\"auto, (max-width: 477px) 100vw, 477px\" \/><\/a>A exposi\u00e7\u00e3o O jornal da imagem | imagem do jornal foi elaborada em um Grupo de Pesquisa, o <a href=\"http:\/\/www.eba.ufmg.br\/a-construcao-do-real\/pt\/apresentacao.html#topo\" target=\"_blank\" rel=\"noopener\"><em>Bureau<\/em> <\/a>de estudos sobre a imagem e o tempo, da <em>Escola de Belas Artes <\/em>da<em> UFMG<\/em> e tem como ponto de refer\u00eancia o jornal como suporte, o que esteve sempre na mira de muitos artistas. O jornal j\u00e1 apresenta em si um projeto gr\u00e1fico, um texto, uma imagem, um desenho. N\u00e3o raro o associamos ao cartaz. A aten\u00e7\u00e3o dessa exposi\u00e7\u00e3o \u00e9 colocada sob os trabalhos que utilizam esse suporte de fina espessura, mas de polivalente utiliza\u00e7\u00e3o; pois o jornal, em sua singularidade, existe tamb\u00e9m como multiplicidade, bem como suas maneiras de acolher a imagem e a forma. A variedade imprevis\u00edvel desse material que \u00e9 o suporte de uma das atividades humanas \u2014 ler jornal \u2014 faz com que designe, do ponto de vista de sua materialidade e tatilidade, uma zona espec\u00edfica onde os gestos da m\u00e3o induzem tra\u00e7os palp\u00e1veis. J\u00e1 escutamos: nada mais simples do que um jornal. Algo simples, mas pass\u00edvel de suscitar o tra\u00e7o gestual, que ordena formas de ser do cotidiano na hist\u00f3ria de todos. Assim \u00e9 o jornal, esse flex\u00edvel material: lugar para fixar constela\u00e7\u00f5es de qualidades, dispondo sua superf\u00edcie para nossas inven\u00e7\u00f5es e possibilidades.<\/p>\n<p style=\"text-align:justify;\"><strong><big>Veja o cat\u00e1logo virtual <a href=\"https:\/\/docs.google.com\/open?id=1E3Cv8NjLvEso0yhYydMwEUGVZsWy5FVvbFpubNXIbE_j_TKKw8jVQD_z2B5D\" target=\"_blank\" rel=\"noopener\">aqui<\/a>!<\/big><\/strong><\/p>\n<p style=\"text-align:justify;\">O jornal est\u00e1 intrinsecamente ligado \u00e0 cultura de massa, termo que designa uma forma relacionada \u00e0 sociedade contempor\u00e2nea e aos muitos objetos que lhe s\u00e3o destinados. Ele apareceu de forma mais definitiva no s\u00e9culo XVIII e se firmou ao mesmo tempo no per\u00edodo chamado \u201ca era do papel\u201d. Assim, foi contribuindo bastante para a amplia\u00e7\u00e3o de um p\u00fablico mais alfabetizado e evoluindo atrav\u00e9s de sua atua\u00e7\u00e3o social e pol\u00edtica, sobretudo atrav\u00e9s da necessidade da liberdade de express\u00e3o e das t\u00e9cnicas e procedimentos de impress\u00e3o. Isso trouxe a quest\u00e3o da difus\u00e3o da informa\u00e7\u00e3o, criando a acultura\u00e7\u00e3o \u2014 fen\u00f4meno que resulta do contato direto e cont\u00ednuo entre grupos de indiv\u00edduos de culturas diferentes levando \u00e0s mudan\u00e7as de h\u00e1bitos e formas culturais \u2014 visto que pessoas de lugares distantes liam a mesma not\u00edcia e se informavam visualmente e literariamente pelo mesmo jornal. Mais tarde veio a difus\u00e3o das imagens, revelando a problematiza\u00e7\u00e3o da sua exposi\u00e7\u00e3o pol\u00edtica.<\/p>\n<p style=\"text-align:justify;\">Em seu texto A obra de arte na era de sua reprodutibilidade t\u00e9cnica, Walter Benjamin nos diz claramente que uma das grandes quest\u00f5es pol\u00edticas do tempo em que vivia era o valor da sua exposi\u00e7\u00e3o pela imagem, na qual somente a estrela \u2014 star \u2014 o campe\u00e3o esportivo e o ditador eram os vencedores.\u00a0 E o jornal, como fonte divulgativa de imagens, nunca escapou dos apetites pol\u00edticos de manipula\u00e7\u00e3o, sendo, apesar de tudo, um elemento de sobreviv\u00eancia, que exp\u00f5e conflitos, paradoxos e choques bem como a distor\u00e7\u00e3o e a espetaculariza\u00e7\u00e3o \u2014 caracter\u00edsticas das quais a hist\u00f3ria \u00e9 tecida.<\/p>\n<p style=\"text-align:justify;\"><strong><a href=\"https:\/\/bibliobelas.eba.ufmg.br\/wp-content\/uploads\/2012\/04\/patriciafranca-huchet.jpg\"><img loading=\"lazy\" decoding=\"async\" class=\"alignleft size-medium wp-image-2171\" title=\"patriciafranca-huchet\" src=\"https:\/\/bibliobelas.eba.ufmg.br\/wp-content\/uploads\/2012\/04\/patriciafranca-huchet.jpg?w=211\" alt=\"\" width=\"211\" height=\"300\" srcset=\"https:\/\/bibliobelas.eba.ufmg.br\/wp-content\/uploads\/2012\/04\/patriciafranca-huchet.jpg 1654w, https:\/\/bibliobelas.eba.ufmg.br\/wp-content\/uploads\/2012\/04\/patriciafranca-huchet-212x300.jpg 212w, https:\/\/bibliobelas.eba.ufmg.br\/wp-content\/uploads\/2012\/04\/patriciafranca-huchet-723x1024.jpg 723w, https:\/\/bibliobelas.eba.ufmg.br\/wp-content\/uploads\/2012\/04\/patriciafranca-huchet-768x1088.jpg 768w, https:\/\/bibliobelas.eba.ufmg.br\/wp-content\/uploads\/2012\/04\/patriciafranca-huchet-1084x1536.jpg 1084w, https:\/\/bibliobelas.eba.ufmg.br\/wp-content\/uploads\/2012\/04\/patriciafranca-huchet-1446x2048.jpg 1446w\" sizes=\"auto, (max-width: 211px) 100vw, 211px\" \/><\/a><\/strong><\/p>\n<p style=\"text-align:justify;\"><span style=\"color:#ffffff;\">.<\/span><\/p>\n<p style=\"text-align:justify;\"><strong>Patricia Franca-Huchet<\/strong> explora o poder da imagem e sua for\u00e7a no espa\u00e7o da folha do jornal. Esconde o texto recobrindo as partes que lhe s\u00e3o destinadas com vinis coloridos criando espa\u00e7os compositivos com a imagem. Resultam imagens que perdem o significado ilustrativo impondo sua presen\u00e7a mais silenciosa e imageante.<span style=\"color:#ffffff;\">.<\/span><\/p>\n<p style=\"text-align:justify;\"><span style=\"color:#ffffff;\">.<\/span><\/p>\n<p style=\"text-align:justify;\"><strong><a href=\"https:\/\/bibliobelas.eba.ufmg.br\/wp-content\/uploads\/2012\/04\/gladstoncosta.jpg\"><img loading=\"lazy\" decoding=\"async\" class=\"alignright  wp-image-2172\" title=\"GladstonCosta\" src=\"https:\/\/bibliobelas.eba.ufmg.br\/wp-content\/uploads\/2012\/04\/gladstoncosta.jpg?w=276\" alt=\"\" width=\"276\" height=\"300\" srcset=\"https:\/\/bibliobelas.eba.ufmg.br\/wp-content\/uploads\/2012\/04\/gladstoncosta.jpg 1181w, https:\/\/bibliobelas.eba.ufmg.br\/wp-content\/uploads\/2012\/04\/gladstoncosta-276x300.jpg 276w, https:\/\/bibliobelas.eba.ufmg.br\/wp-content\/uploads\/2012\/04\/gladstoncosta-943x1024.jpg 943w, https:\/\/bibliobelas.eba.ufmg.br\/wp-content\/uploads\/2012\/04\/gladstoncosta-768x834.jpg 768w\" sizes=\"auto, (max-width: 276px) 100vw, 276px\" \/><\/a><\/strong><\/p>\n<p style=\"text-align:justify;\"><strong>Gladston Costa<\/strong> prop\u00f5e uma desconstru\u00e7\u00e3o da fun\u00e7\u00e3o comunicativa do jornal por meio da subtra\u00e7\u00e3o dos textos e fotografias e da valoriza\u00e7\u00e3o dos elementos pict\u00f3ricos que fundamentam uma ent\u00e3o l\u00f3gica construtivo\/informativa do jornal impresso. Destas a\u00e7\u00f5es pl\u00e1sticas resultam conjuntos de pinturas em que os c\u00f3digos da comunica\u00e7\u00e3o de massa s\u00e3o esvaziados e mostrados como exemplifica\u00e7\u00f5es de dispositivos contempor\u00e2neos de comunica\u00e7\u00e3o e consequentemente de produ\u00e7\u00e3o ideol\u00f3gica.<\/p>\n<p style=\"text-align:justify;\"><strong><a href=\"https:\/\/bibliobelas.eba.ufmg.br\/wp-content\/uploads\/2012\/04\/ricardoburgarelli.jpg\"><img loading=\"lazy\" decoding=\"async\" class=\"alignleft size-medium wp-image-2170\" title=\"ricardoburgarelli\" src=\"https:\/\/bibliobelas.eba.ufmg.br\/wp-content\/uploads\/2012\/04\/ricardoburgarelli.jpg?w=205\" alt=\"\" width=\"205\" height=\"300\" \/><\/a>Ricardo Burgarelli<\/strong> utiliza o jornal na busca de rela\u00e7\u00f5es dial\u00e9ticas com a imagem e as not\u00edcias a partir de um olhar cr\u00edtico sobre elementos constitutivos da nossa pol\u00edtica, hist\u00f3ria, sociedade e modo de inser\u00e7\u00e3o no mundo. Na exposi\u00e7\u00e3o &#8220;Jornal da Imagem | Imagem do Jornal&#8221; \u00e9 explorada em jornais de diversos pa\u00edses a repercuss\u00e3o mundial da execu\u00e7\u00e3o dos anarquistas italianos Sacco e Vanzetti nos Estados Unidos da Am\u00e9rica.<\/p>\n<p style=\"text-align:justify;\"><span style=\"color:#ff0000;\"><strong>+++++++++++++++++++++++++++++++++++++++++++++++++++<\/strong><\/span><\/p>\n<p>Exposi\u00e7\u00e3o Coletiva<strong> \u201cJornal da Imagem | Imagem do Jornal\u201d<\/strong><br \/>\n<em>&#8211; Gladston Costa<\/em><br \/>\n<em>&#8211; Patricia Franca-Huchet<\/em> [coordenadora do grupo de estudos BE-IT: Bureau de estudos sobre a imagem e o tempo da EBA\/UFMG]<br \/>\n<em>&#8211; Ricardo Burgarelli<\/em><\/p>\n<p><a href=\"https:\/\/bibliobelas.eba.ufmg.br\/wp-content\/uploads\/2012\/04\/dsc_2196.jpg\"><img loading=\"lazy\" decoding=\"async\" class=\"aligncenter  wp-image-2169\" title=\"DSC_2196\" src=\"https:\/\/bibliobelas.eba.ufmg.br\/wp-content\/uploads\/2012\/04\/dsc_2196.jpg\" alt=\"\" width=\"500\" height=\"332\" srcset=\"https:\/\/bibliobelas.eba.ufmg.br\/wp-content\/uploads\/2012\/04\/dsc_2196.jpg 1388w, https:\/\/bibliobelas.eba.ufmg.br\/wp-content\/uploads\/2012\/04\/dsc_2196-300x200.jpg 300w, https:\/\/bibliobelas.eba.ufmg.br\/wp-content\/uploads\/2012\/04\/dsc_2196-1024x682.jpg 1024w, https:\/\/bibliobelas.eba.ufmg.br\/wp-content\/uploads\/2012\/04\/dsc_2196-768x511.jpg 768w\" sizes=\"auto, (max-width: 500px) 100vw, 500px\" \/><\/a><strong>Local<\/strong> : Galeria de Arte do espa\u00e7o Cultural da Cemig<br \/>\n<strong>Abertura<\/strong> : Dia 17 de abril de 2012,\u00a0 terca-feira \u00e0s 20 horas<br \/>\n<strong>Per\u00edodo da exposi\u00e7\u00e3o<\/strong>: De 18 de abril a 06 de maio de 2012, das 8 \u00e0s 19 horas.<\/p>\n","protected":false},"excerpt":{"rendered":"<p>A exposi\u00e7\u00e3o O jornal da imagem | imagem do jornal foi elaborada em um Grupo de Pesquisa, o Bureau de estudos sobre a imagem e o tempo, da Escola de Belas Artes da UFMG e tem como ponto de refer\u00eancia o jornal como suporte, o que esteve sempre na mira de muitos artistas. O jornal &hellip; <a href=\"https:\/\/bibliobelas.eba.ufmg.br\/index.php\/2012\/04\/exposicao-coletiva-jornal-da-imagem-imagem-do-jornal\/\" class=\"more-link\">Continue lendo <span class=\"screen-reader-text\">Exposi\u00e7\u00e3o Coletiva \u201cJornal da Imagem | Imagem do Jornal\u201d [cat\u00e1logo virtual]<\/span> <span class=\"meta-nav\">&rarr;<\/span><\/a><\/p>\n","protected":false},"author":1,"featured_media":0,"comment_status":"open","ping_status":"open","sticky":false,"template":"","format":"standard","meta":{"footnotes":""},"categories":[2],"tags":[],"class_list":["post-2164","post","type-post","status-publish","format-standard","hentry","category-postagens"],"_links":{"self":[{"href":"https:\/\/bibliobelas.eba.ufmg.br\/index.php\/wp-json\/wp\/v2\/posts\/2164","targetHints":{"allow":["GET"]}}],"collection":[{"href":"https:\/\/bibliobelas.eba.ufmg.br\/index.php\/wp-json\/wp\/v2\/posts"}],"about":[{"href":"https:\/\/bibliobelas.eba.ufmg.br\/index.php\/wp-json\/wp\/v2\/types\/post"}],"author":[{"embeddable":true,"href":"https:\/\/bibliobelas.eba.ufmg.br\/index.php\/wp-json\/wp\/v2\/users\/1"}],"replies":[{"embeddable":true,"href":"https:\/\/bibliobelas.eba.ufmg.br\/index.php\/wp-json\/wp\/v2\/comments?post=2164"}],"version-history":[{"count":0,"href":"https:\/\/bibliobelas.eba.ufmg.br\/index.php\/wp-json\/wp\/v2\/posts\/2164\/revisions"}],"wp:attachment":[{"href":"https:\/\/bibliobelas.eba.ufmg.br\/index.php\/wp-json\/wp\/v2\/media?parent=2164"}],"wp:term":[{"taxonomy":"category","embeddable":true,"href":"https:\/\/bibliobelas.eba.ufmg.br\/index.php\/wp-json\/wp\/v2\/categories?post=2164"},{"taxonomy":"post_tag","embeddable":true,"href":"https:\/\/bibliobelas.eba.ufmg.br\/index.php\/wp-json\/wp\/v2\/tags?post=2164"}],"curies":[{"name":"wp","href":"https:\/\/api.w.org\/{rel}","templated":true}]}}