{"id":2250,"date":"2012-05-10T14:29:01","date_gmt":"2012-05-10T16:29:01","guid":{"rendered":"http:\/\/bibliobelas.wordpress.com\/?p=2250"},"modified":"2012-05-10T14:29:01","modified_gmt":"2012-05-10T16:29:01","slug":"pelas-tragedias-e-vivencias-de-um-mito-da-arte-tributo-a-frida-kahlo","status":"publish","type":"post","link":"https:\/\/bibliobelas.eba.ufmg.br\/index.php\/2012\/05\/pelas-tragedias-e-vivencias-de-um-mito-da-arte-tributo-a-frida-kahlo\/","title":{"rendered":"Pelas trag\u00e9dias e viv\u00eancias de um mito da arte &#8211; Tributo a Frida Kahlo"},"content":{"rendered":"<p>RENATO VIEIRA<\/p>\n<p style=\"text-align:justify;\">Um dos grandes nomes da arte contempor\u00e2nea, a pintora mexicana Frida Kahlo continua servindo de inspira\u00e7\u00e3o quase 60 anos ap\u00f3s sua morte. Em &#8220;Tributo a Frida Kahlo&#8221;, exposi\u00e7\u00e3o que come\u00e7a hoje, 22 obras de 19 artistas do Grupo Maison de Arte t\u00eam como base n\u00e3o s\u00f3 as caracter\u00edsticas visuais presentes em seu trabalho, mas tamb\u00e9m em sua vida atribulada.<\/p>\n<figure id=\"attachment_2251\" aria-describedby=\"caption-attachment-2251\" style=\"width: 500px\" class=\"wp-caption alignleft\"><a href=\"https:\/\/bibliobelas.eba.ufmg.br\/wp-content\/uploads\/2012\/05\/frida.jpg\"><img loading=\"lazy\" decoding=\"async\" class=\"size-full wp-image-2251\" title=\"Frida\" src=\"https:\/\/bibliobelas.eba.ufmg.br\/wp-content\/uploads\/2012\/05\/frida.jpg\" alt=\"\" width=\"500\" height=\"378\" srcset=\"https:\/\/bibliobelas.eba.ufmg.br\/wp-content\/uploads\/2012\/05\/frida.jpg 500w, https:\/\/bibliobelas.eba.ufmg.br\/wp-content\/uploads\/2012\/05\/frida-300x227.jpg 300w\" sizes=\"auto, (max-width: 500px) 100vw, 500px\" \/><\/a><figcaption id=\"caption-attachment-2251\" class=\"wp-caption-text\">Tributo a Kahlo de Maria Eug\u00eania Sim\u00f5es<\/figcaption><\/figure>\n<p style=\"text-align:justify;\">Os autorretratos, o folclore de seu pa\u00eds e a vivacidade nas cores s\u00e3o tra\u00e7os marcantes nas pinturas de Kahlo. &#8220;Suas obras continuam causando impacto por serem viscerais. Ela retratou suas ang\u00fastias como ningu\u00e9m&#8221;, sintetiza Matheus Gontijo, curador da mostra junto ao artista pl\u00e1stico Glauco Moraes.<\/p>\n<p>Nascida em 1907, Kahlo contraiu poliomielite aos seis anos e aos 18 sofreu um acidente, no qual o \u00f4nibus onde estava chocou-se com um bonde. Um ferro atravessou seu corpo, lhe causando diversas fraturas, e o fato foi um gatilho para que ela come\u00e7asse a pintar. &#8220;Essa quest\u00e3o tr\u00e1gica norteou todo o seu trabalho e demos \u00eanfase a isso na exposi\u00e7\u00e3o&#8221;, explica Gontijo.<\/p>\n<p>Outro ponto central da vida e da obra de Kahlo est\u00e1 nos seus relacionamentos amorosos, especialmente os dois casamentos com o tamb\u00e9m pintor Diego Rivera. Segundo o curador, o conv\u00edvio dos dois era marcado pela vaidade m\u00fatua. &#8220;Havia uma esp\u00e9cie de disputa entre eles. Mas ela conseguiu retratar essa rela\u00e7\u00e3o nas suas pinturas com muita leveza&#8221;, recorda o curador.<\/p>\n<p style=\"text-align:justify;\"><a href=\"https:\/\/bibliobelas.eba.ufmg.br\/wp-content\/uploads\/2012\/05\/frida_kahlo_small_0_trimmed.jpg\"><img loading=\"lazy\" decoding=\"async\" class=\"alignright size-medium wp-image-2252\" title=\"frida_kahlo\" src=\"https:\/\/bibliobelas.eba.ufmg.br\/wp-content\/uploads\/2012\/05\/frida_kahlo_small_0_trimmed.jpg?w=300\" alt=\"\" width=\"300\" height=\"300\" srcset=\"https:\/\/bibliobelas.eba.ufmg.br\/wp-content\/uploads\/2012\/05\/frida_kahlo_small_0_trimmed.jpg 320w, https:\/\/bibliobelas.eba.ufmg.br\/wp-content\/uploads\/2012\/05\/frida_kahlo_small_0_trimmed-300x300.jpg 300w, https:\/\/bibliobelas.eba.ufmg.br\/wp-content\/uploads\/2012\/05\/frida_kahlo_small_0_trimmed-150x150.jpg 150w\" sizes=\"auto, (max-width: 300px) 100vw, 300px\" \/><\/a>Ele ainda aponta outra caracter\u00edstica que fez com que a artista se tornasse uma esp\u00e9cie de mito do s\u00e9c. XX. &#8220;Ela \u00e9 a \u00fanica pintora no mundo que conseguiu prest\u00edgio fazendo autorretratos. Todos conhecem sua obra atrav\u00e9s de suas fei\u00e7\u00f5es&#8221;, conclui Gontijo.<\/p>\n<p>+++<\/p>\n<p style=\"text-align:justify;\">Exposi\u00e7\u00e3o &#8220;Tributo \u00e0 Frida Kahlo&#8221;, do Grupo Maison de Arte<br \/>\nDe\u00a0 <strong>8 de maio a 4 de junho de 2012<\/strong>; diariamente das 12h \u00e0s 24h<br \/>\n<strong>Casa dos Contos<\/strong> (rua Rio Grande do Norte, 1065, Savassi)<br \/>\nEntrada Franca<\/p>\n<p><strong>+++++++++++++++++++++++<\/strong><\/p>\n<p><span style=\"color:#ff0000;\"><strong>Obras sobre Frida Kahlo na Biblioteca da Escola de Belas Artes:<\/strong><\/span><\/p>\n<p style=\"text-align:justify;\">EGGERT, Edla (Org). <strong>[Re]leituras de Frida Kahlo: <\/strong>por uma \u00e9tica est\u00e9tica da diversidade machucada. Santa Cruz do Sul: Edunisc, 2008. 184 p.<\/p>\n<p style=\"text-align:justify;\">GOMES, Maria M\u00e1rcia Franco. <strong>Um di\u00e1rio como corpo simb\u00f3lico : <\/strong>uma leitura da obra O di\u00e1rio de Frida Kahlo: um auto-retrato \u00edntimo. 2011. 82 f. Disserta\u00e7\u00e3o (Mestrado) &#8211; Universidade Federal de Minas Gerais, Escola de Belas Artes.<\/p>\n<p style=\"text-align:justify;\">HERRERA, Hayden. <strong>Frida Kahlo. <\/strong>New York, USA: Rizzoli International Publications, c1992. [24]p. (Rizzoli art series)<\/p>\n<p style=\"text-align:justify;\">JAMIS, Rauda. <strong>Frida Kahlo.. <\/strong>S\u00e3o Paulo: Martins Fontes, 1987. 281p. (Cole\u00e7ao Uma Mulher)<\/p>\n<p style=\"text-align:justify;\">KAHLO, Frida; LOWE, Sarah M. <strong>O diario de Frida Kahlo: <\/strong>um auto-retrato intimo. 2. ed. Rio de Janeiro: J. Olympio, 1996. 295p.<\/p>\n<p style=\"text-align:justify;\">KAHLO, Frida; ZAMORA, Martha. <strong>Cartas apaixonadas de Frida Kahlo. <\/strong>2. ed. Rio de Janeiro: Jos\u00e9 Olympio, 1999. 158p.<\/p>\n<p style=\"text-align:justify;\">KETTENMANN, Andrea; KAHLO, Frida. <strong>Frida Kahlo 1907-1954: <\/strong>leid und leidenschaft. Koln: Benedikt Taschen, c1992 96 p.<\/p>\n<p style=\"text-align:justify;\">LE CLEZIO, J. M. G. <strong>Diego e Frida. <\/strong>2. ed. Rio de Janeiro: S\u00e3o Paulo: Record, 238 p. ISBN 9788501087782.<\/p>\n<p style=\"text-align:justify;\">ORTIZ MONASTERIO, Pablo MUSEO FRIDA KAHLO. <strong>Frida Kahlo: <\/strong>suas fotos. S\u00e3o Paulo: Cosac &amp; Naify, 2010. 518p.<\/p>\n<p style=\"text-align:justify;\">PENUELA CANIZAL, Eduardo; RODRIGUEZ, Juan Manuel L\u00f3pez; RAM\u00cdREZ, Francisco Gerardo Toledo. <strong>La inquietante ambig\u00fcedad de la imagen: <\/strong>tres ensayos. M\u00e9xico: Universidad Autonoma Metropolitana, 2004. 122 p.<\/p>\n<p style=\"text-align:justify;\">ZAMORA, Martha; KAHLO, Frida. <strong>Frida Kahlo : the brush of anguish. <\/strong>San Francisco: Chronicle Books, c1990. 143p.<\/p>\n","protected":false},"excerpt":{"rendered":"<p>RENATO VIEIRA Um dos grandes nomes da arte contempor\u00e2nea, a pintora mexicana Frida Kahlo continua servindo de inspira\u00e7\u00e3o quase 60 anos ap\u00f3s sua morte. Em &#8220;Tributo a Frida Kahlo&#8221;, exposi\u00e7\u00e3o que come\u00e7a hoje, 22 obras de 19 artistas do Grupo Maison de Arte t\u00eam como base n\u00e3o s\u00f3 as caracter\u00edsticas visuais presentes em seu trabalho, &hellip; <a href=\"https:\/\/bibliobelas.eba.ufmg.br\/index.php\/2012\/05\/pelas-tragedias-e-vivencias-de-um-mito-da-arte-tributo-a-frida-kahlo\/\" class=\"more-link\">Continue lendo <span class=\"screen-reader-text\">Pelas trag\u00e9dias e viv\u00eancias de um mito da arte &#8211; Tributo a Frida Kahlo<\/span> <span class=\"meta-nav\">&rarr;<\/span><\/a><\/p>\n","protected":false},"author":1,"featured_media":0,"comment_status":"open","ping_status":"open","sticky":false,"template":"","format":"standard","meta":{"footnotes":""},"categories":[2],"tags":[23,30,75],"class_list":["post-2250","post","type-post","status-publish","format-standard","hentry","category-postagens","tag-artes-visuais-exposicoes","tag-artistas-individuais","tag-frida-kahlo"],"_links":{"self":[{"href":"https:\/\/bibliobelas.eba.ufmg.br\/index.php\/wp-json\/wp\/v2\/posts\/2250","targetHints":{"allow":["GET"]}}],"collection":[{"href":"https:\/\/bibliobelas.eba.ufmg.br\/index.php\/wp-json\/wp\/v2\/posts"}],"about":[{"href":"https:\/\/bibliobelas.eba.ufmg.br\/index.php\/wp-json\/wp\/v2\/types\/post"}],"author":[{"embeddable":true,"href":"https:\/\/bibliobelas.eba.ufmg.br\/index.php\/wp-json\/wp\/v2\/users\/1"}],"replies":[{"embeddable":true,"href":"https:\/\/bibliobelas.eba.ufmg.br\/index.php\/wp-json\/wp\/v2\/comments?post=2250"}],"version-history":[{"count":0,"href":"https:\/\/bibliobelas.eba.ufmg.br\/index.php\/wp-json\/wp\/v2\/posts\/2250\/revisions"}],"wp:attachment":[{"href":"https:\/\/bibliobelas.eba.ufmg.br\/index.php\/wp-json\/wp\/v2\/media?parent=2250"}],"wp:term":[{"taxonomy":"category","embeddable":true,"href":"https:\/\/bibliobelas.eba.ufmg.br\/index.php\/wp-json\/wp\/v2\/categories?post=2250"},{"taxonomy":"post_tag","embeddable":true,"href":"https:\/\/bibliobelas.eba.ufmg.br\/index.php\/wp-json\/wp\/v2\/tags?post=2250"}],"curies":[{"name":"wp","href":"https:\/\/api.w.org\/{rel}","templated":true}]}}