{"id":2257,"date":"2012-05-11T19:03:08","date_gmt":"2012-05-11T21:03:08","guid":{"rendered":"http:\/\/bibliobelas.wordpress.com\/?p=2257"},"modified":"2012-05-11T19:03:08","modified_gmt":"2012-05-11T21:03:08","slug":"estilista-valentino-garavani-lanca-museu-virtual-com-suas-colecoes-artigo-e-video","status":"publish","type":"post","link":"https:\/\/bibliobelas.eba.ufmg.br\/index.php\/2012\/05\/estilista-valentino-garavani-lanca-museu-virtual-com-suas-colecoes-artigo-e-video\/","title":{"rendered":"Estilista Valentino Garavani lan\u00e7a museu virtual com suas cole\u00e7\u00f5es &#8211; artigo e v\u00eddeo"},"content":{"rendered":"<p style=\"text-align:justify;\"><strong>Aplicativo do museu pode ser baixado na internet\u00a0 e usa tecnologia 3D para mostrar a hist\u00f3ria de seu trabalho<\/strong><\/p>\n<p style=\"text-align:justify;\">\u00a0S\u00e3o Paulo \u2013 Pela primeira vez, um estilista de fama internacional abre seus desenhos e cria\u00e7\u00f5es na internet. Valentino Garavani, em parceria com Giancarlo Giammetti, lan\u00e7ou hoje o <a href=\"http:\/\/www.valentino-garavani-archives.org\/\" target=\"_blank\" rel=\"noopener\">\u201cValentino Garavani Virtual Museum\u201d<\/a>, um aplicativo online que traz os melhores trabalhos feitos durante seus 50 anos de carreira.<\/p>\n<p style=\"text-align:justify;\"><a href=\"http:\/\/www.valentino-garavani-archives.org\/\" target=\"_blank\" rel=\"noopener\"><img loading=\"lazy\" decoding=\"async\" class=\"aligncenter size-full wp-image-2258\" title=\"Valentino - museu\" src=\"https:\/\/bibliobelas.eba.ufmg.br\/wp-content\/uploads\/2012\/05\/valentino-museu.jpg\" alt=\"\" width=\"500\" height=\"375\" srcset=\"https:\/\/bibliobelas.eba.ufmg.br\/wp-content\/uploads\/2012\/05\/valentino-museu.jpg 1024w, https:\/\/bibliobelas.eba.ufmg.br\/wp-content\/uploads\/2012\/05\/valentino-museu-300x225.jpg 300w, https:\/\/bibliobelas.eba.ufmg.br\/wp-content\/uploads\/2012\/05\/valentino-museu-768x576.jpg 768w\" sizes=\"auto, (max-width: 500px) 100vw, 500px\" \/><\/a><a href=\"https:\/\/bibliobelas.eba.ufmg.br\/wp-content\/uploads\/2012\/05\/valentino-museu.jpg\"><br \/>\n<\/a>O museu demorou mais de dois anos para ficar pronto e n\u00e3o contou com patrocinadores, a n\u00e3o ser o pr\u00f3prio estilista e Giammetti. J\u00e1 dispon\u00edvel online, o espa\u00e7o virtual mostra os detalhes de mais de 300 vestidos, que podem ser vistos em 360 graus. Isso \u00e9 poss\u00edvel porque as galerias foram projetadas com tecnologia 3D, em que o usu\u00e1rio pode \u201ccaminhar\u201d pelos corredores e ver tudo como se estivesse em um espa\u00e7o f\u00edsico real.<\/p>\n<p style=\"text-align:justify;\">Al\u00e9m dos vestidos, h\u00e1 ainda 95 v\u00eddeos e mais de 5.000 fotos, desenhos, documentos e campanhas publicit\u00e1rias, tudo acompanhado com explica\u00e7\u00f5es e o hist\u00f3rico dos modelos. Para aproximar ainda mais o internauta da realidade, os espa\u00e7os s\u00e3o decorados pela arquitetura romana. Se fosse instalado em um pr\u00e9dio real, o \u201cValentino Garavani Virtual Museum\u201d teria cerca de 10.000 metros quadrados.<\/p>\n<p style=\"text-align:justify;\">Na coletiva de imprensa realizada para o lan\u00e7amento do museu, Valentino, aposentado desde 2008, disse que, apesar de precisar de ajuda at\u00e9 mesmo para ligar um aparelho de DVD, pouco a pouco, mudou seu pensamento e come\u00e7ou a ficar fascinado pelo mundo virtual. Hoje, reconhece que esse museu pode ser uma liga\u00e7\u00e3o mais simples e r\u00e1pida com as pessoas.<\/p>\n<p style=\"text-align:justify;\">Ele ainda deixou um recado para quem se interessa e estuda moda. \u201cEu sei que h\u00e1 muitos estudantes de moda nos assistindo agora e eu espero que voc\u00eas gostem do museu, como eu gosto agora\u201d. O aplicativo \u00e9 gratuito e pode ser baixado no <a href=\"http:\/\/www.valentino-garavani-archives.org\/\">site <\/a>do estilista.<\/p>\n<p style=\"text-align:justify;\">++++++++++++++++++++++++++++++<\/p>\n<p style=\"text-align:justify;\">Reportagens transmitidas pela TV fechada<\/p>\n<p style=\"text-align:left;\"><span style=\"color:#ff0000;\"><em><strong>Valentino completa 50 anos de carreira e lan\u00e7a museu virtual de moda<\/strong><\/em><\/span><\/p>\n<p style=\"text-align:justify;\"><a href=\"http:\/\/globotv.globo.com\/globo-news\/jornal-das-dez\/v\/valentino-completa-50-anos-de-carreira-e-lanca-museu-virtual-de-moda\/1720754\/\" target=\"_blank\" rel=\"noopener\"><img loading=\"lazy\" decoding=\"async\" class=\"aligncenter size-full wp-image-2261\" title=\"Valentino\" src=\"https:\/\/bibliobelas.eba.ufmg.br\/wp-content\/uploads\/2012\/05\/valentino.jpg\" alt=\"\" width=\"486\" height=\"324\" srcset=\"https:\/\/bibliobelas.eba.ufmg.br\/wp-content\/uploads\/2012\/05\/valentino.jpg 486w, https:\/\/bibliobelas.eba.ufmg.br\/wp-content\/uploads\/2012\/05\/valentino-300x200.jpg 300w\" sizes=\"auto, (max-width: 486px) 100vw, 486px\" \/><\/a><\/p>\n<p>++<\/p>\n<p><span style=\"color:#ff0000;\"><strong>Valentino completa 80 anos nesta sexta-feira (11-05-2012)<\/strong><\/span><\/p>\n<p><a href=\"http:\/\/globotv.globo.com\/globo-news\/jornal-globo-news\/v\/valentino-completa-80-anos-nesta-sexta-feira-11\/1942875\/\" target=\"_blank\" rel=\"noopener\"><img loading=\"lazy\" decoding=\"async\" class=\"aligncenter size-full wp-image-2259\" title=\"Valentino 80 anos\" src=\"https:\/\/bibliobelas.eba.ufmg.br\/wp-content\/uploads\/2012\/05\/valentino-80-anos.jpg\" alt=\"\" width=\"493\" height=\"314\" srcset=\"https:\/\/bibliobelas.eba.ufmg.br\/wp-content\/uploads\/2012\/05\/valentino-80-anos.jpg 493w, https:\/\/bibliobelas.eba.ufmg.br\/wp-content\/uploads\/2012\/05\/valentino-80-anos-300x191.jpg 300w\" sizes=\"auto, (max-width: 493px) 100vw, 493px\" \/><\/a><\/p>\n","protected":false},"excerpt":{"rendered":"<p>Aplicativo do museu pode ser baixado na internet\u00a0 e usa tecnologia 3D para mostrar a hist\u00f3ria de seu trabalho \u00a0S\u00e3o Paulo \u2013 Pela primeira vez, um estilista de fama internacional abre seus desenhos e cria\u00e7\u00f5es na internet. Valentino Garavani, em parceria com Giancarlo Giammetti, lan\u00e7ou hoje o \u201cValentino Garavani Virtual Museum\u201d, um aplicativo online que &hellip; <a href=\"https:\/\/bibliobelas.eba.ufmg.br\/index.php\/2012\/05\/estilista-valentino-garavani-lanca-museu-virtual-com-suas-colecoes-artigo-e-video\/\" class=\"more-link\">Continue lendo <span class=\"screen-reader-text\">Estilista Valentino Garavani lan\u00e7a museu virtual com suas cole\u00e7\u00f5es &#8211; artigo e v\u00eddeo<\/span> <span class=\"meta-nav\">&rarr;<\/span><\/a><\/p>\n","protected":false},"author":1,"featured_media":0,"comment_status":"open","ping_status":"open","sticky":false,"template":"","format":"standard","meta":{"footnotes":""},"categories":[2],"tags":[64,65,97,100],"class_list":["post-2257","post","type-post","status-publish","format-standard","hentry","category-postagens","tag-estilismo","tag-estilistas","tag-moda-historia","tag-moda-profissionais"],"_links":{"self":[{"href":"https:\/\/bibliobelas.eba.ufmg.br\/index.php\/wp-json\/wp\/v2\/posts\/2257","targetHints":{"allow":["GET"]}}],"collection":[{"href":"https:\/\/bibliobelas.eba.ufmg.br\/index.php\/wp-json\/wp\/v2\/posts"}],"about":[{"href":"https:\/\/bibliobelas.eba.ufmg.br\/index.php\/wp-json\/wp\/v2\/types\/post"}],"author":[{"embeddable":true,"href":"https:\/\/bibliobelas.eba.ufmg.br\/index.php\/wp-json\/wp\/v2\/users\/1"}],"replies":[{"embeddable":true,"href":"https:\/\/bibliobelas.eba.ufmg.br\/index.php\/wp-json\/wp\/v2\/comments?post=2257"}],"version-history":[{"count":0,"href":"https:\/\/bibliobelas.eba.ufmg.br\/index.php\/wp-json\/wp\/v2\/posts\/2257\/revisions"}],"wp:attachment":[{"href":"https:\/\/bibliobelas.eba.ufmg.br\/index.php\/wp-json\/wp\/v2\/media?parent=2257"}],"wp:term":[{"taxonomy":"category","embeddable":true,"href":"https:\/\/bibliobelas.eba.ufmg.br\/index.php\/wp-json\/wp\/v2\/categories?post=2257"},{"taxonomy":"post_tag","embeddable":true,"href":"https:\/\/bibliobelas.eba.ufmg.br\/index.php\/wp-json\/wp\/v2\/tags?post=2257"}],"curies":[{"name":"wp","href":"https:\/\/api.w.org\/{rel}","templated":true}]}}