{"id":2338,"date":"2012-09-19T15:39:33","date_gmt":"2012-09-19T17:39:33","guid":{"rendered":"http:\/\/bibliobelas.wordpress.com\/?p=2338"},"modified":"2012-09-19T15:39:33","modified_gmt":"2012-09-19T17:39:33","slug":"ambientes-urbanos-inspiram-nova-exposicao-no-espaco-tim-ufmg-do-conhecimento","status":"publish","type":"post","link":"https:\/\/bibliobelas.eba.ufmg.br\/index.php\/2012\/09\/ambientes-urbanos-inspiram-nova-exposicao-no-espaco-tim-ufmg-do-conhecimento\/","title":{"rendered":"Ambientes urbanos inspiram nova exposi\u00e7\u00e3o no Espa\u00e7o TIM UFMG do Conhecimento"},"content":{"rendered":"<h5 style=\"text-align:justify;\">Exposi\u00e7\u00e3o <em>Filhos de Quem III<\/em> ficar\u00e1 em cartaz at\u00e9 8 de outubro com entrada gratuita<\/h5>\n<p style=\"text-align:justify;\">Leituras do espa\u00e7o urbano e suas intera\u00e7\u00f5es sociais comp\u00f5em a exposi\u00e7\u00e3o Filhos de Quem III, que ser\u00e1 inaugurada nesta quarta-feira (19), \u00e0s 19h, no Espa\u00e7o TIM UFMG do Conhecimento, no Circuito Cultural Pra\u00e7a da Liberdade. Em sua terceira edi\u00e7\u00e3o, a mostra \u00e9 formada por quatro propostas idealizadas em sala de aula por estudantes de diferentes disciplinas dos cursos de Design da Escola de Arquitetura da UFMG.<\/p>\n<p style=\"text-align:justify;\"><a href=\"https:\/\/bibliobelas.eba.ufmg.br\/wp-content\/uploads\/2012\/09\/20120918121548291.jpg\"><img loading=\"lazy\" decoding=\"async\" class=\"alignleft size-full wp-image-2339\" title=\"20120918121548291\" src=\"https:\/\/bibliobelas.eba.ufmg.br\/wp-content\/uploads\/2012\/09\/20120918121548291.jpg\" alt=\"\" width=\"500\" height=\"271\" srcset=\"https:\/\/bibliobelas.eba.ufmg.br\/wp-content\/uploads\/2012\/09\/20120918121548291.jpg 570w, https:\/\/bibliobelas.eba.ufmg.br\/wp-content\/uploads\/2012\/09\/20120918121548291-300x163.jpg 300w\" sizes=\"auto, (max-width: 500px) 100vw, 500px\" \/><\/a><\/p>\n<p style=\"text-align:justify;\">Segundo a coordenadora do N\u00facleo de Expografia do espa\u00e7o, Verona Segantini, o tema urbano \u00e9 o eixo que articula essas vertentes. \u201cAs obras fazem refer\u00eancia ao modo como as pessoas vivem na cidade e suas articula\u00e7\u00f5es com o mundo contempor\u00e2neo. Expressa a rela\u00e7\u00e3o com tempo e espa\u00e7o, ou seja, como nossa sensibilidade \u00e9 constru\u00edda nesse ambiente\u201d, explica. As pe\u00e7as foram constru\u00eddas com materiais pr\u00f3prios da cidade, explorando tamb\u00e9m os conceitos de ef\u00eamero e descart\u00e1vel.<\/p>\n<p style=\"text-align:justify;\">A se\u00e7\u00e3o Senta que l\u00e1 vem hist\u00f3ria \u00e9 o resultado de uma disciplina que trabalhou com o verbo \u201csentar\u201d. Modelos cl\u00e1ssicos de cadeiras e bancos de pra\u00e7as p\u00fablicas foram reproduzidos com madeira, papel\u00e3o, metal e fibras. \u201cOs trabalhos trazem tanto o espa\u00e7o arquitet\u00f4nico quanto o espa\u00e7o p\u00fablico de conviv\u00eancia. A ideia era que os alunos fizessem pe\u00e7as que se aproximassem ao m\u00e1ximo de produtos originais constru\u00eddos no princ\u00edpio e meados do s\u00e9culo XX\u201d, conta a professora M\u00e1rcia Luiza Fran\u00e7a, idealizadora do projeto Filhos de Quem.<\/p>\n<p style=\"text-align:justify;\">Esculturas de papel\u00e3o retratam, em diversos aspectos, o processo evolutivo dos seres humanos. \u201cOs alunos pesquisaram formas e situa\u00e7\u00f5es relacionadas com a hist\u00f3ria da exist\u00eancia do homem e suas conquistas tecnol\u00f3gicas, de modo a escolherem entre as descobertas algo que pudesse se tornar sens\u00edvel enquanto objeto escult\u00f3rico\u201d, relata o professor do Departamento de Tecnologia da Arquitetura e do Urbanismo, Fernando Jos\u00e9 da Silva.<\/p>\n<p style=\"text-align:justify;\">Para esse conjunto, chamado Papelo, papeleira, papeluda, despapelada, os autores buscaram refer\u00eancias em filmes, elementos hist\u00f3ricos, quadrinhos, instrumentos musicais e at\u00e9 em jogos. Alice no Pa\u00eds das Maravilhas, por exemplo, foi escolhido como um dos temas porque remete \u00e0 criatividade do imagin\u00e1rio infantil. J\u00e1 a Torre Eiffel faz refer\u00eancia \u00e0 Exposi\u00e7\u00e3o Universal francesa, de 1889.<\/p>\n<p style=\"text-align:justify;\">A escadaria do Espa\u00e7o TIM UFMG tamb\u00e9m \u00e9 suporte para a mostra e ser\u00e1 transformada em uma ladeira de azulejos. \u201cA instala\u00e7\u00e3o L\u00e1 vem o design subindo a ladeira chama aten\u00e7\u00e3o para o design de superf\u00edcie, que trabalha o aspecto comunicativo da superf\u00edcie\u201d, conta M\u00e1rcia. \u201cNessa vertente, os visitantes v\u00e3o poder interagir com as pe\u00e7as, brincando com as cores e formatos e montando novas composi\u00e7\u00f5es\u201d, completa.<\/p>\n<p style=\"text-align:justify;\">A exposi\u00e7\u00e3o se completa com a se\u00e7\u00e3o Deu Lag!. Considerando a forte presen\u00e7a de jogos no mundo contempor\u00e2neo, a disciplina Introdu\u00e7\u00e3o ao Design teve como proposta a produ\u00e7\u00e3o de jogos feitos em papel\u00e3o. A intera\u00e7\u00e3o permite que o p\u00fablico experimente melhor o que \u00e9 o Design, conhecendo sua hist\u00f3ria.<\/p>\n<p style=\"text-align:justify;\">Filhos de Quem III ocupar\u00e1 o segundo e o quinto andar do Espa\u00e7o TIM UFMG do Conhecimento e ficar\u00e1 exposta, do dia 19 de setembro a 8 de outubro, com entrada gratuita. O museu funciona de ter\u00e7a-feira a domingo, das 10h \u00e0s 17h. \u00c0s quintas-feiras, o hor\u00e1rio se estende at\u00e9 21h.<\/p>\n<p style=\"text-align:justify;\">Para mais informa\u00e7\u00f5es, acesse o site <a href=\"espacodoconhecimento.org.br\" target=\"_blank\" rel=\"noopener\">espacodoconhecimento.org.br. <\/a><\/p>\n","protected":false},"excerpt":{"rendered":"<p>Exposi\u00e7\u00e3o Filhos de Quem III ficar\u00e1 em cartaz at\u00e9 8 de outubro com entrada gratuita Leituras do espa\u00e7o urbano e suas intera\u00e7\u00f5es sociais comp\u00f5em a exposi\u00e7\u00e3o Filhos de Quem III, que ser\u00e1 inaugurada nesta quarta-feira (19), \u00e0s 19h, no Espa\u00e7o TIM UFMG do Conhecimento, no Circuito Cultural Pra\u00e7a da Liberdade. Em sua terceira edi\u00e7\u00e3o, a &hellip; <a href=\"https:\/\/bibliobelas.eba.ufmg.br\/index.php\/2012\/09\/ambientes-urbanos-inspiram-nova-exposicao-no-espaco-tim-ufmg-do-conhecimento\/\" class=\"more-link\">Continue lendo <span class=\"screen-reader-text\">Ambientes urbanos inspiram nova exposi\u00e7\u00e3o no Espa\u00e7o TIM UFMG do Conhecimento<\/span> <span class=\"meta-nav\">&rarr;<\/span><\/a><\/p>\n","protected":false},"author":1,"featured_media":0,"comment_status":"open","ping_status":"open","sticky":false,"template":"","format":"standard","meta":{"footnotes":""},"categories":[2],"tags":[],"class_list":["post-2338","post","type-post","status-publish","format-standard","hentry","category-postagens"],"_links":{"self":[{"href":"https:\/\/bibliobelas.eba.ufmg.br\/index.php\/wp-json\/wp\/v2\/posts\/2338","targetHints":{"allow":["GET"]}}],"collection":[{"href":"https:\/\/bibliobelas.eba.ufmg.br\/index.php\/wp-json\/wp\/v2\/posts"}],"about":[{"href":"https:\/\/bibliobelas.eba.ufmg.br\/index.php\/wp-json\/wp\/v2\/types\/post"}],"author":[{"embeddable":true,"href":"https:\/\/bibliobelas.eba.ufmg.br\/index.php\/wp-json\/wp\/v2\/users\/1"}],"replies":[{"embeddable":true,"href":"https:\/\/bibliobelas.eba.ufmg.br\/index.php\/wp-json\/wp\/v2\/comments?post=2338"}],"version-history":[{"count":0,"href":"https:\/\/bibliobelas.eba.ufmg.br\/index.php\/wp-json\/wp\/v2\/posts\/2338\/revisions"}],"wp:attachment":[{"href":"https:\/\/bibliobelas.eba.ufmg.br\/index.php\/wp-json\/wp\/v2\/media?parent=2338"}],"wp:term":[{"taxonomy":"category","embeddable":true,"href":"https:\/\/bibliobelas.eba.ufmg.br\/index.php\/wp-json\/wp\/v2\/categories?post=2338"},{"taxonomy":"post_tag","embeddable":true,"href":"https:\/\/bibliobelas.eba.ufmg.br\/index.php\/wp-json\/wp\/v2\/tags?post=2338"}],"curies":[{"name":"wp","href":"https:\/\/api.w.org\/{rel}","templated":true}]}}