{"id":2383,"date":"2012-10-09T20:24:16","date_gmt":"2012-10-09T22:24:16","guid":{"rendered":"http:\/\/bibliobelas.wordpress.com\/?p=2383"},"modified":"2012-10-09T20:24:16","modified_gmt":"2012-10-09T22:24:16","slug":"feto-2012","status":"publish","type":"post","link":"https:\/\/bibliobelas.eba.ufmg.br\/index.php\/2012\/10\/feto-2012\/","title":{"rendered":"FETO 2012"},"content":{"rendered":"<p>Acontece do dia 11\/10 ao dia 21\/10 o Festival Estudantil de Teatro &#8211; FETO.<\/p>\n<p>Veja programa\u00e7\u00e3o completa :<\/p>\n<p><a href=\"http:\/\/issuu.com\/noato\/docs\/_final_programa__o_issu?mode=window&amp;backgroundColor=%23222222\" target=\"_blank\" rel=\"noopener\"><img loading=\"lazy\" decoding=\"async\" class=\"size-full wp-image-2387 aligncenter\" title=\"FETO\" src=\"https:\/\/bibliobelas.eba.ufmg.br\/wp-content\/uploads\/2012\/10\/feto.jpg\" alt=\"\" width=\"411\" height=\"613\" srcset=\"https:\/\/bibliobelas.eba.ufmg.br\/wp-content\/uploads\/2012\/10\/feto.jpg 411w, https:\/\/bibliobelas.eba.ufmg.br\/wp-content\/uploads\/2012\/10\/feto-201x300.jpg 201w\" sizes=\"auto, (max-width: 411px) 100vw, 411px\" \/><\/a><br \/>\nIngressos e Locais :<br \/>\nOs ingressos para os espet\u00e1culos em espa\u00e7os fechados ser\u00e3o vendidos por R$6,00 (inteira) e R$3,00 (meia \u2013 entrada) nas bilheterias dos espa\u00e7os. Participantes do FETO t\u00eam entrada franca. As bilheterias dos espa\u00e7os abrir\u00e3o uma hora antes dos espet\u00e1culos.<\/p>\n<p>Os espet\u00e1culos realizados na Funarte MG, as oficinas, CaFETOs e an\u00e1lises s\u00e3o gratuitas.<\/p>\n<p>:: Locais de realiza\u00e7\u00e3o:<\/p>\n<p>Funarte MG | Rua Janu\u00e1ria, 68 \u2013 Floresta<br \/>\nCTP | Centro T\u00e9cnico de Produ\u00e7\u00e3o \u2013 R. do Cart\u00f3rio, 120 \u2013 Sabar\u00e1<br \/>\nEspa\u00e7o Aberto Pierrot Lunar | Rua Ipiranga, 137 \u2013 Floresta<br \/>\nGalp\u00e3o Cine Horto | Rua Pitangui, 3876 \u2013 Horto<br \/>\nPal\u00e1cio das Artes | Av. Afonso Pena, 1537 \u2013 Centro<br \/>\nPra\u00e7a Floriano Peixoto | Av. do Contorno com Av. Brasil \u2013 Santa Efig\u00eania<br \/>\nTeatro Mar\u00edlia | Av. Professor Alfredo Balena, 586 \u2013 Centro<br \/>\nTeatro Oi Futuro Klauss Vianna | Av. Afonso Pena, 4001 \u2013 Mangabeiras<br \/>\nTeatro Universit\u00e1rio da UFMG | Avenida Ant\u00f4nio Carlos, 6627 \u2013 atr\u00e1s da Escola de Belas Artes da UFMG<br \/>\nUFMG \u2013 Teatro | Avenida Ant\u00f4nio Carlos, 6627 \u2013 atr\u00e1s da Escola de Belas Artes da UFMG<br \/>\nZap 18 \u2013 Zona de Arte da Periferia | R. Jo\u00e3o Donada, 18 \u2013 Serrano<\/p>\n<p>Maiores informa\u00e7\u00f5es no site :<\/p>\n<p><a href=\"http:\/\/fetobh.art.br\/2012\/\" target=\"_blank\" rel=\"noopener\">http:\/\/fetobh.art.br\/2012\/<\/a><\/p>\n","protected":false},"excerpt":{"rendered":"<p>Acontece do dia 11\/10 ao dia 21\/10 o Festival Estudantil de Teatro &#8211; FETO. Veja programa\u00e7\u00e3o completa : Ingressos e Locais : Os ingressos para os espet\u00e1culos em espa\u00e7os fechados ser\u00e3o vendidos por R$6,00 (inteira) e R$3,00 (meia \u2013 entrada) nas bilheterias dos espa\u00e7os. Participantes do FETO t\u00eam entrada franca. As bilheterias dos espa\u00e7os abrir\u00e3o &hellip; <a href=\"https:\/\/bibliobelas.eba.ufmg.br\/index.php\/2012\/10\/feto-2012\/\" class=\"more-link\">Continue lendo <span class=\"screen-reader-text\">FETO 2012<\/span> <span class=\"meta-nav\">&rarr;<\/span><\/a><\/p>\n","protected":false},"author":1,"featured_media":0,"comment_status":"open","ping_status":"open","sticky":false,"template":"","format":"standard","meta":{"footnotes":""},"categories":[2],"tags":[130],"class_list":["post-2383","post","type-post","status-publish","format-standard","hentry","category-postagens","tag-teatro-eventos"],"_links":{"self":[{"href":"https:\/\/bibliobelas.eba.ufmg.br\/index.php\/wp-json\/wp\/v2\/posts\/2383","targetHints":{"allow":["GET"]}}],"collection":[{"href":"https:\/\/bibliobelas.eba.ufmg.br\/index.php\/wp-json\/wp\/v2\/posts"}],"about":[{"href":"https:\/\/bibliobelas.eba.ufmg.br\/index.php\/wp-json\/wp\/v2\/types\/post"}],"author":[{"embeddable":true,"href":"https:\/\/bibliobelas.eba.ufmg.br\/index.php\/wp-json\/wp\/v2\/users\/1"}],"replies":[{"embeddable":true,"href":"https:\/\/bibliobelas.eba.ufmg.br\/index.php\/wp-json\/wp\/v2\/comments?post=2383"}],"version-history":[{"count":0,"href":"https:\/\/bibliobelas.eba.ufmg.br\/index.php\/wp-json\/wp\/v2\/posts\/2383\/revisions"}],"wp:attachment":[{"href":"https:\/\/bibliobelas.eba.ufmg.br\/index.php\/wp-json\/wp\/v2\/media?parent=2383"}],"wp:term":[{"taxonomy":"category","embeddable":true,"href":"https:\/\/bibliobelas.eba.ufmg.br\/index.php\/wp-json\/wp\/v2\/categories?post=2383"},{"taxonomy":"post_tag","embeddable":true,"href":"https:\/\/bibliobelas.eba.ufmg.br\/index.php\/wp-json\/wp\/v2\/tags?post=2383"}],"curies":[{"name":"wp","href":"https:\/\/api.w.org\/{rel}","templated":true}]}}