{"id":2391,"date":"2012-10-10T19:48:28","date_gmt":"2012-10-10T21:48:28","guid":{"rendered":"http:\/\/bibliobelas.wordpress.com\/?p=2391"},"modified":"2012-10-10T19:48:28","modified_gmt":"2012-10-10T21:48:28","slug":"coloquio-tempo-em-situacao-espaco-imagem-cenografia-convite-e-catalogo-virtual","status":"publish","type":"post","link":"https:\/\/bibliobelas.eba.ufmg.br\/index.php\/2012\/10\/coloquio-tempo-em-situacao-espaco-imagem-cenografia-convite-e-catalogo-virtual\/","title":{"rendered":"Col\u00f3quio Tempo em situa\u00e7\u00e3o: espa\u00e7o imagem cenografia &#8211; Convite e Cat\u00e1logo Virtual"},"content":{"rendered":"<p><a href=\"https:\/\/bibliobelas.eba.ufmg.br\/wp-content\/uploads\/2012\/10\/tempoemsituaccca7acc83o.jpg\"><img loading=\"lazy\" decoding=\"async\" class=\"alignright size-full wp-image-2393\" title=\"cartaz diante do tempo.indd\" alt=\"\" src=\"https:\/\/bibliobelas.eba.ufmg.br\/wp-content\/uploads\/2012\/10\/tempoemsituaccca7acc83o.jpg\" height=\"706\" width=\"500\" srcset=\"https:\/\/bibliobelas.eba.ufmg.br\/wp-content\/uploads\/2012\/10\/tempoemsituaccca7acc83o.jpg 851w, https:\/\/bibliobelas.eba.ufmg.br\/wp-content\/uploads\/2012\/10\/tempoemsituaccca7acc83o-212x300.jpg 212w, https:\/\/bibliobelas.eba.ufmg.br\/wp-content\/uploads\/2012\/10\/tempoemsituaccca7acc83o-724x1024.jpg 724w, https:\/\/bibliobelas.eba.ufmg.br\/wp-content\/uploads\/2012\/10\/tempoemsituaccca7acc83o-768x1086.jpg 768w\" sizes=\"auto, (max-width: 500px) 100vw, 500px\" \/><\/a><span style=\"color:#ff0000;\">+++++++<\/span><\/p>\n<p><strong>Veja no link que se segue o cat\u00e1logo virtual do evento : <a href=\"https:\/\/bibliobelas.eba.ufmg.br\/wp-content\/uploads\/2012\/10\/tempo-em-situaccca7ao.pdf\">Tempo em Situac\u0327ao<\/a><\/strong><\/p>\n","protected":false},"excerpt":{"rendered":"<p>+++++++ Veja no link que se segue o cat\u00e1logo virtual do evento : Tempo em Situac\u0327ao<\/p>\n","protected":false},"author":1,"featured_media":0,"comment_status":"open","ping_status":"open","sticky":false,"template":"","format":"standard","meta":{"footnotes":""},"categories":[2],"tags":[58],"class_list":["post-2391","post","type-post","status-publish","format-standard","hentry","category-postagens","tag-eba-eventos"],"_links":{"self":[{"href":"https:\/\/bibliobelas.eba.ufmg.br\/index.php\/wp-json\/wp\/v2\/posts\/2391","targetHints":{"allow":["GET"]}}],"collection":[{"href":"https:\/\/bibliobelas.eba.ufmg.br\/index.php\/wp-json\/wp\/v2\/posts"}],"about":[{"href":"https:\/\/bibliobelas.eba.ufmg.br\/index.php\/wp-json\/wp\/v2\/types\/post"}],"author":[{"embeddable":true,"href":"https:\/\/bibliobelas.eba.ufmg.br\/index.php\/wp-json\/wp\/v2\/users\/1"}],"replies":[{"embeddable":true,"href":"https:\/\/bibliobelas.eba.ufmg.br\/index.php\/wp-json\/wp\/v2\/comments?post=2391"}],"version-history":[{"count":0,"href":"https:\/\/bibliobelas.eba.ufmg.br\/index.php\/wp-json\/wp\/v2\/posts\/2391\/revisions"}],"wp:attachment":[{"href":"https:\/\/bibliobelas.eba.ufmg.br\/index.php\/wp-json\/wp\/v2\/media?parent=2391"}],"wp:term":[{"taxonomy":"category","embeddable":true,"href":"https:\/\/bibliobelas.eba.ufmg.br\/index.php\/wp-json\/wp\/v2\/categories?post=2391"},{"taxonomy":"post_tag","embeddable":true,"href":"https:\/\/bibliobelas.eba.ufmg.br\/index.php\/wp-json\/wp\/v2\/tags?post=2391"}],"curies":[{"name":"wp","href":"https:\/\/api.w.org\/{rel}","templated":true}]}}