{"id":2479,"date":"2012-11-09T17:58:55","date_gmt":"2012-11-09T19:58:55","guid":{"rendered":"http:\/\/bibliobelas.wordpress.com\/?p=2479"},"modified":"2012-11-09T17:58:55","modified_gmt":"2012-11-09T19:58:55","slug":"novo-boletim-digital-da-area-de-conservacao","status":"publish","type":"post","link":"https:\/\/bibliobelas.eba.ufmg.br\/index.php\/2012\/11\/novo-boletim-digital-da-area-de-conservacao\/","title":{"rendered":"NOVO &#8211; Boletim digital da \u00e1rea de Conserva\u00e7\u00e3o e Restaura\u00e7\u00e3o"},"content":{"rendered":"<h2 style=\"text-align:center;\">n.1, nov. 2012<\/h2>\n<h2 style=\"text-align:center;\"><span style=\"color:#ff0000;\">Edif\u00edcios &amp; Vest\u00edgios<\/span><\/h2>\n<h2 style=\"text-align:center;\"><strong><i><a href=\"https:\/\/bibliobelas.eba.ufmg.br\/wp-content\/uploads\/2012\/11\/boletim-intervenc3a7c3b5es-n-1.pdf\" target=\"_blank\" rel=\"noopener\"><img loading=\"lazy\" decoding=\"async\" class=\"wp-image-2499 aligncenter\" title=\"imagem interven\u00e7\u00f5es\" alt=\"\" src=\"https:\/\/bibliobelas.eba.ufmg.br\/wp-content\/uploads\/2012\/11\/imagem-intervenc3a7c3b5es.jpg?w=300\" height=\"205\" width=\"300\" srcset=\"https:\/\/bibliobelas.eba.ufmg.br\/wp-content\/uploads\/2012\/11\/imagem-intervenc3a7c3b5es.jpg 1005w, https:\/\/bibliobelas.eba.ufmg.br\/wp-content\/uploads\/2012\/11\/imagem-intervenc3a7c3b5es-300x206.jpg 300w, https:\/\/bibliobelas.eba.ufmg.br\/wp-content\/uploads\/2012\/11\/imagem-intervenc3a7c3b5es-768x527.jpg 768w\" sizes=\"auto, (max-width: 300px) 100vw, 300px\" \/><\/a><\/i><\/strong><\/h2>\n<h6 style=\"text-align:center;\">[Clique na imagem para o acesso ao boletim]<\/h6>\n<p><p style=\"text-align:justify;\"><a href=\"http:\/\/www.cr.estt.ipt.pt\/i\/i1.pdf\" target=\"_blank\" rel=\"noopener\"><strong><i>INTERVEN\u00c7\u00d5ES <\/i><\/strong><\/a>\u00e9 um boletim digital, de aparecimento irregular, que tem como objetivo divulgar algumas interven\u00e7\u00f5es desenvolvidas no Instituto Polit\u00e9cnico de Tomar (em Portugal) no \u00e2mbito dos cursos de licenciatura e de mestrado em Conserva\u00e7\u00e3o e Restauro e no \u00e2mbito de outras atividades, nomeadamente de presta\u00e7\u00e3o de servi\u00e7os.<\/p>\n<p style=\"text-align:justify;\">Cada n\u00famero \u00e9 dedicado a uma interven\u00e7\u00e3o.<\/p>\n<p style=\"text-align:justify;\">Para maiores informa\u00e7\u00f5es, <span style=\"text-decoration:underline;\">acesse<\/span>: <a href=\"http:\/\/www.cr.estt.ipt.pt\/i\/i.html\" target=\"_blank\" rel=\"noopener\">http:\/\/www.cr.estt.ipt.pt\/i\/i.html<\/a><\/p>\n","protected":false},"excerpt":{"rendered":"<p>n.1, nov. 2012 Edif\u00edcios &amp; Vest\u00edgios [Clique na imagem para o acesso ao boletim] INTERVEN\u00c7\u00d5ES \u00e9 um boletim digital, de aparecimento irregular, que tem como objetivo divulgar algumas interven\u00e7\u00f5es desenvolvidas no Instituto Polit\u00e9cnico de Tomar (em Portugal) no \u00e2mbito dos cursos de licenciatura e de mestrado em Conserva\u00e7\u00e3o e Restauro e no \u00e2mbito de outras &hellip; <a href=\"https:\/\/bibliobelas.eba.ufmg.br\/index.php\/2012\/11\/novo-boletim-digital-da-area-de-conservacao\/\" class=\"more-link\">Continue lendo <span class=\"screen-reader-text\">NOVO &#8211; Boletim digital da \u00e1rea de Conserva\u00e7\u00e3o e Restaura\u00e7\u00e3o<\/span> <span class=\"meta-nav\">&rarr;<\/span><\/a><\/p>\n","protected":false},"author":1,"featured_media":0,"comment_status":"open","ping_status":"open","sticky":false,"template":"","format":"standard","meta":{"footnotes":""},"categories":[2],"tags":[],"class_list":["post-2479","post","type-post","status-publish","format-standard","hentry","category-postagens"],"_links":{"self":[{"href":"https:\/\/bibliobelas.eba.ufmg.br\/index.php\/wp-json\/wp\/v2\/posts\/2479","targetHints":{"allow":["GET"]}}],"collection":[{"href":"https:\/\/bibliobelas.eba.ufmg.br\/index.php\/wp-json\/wp\/v2\/posts"}],"about":[{"href":"https:\/\/bibliobelas.eba.ufmg.br\/index.php\/wp-json\/wp\/v2\/types\/post"}],"author":[{"embeddable":true,"href":"https:\/\/bibliobelas.eba.ufmg.br\/index.php\/wp-json\/wp\/v2\/users\/1"}],"replies":[{"embeddable":true,"href":"https:\/\/bibliobelas.eba.ufmg.br\/index.php\/wp-json\/wp\/v2\/comments?post=2479"}],"version-history":[{"count":0,"href":"https:\/\/bibliobelas.eba.ufmg.br\/index.php\/wp-json\/wp\/v2\/posts\/2479\/revisions"}],"wp:attachment":[{"href":"https:\/\/bibliobelas.eba.ufmg.br\/index.php\/wp-json\/wp\/v2\/media?parent=2479"}],"wp:term":[{"taxonomy":"category","embeddable":true,"href":"https:\/\/bibliobelas.eba.ufmg.br\/index.php\/wp-json\/wp\/v2\/categories?post=2479"},{"taxonomy":"post_tag","embeddable":true,"href":"https:\/\/bibliobelas.eba.ufmg.br\/index.php\/wp-json\/wp\/v2\/tags?post=2479"}],"curies":[{"name":"wp","href":"https:\/\/api.w.org\/{rel}","templated":true}]}}