{"id":2673,"date":"2013-03-07T18:52:12","date_gmt":"2013-03-07T20:52:12","guid":{"rendered":"http:\/\/bibliobelas.wordpress.com\/?p=2673"},"modified":"2013-03-07T18:52:12","modified_gmt":"2013-03-07T20:52:12","slug":"exposicao-avestruz-de-ex-aluna-da-eba-discute-as-relacoes-de-poder","status":"publish","type":"post","link":"https:\/\/bibliobelas.eba.ufmg.br\/index.php\/2013\/03\/exposicao-avestruz-de-ex-aluna-da-eba-discute-as-relacoes-de-poder\/","title":{"rendered":"Exposi\u00e7\u00e3o &#8220;Avestruz&#8221; de ex-aluna da EBA discute as rela\u00e7\u00f5es de poder"},"content":{"rendered":"<p style=\"text-align:justify;\">Resultado de um trabalho iniciado em 2006, a exposi\u00e7\u00e3o &#8220;Avestruz &#8211; S\u00f3 Tenho Rascunhos&#8221;, da multiartista Paola Rettore, ser\u00e1 aberta hoje e permanece em cartaz no Memorial Minas Gerais Vale at\u00e9 abril.<\/p>\n<p>Mistura de muitas linguagens, realizadas por v\u00e1rios artistas convidados, a exposi\u00e7\u00e3o tem fotografias de Eug\u00eanio S\u00e1vio e Weber P\u00e1dua, esculturas e figurinos de Marciano Mansur, v\u00eddeos de Marcelo Kraiser, poemas e ainda performances de Paola.<\/p>\n<figure id=\"attachment_2674\" aria-describedby=\"caption-attachment-2674\" style=\"width: 300px\" class=\"wp-caption alignright\"><a href=\"https:\/\/bibliobelas.eba.ufmg.br\/wp-content\/uploads\/2013\/03\/avestruz.jpg\"><img loading=\"lazy\" decoding=\"async\" class=\"size-medium wp-image-2674\" alt=\"Personas. Ciborgue \u00e9 uma das sete personagens presentes na exposi\u00e7\u00e3o e nas performances.\" src=\"https:\/\/bibliobelas.eba.ufmg.br\/wp-content\/uploads\/2013\/03\/avestruz.jpg?w=300\" width=\"300\" height=\"215\" srcset=\"https:\/\/bibliobelas.eba.ufmg.br\/wp-content\/uploads\/2013\/03\/avestruz.jpg 600w, https:\/\/bibliobelas.eba.ufmg.br\/wp-content\/uploads\/2013\/03\/avestruz-300x215.jpg 300w\" sizes=\"auto, (max-width: 300px) 100vw, 300px\" \/><\/a><figcaption id=\"caption-attachment-2674\" class=\"wp-caption-text\">Personas. Ciborgue \u00e9 uma das sete personagens presentes na exposi\u00e7\u00e3o e nas performances.<\/figcaption><\/figure>\n<p style=\"text-align:justify;\">O foco da exposi\u00e7\u00e3o est\u00e1 em sete personas constru\u00eddas como roupas-armaduras, identificadas como Banho, Contempla, Esmalte, Sofia, 50\u2019, Convidada e Palestrante.<\/p>\n<p style=\"text-align:justify;\">Em 2011 e 2012, a artista levou esses figurinos \u00e0 rua, em interven\u00e7\u00f5es urbanas que deram origem ao livro-objeto hom\u00f4nimo \u00e0 exposi\u00e7\u00e3o, que teve tiragem de 200 c\u00f3pias.<\/p>\n<p style=\"text-align:justify;\">A inten\u00e7\u00e3o de Paola \u00e9 buscar, no limite do exagero, ironia e provoca\u00e7\u00e3o, um questionamento sobre as rela\u00e7\u00f5es de poder. O nome da exposi\u00e7\u00e3o sugere algo desengon\u00e7ado e engra\u00e7ado.<\/p>\n<p style=\"text-align:justify;\">&#8220;Vejo esta exposi\u00e7\u00e3o como um trabalho pol\u00edtico, mas extremamente po\u00e9tico. As pessoas podem ver e se divertir, mas v\u00e3o perceber que existem outras camadas, em n\u00edveis mais profundos&#8221;, afirmou a artista.<br \/>\nA mostra re\u00fane todas as etapas do trabalho e exp\u00f5e parte do processo criativo de seus artistas. &#8220;Ela foi constru\u00edda de uma maneira muito bonita. Cada pe\u00e7a mostra a pot\u00eancia art\u00edstica do seu criador&#8221;, analisa Paola.<\/p>\n<p style=\"text-align:justify;\">Vestida como uma das personagens, a artista far\u00e1 performances ao vivo, ao meio-dia, em 17 de mar\u00e7o e 14 e 21 de abril. &#8220;No feriado, vai ser uma divers\u00e3o. Vou levar a Sofia (uma das personas), que vai distribuir diplomas \u00e0s pessoas&#8221;.<\/p>\n<p style=\"text-align:justify;\"><span style=\"color:#ff0000;\"><strong>++++++++++++++++++++++++++++++<\/strong><\/span><\/p>\n<p><strong style=\"line-height:1.7;\">O QU\u00ea.<\/strong><span style=\"color:#444444;line-height:1.7;\">\u00a0Exposi\u00e7\u00e3o &#8220;Avestruz &#8211; S\u00f3 Tenho Rascunhos&#8221;, da multiartista Paola Rettore<\/span><\/p>\n<p><strong>Quando.<\/strong>\u00a0De 06 de mar\u00e7o a 30 de abril, \u00e0s ter\u00e7as, quartas, sextas e s\u00e1bados, das 10h \u00e0s 17h30; \u00e0s quintas, das 10h \u00e0s 21h30 e domingos, das 10h \u00e0s 15h30.<br \/>\n<strong>Onde.<\/strong>\u00a0Memorial Minas Gerais Vale (pra\u00e7a da Liberdade).<br \/>\n<strong>Quanto.<\/strong>\u00a0Entrada franca<\/p>\n","protected":false},"excerpt":{"rendered":"<p>Resultado de um trabalho iniciado em 2006, a exposi\u00e7\u00e3o &#8220;Avestruz &#8211; S\u00f3 Tenho Rascunhos&#8221;, da multiartista Paola Rettore, ser\u00e1 aberta hoje e permanece em cartaz no Memorial Minas Gerais Vale at\u00e9 abril. Mistura de muitas linguagens, realizadas por v\u00e1rios artistas convidados, a exposi\u00e7\u00e3o tem fotografias de Eug\u00eanio S\u00e1vio e Weber P\u00e1dua, esculturas e figurinos de &hellip; <a href=\"https:\/\/bibliobelas.eba.ufmg.br\/index.php\/2013\/03\/exposicao-avestruz-de-ex-aluna-da-eba-discute-as-relacoes-de-poder\/\" class=\"more-link\">Continue lendo <span class=\"screen-reader-text\">Exposi\u00e7\u00e3o &#8220;Avestruz&#8221; de ex-aluna da EBA discute as rela\u00e7\u00f5es de poder<\/span> <span class=\"meta-nav\">&rarr;<\/span><\/a><\/p>\n","protected":false},"author":1,"featured_media":0,"comment_status":"open","ping_status":"open","sticky":false,"template":"","format":"standard","meta":{"footnotes":""},"categories":[2],"tags":[30,66],"class_list":["post-2673","post","type-post","status-publish","format-standard","hentry","category-postagens","tag-artistas-individuais","tag-exposicoes-de-arte"],"_links":{"self":[{"href":"https:\/\/bibliobelas.eba.ufmg.br\/index.php\/wp-json\/wp\/v2\/posts\/2673","targetHints":{"allow":["GET"]}}],"collection":[{"href":"https:\/\/bibliobelas.eba.ufmg.br\/index.php\/wp-json\/wp\/v2\/posts"}],"about":[{"href":"https:\/\/bibliobelas.eba.ufmg.br\/index.php\/wp-json\/wp\/v2\/types\/post"}],"author":[{"embeddable":true,"href":"https:\/\/bibliobelas.eba.ufmg.br\/index.php\/wp-json\/wp\/v2\/users\/1"}],"replies":[{"embeddable":true,"href":"https:\/\/bibliobelas.eba.ufmg.br\/index.php\/wp-json\/wp\/v2\/comments?post=2673"}],"version-history":[{"count":0,"href":"https:\/\/bibliobelas.eba.ufmg.br\/index.php\/wp-json\/wp\/v2\/posts\/2673\/revisions"}],"wp:attachment":[{"href":"https:\/\/bibliobelas.eba.ufmg.br\/index.php\/wp-json\/wp\/v2\/media?parent=2673"}],"wp:term":[{"taxonomy":"category","embeddable":true,"href":"https:\/\/bibliobelas.eba.ufmg.br\/index.php\/wp-json\/wp\/v2\/categories?post=2673"},{"taxonomy":"post_tag","embeddable":true,"href":"https:\/\/bibliobelas.eba.ufmg.br\/index.php\/wp-json\/wp\/v2\/tags?post=2673"}],"curies":[{"name":"wp","href":"https:\/\/api.w.org\/{rel}","templated":true}]}}