{"id":2714,"date":"2013-04-12T16:47:01","date_gmt":"2013-04-12T18:47:01","guid":{"rendered":"http:\/\/bibliobelas.wordpress.com\/?p=2714"},"modified":"2013-04-12T16:47:01","modified_gmt":"2013-04-12T18:47:01","slug":"fashion-rio-sera-transmitido-ao-vivo-na-web","status":"publish","type":"post","link":"https:\/\/bibliobelas.eba.ufmg.br\/index.php\/2013\/04\/fashion-rio-sera-transmitido-ao-vivo-na-web\/","title":{"rendered":"Fashion Rio ser\u00e1 transmitido ao vivo na web"},"content":{"rendered":"<p style=\"text-align:justify;\"><span style=\"color:#444444;line-height:1.7;\">A 23\u00aa edi\u00e7\u00e3o do Fashion Rio come\u00e7a no dia 15 de abril, segunda-feira,\u00a0e at\u00e9 20 do mesmo m\u00eas\u00a0vai apresentar as cole\u00e7\u00f5es de Ver\u00e3o 2013\/2014, na Marina da Gl\u00f3ria, no bairro Flamengo, na capital fluminense.<\/span><\/p>\n<p style=\"text-align:justify;\"><span style=\"color:#444444;line-height:1.7;\">O site Terra\u00a0<\/span><a style=\"line-height:1.7;\" href=\"www.terra.com.br\" target=\"_blank\" rel=\"noopener\">http:\/\/www.terra.com.br<\/a><span style=\"color:#444444;line-height:1.7;\">\u00a0\u00a0transmitir\u00e1\u00a0\u00a0todos os desfiles da cole\u00e7\u00e3o\u00a0Fashion Rio\u00a0ao vivo\u00a0na \u00edntegra com exclusividade para web.<\/span><\/p>\n<ul>\n<li><b><a title=\"Veja a programa\u00e7\u00e3o completa do Fashion Rio\" href=\"http:\/\/moda.terra.com.br\/fashion-rio\/programacao\/fashion-rio-divulga-programacao-com-duas-novas-grifes,25a9d5bf95bcd310VgnVCM5000009ccceb0aRCRD.html\">Veja a programa\u00e7\u00e3o completa do Fashion Rio<\/a><\/b><b style=\"line-height:1.7;\">\u00a0<\/b><span style=\"color:#444444;line-height:1.7;\"><br \/>\n<\/span><\/li>\n<\/ul>\n<table width=\"450\" border=\"0\" cellspacing=\"0\" cellpadding=\"0\">\n<tbody>\n<tr>\n<td><b>DATA<\/b><\/td>\n<td><b>HOR\u00c1RIOS<\/b><\/td>\n<td><b>DESFILES<\/b><\/td>\n<\/tr>\n<tr>\n<td>Segunda-feira (15\/4)<\/td>\n<td>19h<br \/>\n20h30<br \/>\n22h<\/td>\n<td>2nd Floor<br \/>\nFilhas de Gaia<br \/>\nAlessa<\/td>\n<\/tr>\n<tr>\n<td>Ter\u00e7a-feira (16\/4)<\/td>\n<td>12h<br \/>\n18h<br \/>\n19h<br \/>\n20h30<br \/>\n22h<\/td>\n<td>Blue Man<br \/>\nMaria Fil\u00f3<br \/>\nCoven<br \/>\nI\u00f3dice<br \/>\nEspa\u00e7o Fashion<\/td>\n<\/tr>\n<tr>\n<td>Quarta-feira (17\/4)<\/td>\n<td>17h<br \/>\n18h<br \/>\n19h<br \/>\n20h<br \/>\n21h<br \/>\n22h<\/td>\n<td>Andrea Marques<br \/>\nSacada<br \/>\nOh Boy<br \/>\nCant\u00e3o<br \/>\nLenny Niemeyer<br \/>\nTNG<\/td>\n<\/tr>\n<tr>\n<td>Quinta-feira (18\/4)<\/td>\n<td>12h<br \/>\n17h<br \/>\n18h<br \/>\n19h<br \/>\n21h<br \/>\n22h<\/td>\n<td>Patricia Viera<br \/>\nNica Kessler<br \/>\nHerchcovitch<br \/>\nSalinas<br \/>\nCoca Cola Clothing<br \/>\nReserva<\/td>\n<\/tr>\n<tr>\n<td>Sexta-feira (19\/4)<\/td>\n<td>17h<br \/>\n18h<br \/>\n19h30<br \/>\n21h<br \/>\n22h<\/td>\n<td>Bianca Marques<br \/>\nOest\u00fadio<br \/>\nR.Groove<br \/>\nTriya<br \/>\n\u00c4uslander<\/td>\n<\/tr>\n<\/tbody>\n<\/table>\n<p>Confira o perfil dos participantes desta edi\u00e7\u00e3o do Fashion Rio:<\/p>\n<p><span style=\"color:#444444;line-height:1.7;\">\u00a0<\/span><\/p>\n<figure><small><img loading=\"lazy\" decoding=\"async\" class=\"alignleft\" style=\"font-size:13px;line-height:1.7;\" title=\" Foto: Divulga\u00e7\u00e3o\" alt=\" Foto: Divulga\u00e7\u00e3o\" src=\"http:\/\/p2.trrsf.com.br\/image\/fget\/cf\/195\/146\/images.terra.com\/2013\/04\/05\/2nd-floor-thiago-marcon.jpg\" width=\"195\" height=\"146\" \/><\/small><\/figure>\n<p style=\"text-align:justify;\">\u00a0<strong>2nd Floor<\/strong><\/p>\n<p style=\"text-align:justify;\">Ellus 2nd Floor foi criada por Nelson Alvarenga e Adriana Bozon e \u00e9 a irm\u00e3 mais nova da Ellus. Surgiu de um projeto de mesmo nome que, em 2002, abriu espa\u00e7o para revelar novos talentos na moda nacional. A estreia como marca foi em 2007, com um desfile para o ver\u00e3o 2008 no SPFW. Faz parte do line-up do Fashion Rio desde a cole\u00e7\u00e3o ver\u00e3o 2012. A cria\u00e7\u00e3o \u00e9 do estilista Thiago Marcon, sob a dire\u00e7\u00e3o de Adriana Bozon.<\/p>\n<figure style=\"text-align:justify;\"><img loading=\"lazy\" decoding=\"async\" class=\"alignright\" title=\" Foto: Divulga\u00e7\u00e3o\" alt=\" Foto: Divulga\u00e7\u00e3o\" src=\"http:\/\/p2.trrsf.com.br\/image\/fget\/cf\/195\/146\/images.terra.com\/2013\/04\/05\/filhas-gaia-marcela-calmon-renata-salles.jpg\" width=\"195\" height=\"146\" \/><\/figure>\n<p style=\"text-align:justify;\"><strong style=\"line-height:1.7;\">Filhas de Gaia\u00a0<\/strong><\/p>\n<p style=\"text-align:justify;\">As amigas de inf\u00e2ncia e estilistas Marcela Calmon e Renata Salles lan\u00e7aram a grife em 2005. Tudo come\u00e7ou com um ateli\u00ea em um casar\u00e3o, no Rio de Janeiro. A marca estreou no Fashion Rio em junho de 2008, apresentando a cole\u00e7\u00e3o de ver\u00e3o 2009.<\/p>\n<figure style=\"text-align:justify;\"><img loading=\"lazy\" decoding=\"async\" class=\"alignleft\" title=\" Foto: AgNews\" alt=\" Foto: AgNews\" src=\"http:\/\/p2.trrsf.com.br\/image\/fget\/cf\/195\/146\/images.terra.com\/2013\/04\/05\/alessa-agnews.jpeg\" width=\"195\" height=\"146\" \/><\/figure>\n<p style=\"text-align:justify;\"><strong>Alessa<\/strong><br \/>\nA grife comandada pela estilista Alessa Migani foi criada em 2002 com a abertura de um ateli\u00ea em Ipanema, no Rio de Janeiro. Alessa fez mestrado na Central St. Martins, em Londres, e gosta de criar pe\u00e7as com bom humor e refer\u00eancias brasileiras. Estreou no Fashion Rio em 2005, com a cole\u00e7\u00e3o ver\u00e3o 2006, com um desfile em sua loja, Casa da Alessa, mas j\u00e1 fez apresenta\u00e7\u00f5es no Morro do P\u00e3o de A\u00e7\u00facar (ver\u00e3o 2007) e dentro do supermercado P\u00e3o de A\u00e7\u00facar (Inverno 2006).<\/p>\n<figure style=\"text-align:justify;\"><img loading=\"lazy\" decoding=\"async\" class=\"alignright\" title=\" Foto: Divulga\u00e7\u00e3o\" alt=\" Foto: Divulga\u00e7\u00e3o\" src=\"http:\/\/p2.trrsf.com.br\/image\/fget\/cf\/195\/146\/images.terra.com\/2013\/04\/05\/blueman.jpg\" width=\"195\" height=\"146\" \/><\/figure>\n<p style=\"text-align:justify;\"><strong style=\"line-height:1.7;\">Blue Man<\/strong><\/p>\n<p style=\"text-align:justify;\">Em maio de 2012, com a cole\u00e7\u00e3o Ver\u00e3o 2013, a Blue Man apresentou no Fashion Rio o desfile que comemorou os seus 40 anos. Foi fundada por David Azulay, que morreu em 2009. Sharon e Thomaz Azulay, respectivamente filha e sobrinho de David, assumiram a grife no in\u00edcio de 2011.<\/p>\n<figure style=\"text-align:justify;\"><img loading=\"lazy\" decoding=\"async\" class=\"alignleft\" title=\" Foto: Divulga\u00e7\u00e3o\" alt=\" Foto: Divulga\u00e7\u00e3o\" src=\"http:\/\/p2.trrsf.com.br\/image\/fget\/cf\/195\/146\/images.terra.com\/2013\/04\/05\/roberta-ribeiro-maria-filo-divulgacao.jpg\" width=\"195\" height=\"146\" \/><\/figure>\n<p style=\"text-align:justify;\"><strong style=\"line-height:1.7;\">Maria Fil\u00f3<\/strong><\/p>\n<p style=\"text-align:justify;\">Criada em 1997 por C\u00e9lia Osorio, a marca se destaca pelas pe\u00e7as de tric\u00f4.\u00a0 Roberta Ribeiro, filha de C\u00e9lia, est\u00e1 at\u00e9 hoje \u00e0\u00a0frente do estilo da marca. Ser\u00e1 a estreia da grife\u00a0no Fashion Rio. A Maria Fil\u00f3 tem 60 lojas no Brasil, 13 no Rio de Janeiro. Recentemente, a empresa anunciou que firmou parceria com a grife Filhas de Gaia, num projeto de expans\u00e3o da marca no varejo.<\/p>\n<figure style=\"text-align:justify;\"><img loading=\"lazy\" decoding=\"async\" class=\"alignright\" title=\" Foto: Divulga\u00e7\u00e3o\" alt=\" Foto: Divulga\u00e7\u00e3o\" src=\"http:\/\/p2.trrsf.com.br\/image\/fget\/cf\/195\/146\/images.terra.com\/2013\/04\/05\/coven.jpg\" width=\"195\" height=\"146\" \/><\/figure>\n<p style=\"text-align:justify;\"><strong>Coven\u00a0<\/strong><br \/>\nFundada em 1993 por Liliane Queiroz, que era quase um arquiteta formada quando descobriu sua verdadeira voca\u00e7\u00e3o. Liliane praticou sua aptid\u00e3o para a mistura de cores e elabora\u00e7\u00e3o de texturas, criando pe\u00e7as exclusivas em tric\u00f4, que deram origem a Coven. O primeiro desfile no Fashion Rio apresentou a cole\u00e7\u00e3o Ver\u00e3o 2003.<\/p>\n<figure style=\"text-align:justify;\"><img loading=\"lazy\" decoding=\"async\" class=\"alignleft\" title=\" Foto: Divulga\u00e7\u00e3o\" alt=\" Foto: Divulga\u00e7\u00e3o\" src=\"http:\/\/p2.trrsf.com.br\/image\/fget\/cf\/195\/146\/images.terra.com\/2013\/04\/05\/valdemariodiceentrevistafashionrio.jpg\" width=\"195\" height=\"146\" \/><small><br \/>\n<\/small><\/figure>\n<p style=\"text-align:justify;\"><strong>I\u00f3dice\u00a0<\/strong><br \/>\nA I\u00f3dice foi fundada em 1987 e estreia nesta edi\u00e7\u00e3o no Fashion Rio. Come\u00e7ou a desfilar no SPFW em 1996, quando a semana de moda paulistana tinha o nome de Morumbi Fashion. Valdemar Iodice, fundador da marca, afirma que vai permanecer no line-up do Fashion Rio. A grife abriu em mar\u00e7o sua primeira loja na cidade do Rio de Janeiro e essa estrat\u00e9gia tem como foco priorizar o mercado brasileiro.<\/p>\n<figure style=\"text-align:justify;\"><img loading=\"lazy\" decoding=\"async\" class=\"alignright\" title=\" Foto: Divulga\u00e7\u00e3o\" alt=\" Foto: Divulga\u00e7\u00e3o\" src=\"http:\/\/p2.trrsf.com.br\/image\/fget\/cf\/195\/146\/images.terra.com\/2013\/04\/05\/espaco-fashion-bianca-camila-bastos.jpg\" width=\"195\" height=\"146\" \/><\/figure>\n<p style=\"text-align:justify;\"><strong>Espa\u00e7o Fashion\u00a0<\/strong><br \/>\nA Espa\u00e7o Fashion foi criada pelas irm\u00e3s Bianca e Camila Bastos, em 1996. A grife entrou no Babil\u00f4nia Feira Hype, em 1997. A primeira loja foi inaugurada em 1999. Estreou no Fashion Rio em junho de 2008, com a cole\u00e7\u00e3o de ver\u00e3o 2009.<\/p>\n<figure style=\"text-align:justify;\"><img loading=\"lazy\" decoding=\"async\" class=\"alignleft\" title=\" Foto: Divulga\u00e7\u00e3o\" alt=\" Foto: Divulga\u00e7\u00e3o\" src=\"http:\/\/p2.trrsf.com.br\/image\/fget\/cf\/195\/146\/images.terra.com\/2013\/04\/05\/andrea-marques-div.jpg\" width=\"195\" height=\"146\" \/><\/figure>\n<p style=\"text-align:justify;\"><strong>Andrea Marques<\/strong><br \/>\nEm 2007, Andrea Marques desligou-se da Maria Bonita Extra, da qual ficou \u00e0 frente por 15 anos, e fundou sua grife. Em janeiro de 2010, passou a fazer parte do line-up do Fashion Rio.<\/p>\n<figure style=\"text-align:justify;\"><img loading=\"lazy\" decoding=\"async\" class=\"alignright\" title=\" Foto: Divulga\u00e7\u00e3o\" alt=\" Foto: Divulga\u00e7\u00e3o\" src=\"http:\/\/p2.trrsf.com.br\/image\/fget\/cf\/195\/146\/images.terra.com\/2013\/04\/05\/sacadadiv.jpg\" width=\"195\" height=\"146\" \/><\/figure>\n<p style=\"text-align:justify;\"><strong>Sacada<\/strong><br \/>\nA grife surgiu em 1982. A diretora criativa e propriet\u00e1ria da marca \u00e9 Beti Speiski. A Sacada come\u00e7ou a desfilar no Fashion Rio na temporada de ver\u00e3o 2013. A marca faz parte do mesmo grupo que comanda as marcas Oh Boy! e Addict. Na temporada passada, de inverno 2013, mostrou cole\u00e7\u00e3o que investia em tecidos pesados.<\/p>\n<figure style=\"text-align:justify;\"><img loading=\"lazy\" decoding=\"async\" class=\"alignleft\" title=\" Foto: Terra\" alt=\" Foto: Terra\" src=\"http:\/\/p2.trrsf.com.br\/image\/fget\/cf\/195\/146\/images.terra.com\/2013\/04\/05\/ohboyterra.jpg\" width=\"195\" height=\"146\" \/><\/figure>\n<p style=\"text-align:justify;\"><strong>Oh Boy!<\/strong><br \/>\nMarca jovem do grupo Sacada, que det\u00e9m as marcas Sacada e Addict, estreou nas passarelas do Fashion Rio em maio de 2012, na temporada ver\u00e3o 2012\/2013. A grife integrava o Fashion Business. A estilista Thais Losso \u00e9 consultora da marca desde dezembro de 2011 e, ao lado do stylist Felipe Veloso, foi respons\u00e1vel pela cole\u00e7\u00e3o mostrada no primeiro desfile no evento. Na edi\u00e7\u00e3o passada, a de inverno 2013, a grife colocou um gato e um cachorro no colo de modelos durante a apresenta\u00e7\u00e3o.<\/p>\n<figure style=\"text-align:justify;\"><img loading=\"lazy\" decoding=\"async\" class=\"alignright\" title=\" Foto: AgNews\" alt=\" Foto: AgNews\" src=\"http:\/\/p2.trrsf.com.br\/image\/fget\/cf\/195\/146\/images.terra.com\/2013\/04\/05\/cantao-agnews.JPG\" width=\"195\" height=\"146\" \/><\/figure>\n<p style=\"text-align:justify;\"><strong>Cant\u00e3o<\/strong><br \/>\nA marca foi criada em 1967 por Leila Barreto e Peter Simon e desde 2005 lan\u00e7a cole\u00e7\u00f5es no Fashion Rio. Em janeiro de 2011, o estilo da grife foi assumido por Lanza Mazza, que foi\u00a0da Mara Mac por 15 anos. Lanza \u00e9 irm\u00e3 g\u00eamea da apresentadora do programa da Globo\u00a0<em>Bom Dia Brasil<\/em>, a jornalista Renata Vasconcellos. A Cant\u00e3o pulou a \u00faltima temporada do Fashion Rio, chamada de transi\u00e7\u00e3o, realizada em novembro.<\/p>\n<figure style=\"text-align:justify;\"><img loading=\"lazy\" decoding=\"async\" class=\"alignleft\" title=\" Foto: AgNews\" alt=\" Foto: AgNews\" src=\"http:\/\/p2.trrsf.com.br\/image\/fget\/cf\/195\/146\/images.terra.com\/2013\/04\/05\/lenny-niemeyer-agnews.jpeg\" width=\"195\" height=\"146\" \/><\/figure>\n<p style=\"text-align:justify;\"><strong>Lenny Niemeyer<\/strong><br \/>\nA primeira carreira de Lenny foi a de paisagista. Isso trouxe para as pe\u00e7as da marca estampas e outros elementos inspirados na natureza. A grife come\u00e7ou com a estilista fazendo pe\u00e7as para seu uso pessoal, j\u00e1 que n\u00e3o encontrava o que procurava nas marcas existentes. Lenny comprou material,\u00a0contratou uma costureira e come\u00e7ou a produzir pe\u00e7as na garagem de sua casa, inclusive para outras grandes confec\u00e7\u00f5es. Em 1995, decidiu lan\u00e7ar sua marca pr\u00f3pria e abriu loja no bairro de Ipanema, no Rio de Janeiro. A grife\u00a0est\u00e1 obrigada judicialmente a se chamar Lenny Niemeyer e n\u00e3o apenas Lenny, pois o nome \u00e9 de propriedade do designer de acess\u00f3rios Lenny Mattos, da grife Lenny &amp; Cia. No ano passado, a estilista comemorou 20 anos de carreira.<\/p>\n<figure style=\"text-align:justify;\"><img loading=\"lazy\" decoding=\"async\" class=\"alignright\" title=\" Foto: Divulga\u00e7\u00e3o\" alt=\" Foto: Divulga\u00e7\u00e3o\" src=\"http:\/\/p2.trrsf.com.br\/image\/fget\/cf\/195\/146\/images.terra.com\/2013\/04\/05\/titobessa-tng.jpg\" width=\"195\" height=\"146\" \/><\/figure>\n<p style=\"text-align:justify;\"><strong>TNG<\/strong><br \/>\nJeanswear com refer\u00eancias ao esporte se destaca no estilo da marca, criada em 1984 por Tito Bessa. \u00c9 uma das mais tradicionais do pa\u00eds e seu nome \u00e9 uma abrevia\u00e7\u00e3o da palavra teenager (adolescente), em ingl\u00eas. A TNG participa do Fashion Rio desde 2003 e seus desfiles sempre contam com presen\u00e7a de personalidades. J\u00e1 pisaram nas passarelas da grife Naomi Campbell, Reynaldo Gianecchini, Rodrigo Lombardi, Juliana Paes, Carolina Dieckmann, entre outros.<\/p>\n<figure style=\"text-align:justify;\"><img loading=\"lazy\" decoding=\"async\" class=\"alignleft\" title=\" Foto: AgNews\" alt=\" Foto: AgNews\" src=\"http:\/\/p2.trrsf.com.br\/image\/fget\/cf\/195\/146\/images.terra.com\/2013\/04\/05\/patriciavieiraagn.jpg\" width=\"195\" height=\"146\" \/><\/figure>\n<p style=\"text-align:justify;\"><strong>Patr\u00edcia Viera\u00a0<\/strong><br \/>\nPatr\u00edcia Viera trabalhava com couro desde 1998, \u00e9poca em que produzia para a Daslu, Maria Bonita Extra e Lenny. Em 2005, consolidou sua marca ao abrir uma loja nos Jardins, em S\u00e3o Paulo. Depois de participar de duas edi\u00e7\u00f5es do Fashion Rio em 2005, Patr\u00edcia foi para o SPFW em 2006. Desfilou tamb\u00e9m no Fashion Business e volta nesta edi\u00e7\u00e3o ao Fashion Rio.<\/p>\n<figure style=\"text-align:justify;\"><img loading=\"lazy\" decoding=\"async\" class=\"alignright\" title=\" Foto: Divulga\u00e7\u00e3o\" alt=\" Foto: Divulga\u00e7\u00e3o\" src=\"http:\/\/p2.trrsf.com.br\/image\/fget\/cf\/195\/146\/images.terra.com\/2013\/04\/05\/nica-kessler-div.jpg\" width=\"195\" height=\"146\" \/><\/figure>\n<p style=\"text-align:justify;\"><strong>Nica Kessler<\/strong><br \/>\nCriada em 2007 pela estilista Nica Kessler, com a abertura de uma loja no segundo andar do F\u00f3rum de Ipanema. A estilista fez curso de moda na Saint Martin School, em Londres, e, em seguida, foi para Barcelona, onde adquiriu o m\u00e1ster na Escuela Superior de Dise\u00f1o de Moda Felicidad Duce. Est\u00e1 no Fashion Rio desde a temporada Inverno 2010, que aconteceu em janeiro do mesmo ano.<\/p>\n<figure style=\"text-align:justify;\"><img loading=\"lazy\" decoding=\"async\" class=\"alignleft\" title=\" Foto: AgNews\" alt=\" Foto: AgNews\" src=\"http:\/\/p2.trrsf.com.br\/image\/fget\/cf\/195\/146\/images.terra.com\/2013\/04\/05\/alexandre-herchcovitch-agnews.jpeg\" width=\"195\" height=\"146\" \/><\/figure>\n<p style=\"text-align:justify;\"><strong>Herchcovitch<\/strong><br \/>\nTrata-se da grife jeanswear do estilista Alexandre Herchcovitch. Sua linha pret-\u00e0-porter \u00e9 mostrada sempre no\u00a0S\u00e3o Paulo Fashion Week. As cole\u00e7\u00f5es mais casuais s\u00e3o lan\u00e7adas no Fashion Rio desde a temporada ver\u00e3o 2012, que aconteceu em junho de 2011. A grife foi criada em 1998. Alexandre formou-se em moda pela Faculdade Santa Marcelina em 1993 e desde o desfile de gradua\u00e7\u00e3o j\u00e1 chamou a aten\u00e7\u00e3o do mercado. \u00c9 um dos estilistas brasileiros mais importantes e um dos que mais possui produtos licenciados e parcerias com empresas, desde moda, at\u00e9 roupas para casa, objetos de decora\u00e7\u00e3o, entre outros.<\/p>\n<figure style=\"text-align:justify;\"><img loading=\"lazy\" decoding=\"async\" class=\"alignright\" title=\" Foto: Divulga\u00e7\u00e3o\" alt=\" Foto: Divulga\u00e7\u00e3o\" src=\"http:\/\/p2.trrsf.com.br\/image\/fget\/cf\/195\/146\/images.terra.com\/2013\/04\/05\/salinasdiv.jpg\" width=\"195\" height=\"146\" \/><\/figure>\n<p style=\"text-align:justify;\"><strong>Salinas\u00a0<\/strong><br \/>\nA Salinas come\u00e7ou com uma pequena f\u00e1brica em Santa Teresa, no Rio de Janeiro, com pe\u00e7as de Jacqueline e Tonico de Biase. Em 1982, abriu sua primeira loja em Ipanema. Estreou na passarela do Fashion Rio em sua primeira edi\u00e7\u00e3o, em 2002.<\/p>\n<figure style=\"text-align:justify;\"><img loading=\"lazy\" decoding=\"async\" class=\"alignleft\" title=\" Foto: Divulga\u00e7\u00e3o\" alt=\" Foto: Divulga\u00e7\u00e3o\" src=\"http:\/\/p2.trrsf.com.br\/image\/fget\/cf\/195\/146\/images.terra.com\/2013\/04\/05\/coca-cola-clothing-thais-rossiter.jpg\" width=\"195\" height=\"146\" \/><\/figure>\n<p style=\"text-align:justify;\"><strong>Coca-Cola Clothing<\/strong><br \/>\nA marca lan\u00e7a cole\u00e7\u00f5es no Fashion Rio desde 2008. \u00c9 fruto de um licenciamento da Coca-Cola para o grupo AMC T\u00eaxtil, o mesmo da Colcci. O estilo est\u00e1 sob o comando de Thais Rossiter, que cria pe\u00e7as jovens e urbanas. Na temporada inverno 2013, lan\u00e7ou uma ferramenta\u00a0que permitiu comprar roupas direto da passarela, por meio de uma pr\u00e9-encomenda feita durante o desfile.<\/p>\n<figure style=\"text-align:justify;\"><img loading=\"lazy\" decoding=\"async\" class=\"alignright\" title=\" Foto: Divulga\u00e7\u00e3o\" alt=\" Foto: Divulga\u00e7\u00e3o\" src=\"http:\/\/p2.trrsf.com.br\/image\/fget\/cf\/195\/146\/images.terra.com\/2013\/04\/05\/reservadiv.jpg\" width=\"195\" height=\"146\" \/><\/figure>\n<p style=\"text-align:justify;\"><strong>Reserva<\/strong><br \/>\nSurgiu em 2005, quando os amigos Rony Meisler, Fernando Sigal e Diogo Mariani resolveram fazer uma bermuda para se diferenciar da pe\u00e7a t\u00e3o comum vista na academia. Deu t\u00e3o certo que come\u00e7aram a vender com sucesso e lan\u00e7aram a grife masculina \u00e0 qual deram o nome da praia que frequentavam no Rio de Janeiro. Estreou no Fashion Rio em 2008, com a cole\u00e7\u00e3o ver\u00e3o 2009.<\/p>\n<figure style=\"text-align:justify;\"><img loading=\"lazy\" decoding=\"async\" class=\"alignleft\" title=\" Foto: Divulga\u00e7\u00e3o\" alt=\" Foto: Divulga\u00e7\u00e3o\" src=\"http:\/\/p2.trrsf.com.br\/image\/fget\/cf\/195\/146\/images.terra.com\/2013\/04\/05\/bianca-marques.jpg\" width=\"195\" height=\"146\" \/><\/figure>\n<p style=\"text-align:justify;\"><strong>Bianca Marques<\/strong><br \/>\nBianca Marques inaugurou seu primeiro ateli\u00ea em Ipanema, em 2007. No ano seguinte, o ateli\u00ea se mudou para uma casa na Rua Redentor, aderindo ao Quadril\u00e1tero do Charme. Em 2010, a marca dividiu sua linha em Pr\u00eat-a-Porter, Haute Couture e Noivas. Estreou no Fashion Rio em janeiro de 2012, com a cole\u00e7\u00e3o de inverno 2012.<\/p>\n<figure style=\"text-align:justify;\"><img loading=\"lazy\" decoding=\"async\" class=\"alignright\" title=\" Foto: Divulga\u00e7\u00e3o\" alt=\" Foto: Divulga\u00e7\u00e3o\" src=\"http:\/\/p2.trrsf.com.br\/image\/fget\/cf\/195\/146\/images.terra.com\/2013\/04\/05\/o-estudio-anne-gaul.jpg\" width=\"195\" height=\"146\" \/><\/figure>\n<p style=\"text-align:justify;\"><strong>OEst\u00fadio<\/strong><br \/>\nO coletivo OEst\u00fadio surgiu em 2001 e \u00e9 comandado por s\u00f3cios (coletivo de artistas e designers, que tem como estilista Anne Gaul). N\u00e3o trabalha apenas com moda, interage com outras m\u00eddias, como gr\u00e1ficos e filmes. Estreou no SPFW em 2006, com tend\u00eancias para o ver\u00e3o 2007. Migrou para o Fashion Rio em junho de 2010, com a cole\u00e7\u00e3o de ver\u00e3o 2011.<\/p>\n<figure style=\"text-align:justify;\"><img loading=\"lazy\" decoding=\"async\" class=\"alignleft\" title=\" Foto: Divulga\u00e7\u00e3o\" alt=\" Foto: Divulga\u00e7\u00e3o\" src=\"http:\/\/p2.trrsf.com.br\/image\/fget\/cf\/195\/146\/images.terra.com\/2013\/04\/05\/r-groove-rique-goncalves.jpg\" width=\"195\" height=\"146\" \/><\/figure>\n<p style=\"text-align:justify;\"><strong>R.Groove\u00a0<\/strong><br \/>\nEx-integrante do Rio Moda Hype, a grife de moda masculina chegou ao evento em janeiro de 2010. \u00c9 comandada por Rique Gon\u00e7alves, que come\u00e7ou a marca em 2007, com a proposta de fazer roupa divertida, descolada e confort\u00e1vel para homens e com refer\u00eancias aos universos do surfe, skate e do rock. Ele j\u00e1 foi guitarista de uma banda.<\/p>\n<figure style=\"text-align:justify;\"><img loading=\"lazy\" decoding=\"async\" class=\"alignright\" title=\" Foto: Divulga\u00e7\u00e3o\" alt=\" Foto: Divulga\u00e7\u00e3o\" src=\"http:\/\/p2.trrsf.com.br\/image\/fget\/cf\/195\/146\/images.terra.com\/2013\/04\/05\/triyadiv.jpg\" width=\"195\" height=\"146\" \/><\/figure>\n<p style=\"text-align:justify;\"><strong>Triya<\/strong><br \/>\nFundada em 2005, a Triya surgiu da sociedade das amigas Isabela Frugiuele, Carla Franco e Maria Isabel Fioravanti. Estreou na passarela do Fashion Rio em 2010.<\/p>\n<figure style=\"text-align:justify;\"><img loading=\"lazy\" decoding=\"async\" class=\"alignleft\" title=\" Foto: Divulga\u00e7\u00e3o\" alt=\" Foto: Divulga\u00e7\u00e3o\" src=\"http:\/\/p2.trrsf.com.br\/image\/fget\/cf\/195\/146\/images.terra.com\/2013\/04\/05\/auslander-ricardo-brautigam.jpg\" width=\"195\" height=\"146\" \/><\/figure>\n<div>\n<p style=\"text-align:justify;\"><strong>Ausl\u00e4nder<\/strong><br \/>\nCriada em 2004 pelo estilista Ricardo Br\u00e4utigam, estreou no Fashion Rio em janeiro de 2009. A marca nasceu produzindo camisetas para homens e mulheres com estampas exclusivas. O nome, de origem alem\u00e3, significa \u201co que vem de fora, estrangeiro\u201d.<\/p>\n<p>Dispon\u00edvel em: \u00a0&lt;<a href=\"http:\/\/moda.terra.com.br\/\">http:\/\/moda.terra.com.br<\/a>&gt;. Acesso em: 12 abr. 2013.<\/p>\n<\/div>\n","protected":false},"excerpt":{"rendered":"<p>A 23\u00aa edi\u00e7\u00e3o do Fashion Rio come\u00e7a no dia 15 de abril, segunda-feira,\u00a0e at\u00e9 20 do mesmo m\u00eas\u00a0vai apresentar as cole\u00e7\u00f5es de Ver\u00e3o 2013\/2014, na Marina da Gl\u00f3ria, no bairro Flamengo, na capital fluminense. O site Terra\u00a0http:\/\/www.terra.com.br\u00a0\u00a0transmitir\u00e1\u00a0\u00a0todos os desfiles da cole\u00e7\u00e3o\u00a0Fashion Rio\u00a0ao vivo\u00a0na \u00edntegra com exclusividade para web. Veja a programa\u00e7\u00e3o completa do Fashion Rio\u00a0 &hellip; <a href=\"https:\/\/bibliobelas.eba.ufmg.br\/index.php\/2013\/04\/fashion-rio-sera-transmitido-ao-vivo-na-web\/\" class=\"more-link\">Continue lendo <span class=\"screen-reader-text\">Fashion Rio ser\u00e1 transmitido ao vivo na web<\/span> <span class=\"meta-nav\">&rarr;<\/span><\/a><\/p>\n","protected":false},"author":1,"featured_media":0,"comment_status":"open","ping_status":"open","sticky":false,"template":"","format":"standard","meta":{"footnotes":""},"categories":[2],"tags":[],"class_list":["post-2714","post","type-post","status-publish","format-standard","hentry","category-postagens"],"_links":{"self":[{"href":"https:\/\/bibliobelas.eba.ufmg.br\/index.php\/wp-json\/wp\/v2\/posts\/2714","targetHints":{"allow":["GET"]}}],"collection":[{"href":"https:\/\/bibliobelas.eba.ufmg.br\/index.php\/wp-json\/wp\/v2\/posts"}],"about":[{"href":"https:\/\/bibliobelas.eba.ufmg.br\/index.php\/wp-json\/wp\/v2\/types\/post"}],"author":[{"embeddable":true,"href":"https:\/\/bibliobelas.eba.ufmg.br\/index.php\/wp-json\/wp\/v2\/users\/1"}],"replies":[{"embeddable":true,"href":"https:\/\/bibliobelas.eba.ufmg.br\/index.php\/wp-json\/wp\/v2\/comments?post=2714"}],"version-history":[{"count":0,"href":"https:\/\/bibliobelas.eba.ufmg.br\/index.php\/wp-json\/wp\/v2\/posts\/2714\/revisions"}],"wp:attachment":[{"href":"https:\/\/bibliobelas.eba.ufmg.br\/index.php\/wp-json\/wp\/v2\/media?parent=2714"}],"wp:term":[{"taxonomy":"category","embeddable":true,"href":"https:\/\/bibliobelas.eba.ufmg.br\/index.php\/wp-json\/wp\/v2\/categories?post=2714"},{"taxonomy":"post_tag","embeddable":true,"href":"https:\/\/bibliobelas.eba.ufmg.br\/index.php\/wp-json\/wp\/v2\/tags?post=2714"}],"curies":[{"name":"wp","href":"https:\/\/api.w.org\/{rel}","templated":true}]}}