{"id":2851,"date":"2013-06-04T18:24:16","date_gmt":"2013-06-04T20:24:16","guid":{"rendered":"http:\/\/bibliobelas.wordpress.com\/?p=2851"},"modified":"2013-06-04T18:24:16","modified_gmt":"2013-06-04T20:24:16","slug":"feto-2013","status":"publish","type":"post","link":"https:\/\/bibliobelas.eba.ufmg.br\/index.php\/2013\/06\/feto-2013\/","title":{"rendered":"FETO 2013"},"content":{"rendered":"<div style=\"text-align:justify;\">O\u00a0<strong>FETO \u2013 Festival Estudantil de Teatro<\/strong>\u00a0chega \u00e0 sua 13\u00aa edi\u00e7\u00e3o, reafirmando seu\u00a0car\u00e1ter nacional e sendo um espa\u00e7o para di\u00e1logos, possibilidades e propostas da\u00a0produ\u00e7\u00e3o teatral estudantil feita hoje no pa\u00eds. Junto a espet\u00e1culos de diferentes\u00a0linguagens c\u00eanicas \u2013 seja com textos pr\u00f3prios ou de terceiros, in\u00e9ditos ou n\u00e3o \u2013 o\u00a0<strong>FETO 2013<\/strong>\u00a0reunir\u00e1 atividades formativas, interc\u00e2mbios culturais e encontros com\u00a0profissionais das artes c\u00eanicas.<\/div>\n<div style=\"text-align:justify;\"><\/div>\n<div style=\"text-align:justify;\">Neste ano, o festival pretende trabalhar como um de seus eixos conceituais a trajet\u00f3ria\u00a0do teatro estudantil no Brasil, passando pela pr\u00f3pria hist\u00f3ria do\u00a0<strong>FETO<\/strong>.\u00a0Neste\u00a0exerc\u00edcio\u00a0\u2013 nem um pouco saudosista \u2013 de olhar para o passado, busca-se suscitar discuss\u00f5es\u00a0sobre o presente e vislumbrar caminhos para o futuro.<\/div>\n<div style=\"text-align:justify;\"><\/div>\n<div><a href=\"https:\/\/bibliobelas.eba.ufmg.br\/wp-content\/uploads\/2013\/06\/feto-2013.jpg\"><img loading=\"lazy\" decoding=\"async\" class=\"aligncenter size-full wp-image-2852\" alt=\"feto 2013\" src=\"https:\/\/bibliobelas.eba.ufmg.br\/wp-content\/uploads\/2013\/06\/feto-2013.jpg\" width=\"500\" height=\"500\" srcset=\"https:\/\/bibliobelas.eba.ufmg.br\/wp-content\/uploads\/2013\/06\/feto-2013.jpg 960w, https:\/\/bibliobelas.eba.ufmg.br\/wp-content\/uploads\/2013\/06\/feto-2013-300x300.jpg 300w, https:\/\/bibliobelas.eba.ufmg.br\/wp-content\/uploads\/2013\/06\/feto-2013-150x150.jpg 150w, https:\/\/bibliobelas.eba.ufmg.br\/wp-content\/uploads\/2013\/06\/feto-2013-768x768.jpg 768w\" sizes=\"auto, (max-width: 500px) 100vw, 500px\" \/><\/a><\/div>\n","protected":false},"excerpt":{"rendered":"<p>O\u00a0FETO \u2013 Festival Estudantil de Teatro\u00a0chega \u00e0 sua 13\u00aa edi\u00e7\u00e3o, reafirmando seu\u00a0car\u00e1ter nacional e sendo um espa\u00e7o para di\u00e1logos, possibilidades e propostas da\u00a0produ\u00e7\u00e3o teatral estudantil feita hoje no pa\u00eds. Junto a espet\u00e1culos de diferentes\u00a0linguagens c\u00eanicas \u2013 seja com textos pr\u00f3prios ou de terceiros, in\u00e9ditos ou n\u00e3o \u2013 o\u00a0FETO 2013\u00a0reunir\u00e1 atividades formativas, interc\u00e2mbios culturais e encontros &hellip; <a href=\"https:\/\/bibliobelas.eba.ufmg.br\/index.php\/2013\/06\/feto-2013\/\" class=\"more-link\">Continue lendo <span class=\"screen-reader-text\">FETO 2013<\/span> <span class=\"meta-nav\">&rarr;<\/span><\/a><\/p>\n","protected":false},"author":1,"featured_media":0,"comment_status":"open","ping_status":"open","sticky":false,"template":"","format":"standard","meta":{"footnotes":""},"categories":[2],"tags":[],"class_list":["post-2851","post","type-post","status-publish","format-standard","hentry","category-postagens"],"_links":{"self":[{"href":"https:\/\/bibliobelas.eba.ufmg.br\/index.php\/wp-json\/wp\/v2\/posts\/2851","targetHints":{"allow":["GET"]}}],"collection":[{"href":"https:\/\/bibliobelas.eba.ufmg.br\/index.php\/wp-json\/wp\/v2\/posts"}],"about":[{"href":"https:\/\/bibliobelas.eba.ufmg.br\/index.php\/wp-json\/wp\/v2\/types\/post"}],"author":[{"embeddable":true,"href":"https:\/\/bibliobelas.eba.ufmg.br\/index.php\/wp-json\/wp\/v2\/users\/1"}],"replies":[{"embeddable":true,"href":"https:\/\/bibliobelas.eba.ufmg.br\/index.php\/wp-json\/wp\/v2\/comments?post=2851"}],"version-history":[{"count":0,"href":"https:\/\/bibliobelas.eba.ufmg.br\/index.php\/wp-json\/wp\/v2\/posts\/2851\/revisions"}],"wp:attachment":[{"href":"https:\/\/bibliobelas.eba.ufmg.br\/index.php\/wp-json\/wp\/v2\/media?parent=2851"}],"wp:term":[{"taxonomy":"category","embeddable":true,"href":"https:\/\/bibliobelas.eba.ufmg.br\/index.php\/wp-json\/wp\/v2\/categories?post=2851"},{"taxonomy":"post_tag","embeddable":true,"href":"https:\/\/bibliobelas.eba.ufmg.br\/index.php\/wp-json\/wp\/v2\/tags?post=2851"}],"curies":[{"name":"wp","href":"https:\/\/api.w.org\/{rel}","templated":true}]}}