{"id":2854,"date":"2013-07-24T16:57:42","date_gmt":"2013-07-24T18:57:42","guid":{"rendered":"http:\/\/bibliobelas.wordpress.com\/?p=2854"},"modified":"2013-07-24T16:57:42","modified_gmt":"2013-07-24T18:57:42","slug":"para-entender-a-moda-entrevista-com-tarcisio-dalmeida","status":"publish","type":"post","link":"https:\/\/bibliobelas.eba.ufmg.br\/index.php\/2013\/07\/para-entender-a-moda-entrevista-com-tarcisio-dalmeida\/","title":{"rendered":"Para entender a moda &#8211; Entrevista com Tarc\u00edsio D&#8217;Almeida"},"content":{"rendered":"<h5 style=\"text-align:right;\">Entrevista concedida ao jornal O Povo<\/h5>\n<p style=\"text-align:justify;\">&#8220;O grande erro epistemol\u00f3gico \u00e9 entender a moda s\u00f3 como consumo. A moda tanto transita entre um objeto que prop\u00f5e uma est\u00e9tica para a humanidade, como destina-se ao consumo&#8221;<\/p>\n<div style=\"display:inline !important;\">\n<div style=\"display:inline !important;\">\n<div id=\"foto\" style=\"display:inline !important;\">\n<div style=\"display:inline !important;\"><a href=\"http:\/\/imgs.opovo.com.br\/app\/noticia_132346504881\/2013\/04\/27\/3045272\/4.jpg\"><img loading=\"lazy\" decoding=\"async\" class=\"alignleft\" alt=\"\" src=\"http:\/\/imgs.opovo.com.br\/app\/noticia_132346504881\/2013\/04\/27\/3045272\/4.jpg\" width=\"288\" height=\"431\" \/><\/a><\/div>\n<\/div>\n<\/div>\n<\/div>\n<div id=\"corpo-noticia\" style=\"text-align:right;\">\n<div><a href=\"http:\/\/www.opovo.com.br\/app\/colunas\/closet\/2013\/04\/27\/noticiascloset,3045272\/para-entender-a-moda.shtml\">\u00a0<\/a><\/div>\n<div style=\"text-align:left;\">\n<p style=\"text-align:justify;\">O Closet conversou com o professor de moda da UFMG, Tarcisio D`Almeida, que esteve em Fortaleza falando sobre a intelectualiza\u00e7\u00e3o da moda. O jornalista veio lan\u00e7ar o livro Moda em Di\u00e1logos: entrevistas com pensadores. O livro abre o leque do pensamento da moda para al\u00e9m das passarelas e aponta como e onde o fen\u00f4meno influencia e contribui para a constru\u00e7\u00e3o de uma identidade ao longo dos s\u00e9culos.<\/p>\n<p><strong>O POVO\u00a0<\/strong>\u2013 Porque moda \u00e9 um tema ainda muito ligado a frivolidades?<\/p>\n<p style=\"text-align:justify;\"><strong>Tarc\u00edsio D`Almeida\u00a0<\/strong>&#8211; O grande erro epistemol\u00f3gico \u00e9 entender a moda s\u00f3 como consumo, mas a moda tanto transita entre um objeto que prop\u00f5e uma est\u00e9tica para a humanidade, durante as d\u00e9cadas e s\u00e9culos, como destina-se ao consumo. Mas a maioria interpreta s\u00f3 como consumo, ao inv\u00e9s de uma produ\u00e7\u00e3o est\u00e9tica para a humanidade. Esse \u00e9 o eixo central onde reside esse preconceito de ver a moda s\u00f3 como algo fr\u00edvolo, superficial e que n\u00e3o acrescenta nada \u00e0 sociedade, por exemplo.<\/p>\n<p style=\"text-align:justify;\"><strong>OP\u00a0<\/strong>\u2013 No livro Moda em Di\u00e1logos\u2026 voc\u00ea re\u00fane entrevistas com sete pensadores, como foi esse processo?<\/p>\n<p><strong>Tarc\u00edsio<\/strong>\u00a0\u2013 Esse \u00e9 um projeto que venho desenvolvendo desde a d\u00e9cada de 1990, j\u00e1 tem um certo tempo (risos). Sempre tive uma inquieta\u00e7\u00e3o e sempre quis refletir sobre a moda. Tive a oportunidade de entrevistar pensadores na \u00e1rea de filosofia, sociologia, antropologia, economia. S\u00e3o sete pensadores internacionais para quem eu expus minhas inquieta\u00e7\u00f5es. Desde os anos 1990 estabeleci uma maneira de pensar moda e dialogar com esses autores. Ent\u00e3o eu trouxe para a humanidade um campo que \u00e9 pouco pensado, pouco refletido, que \u00e9 a moda.<\/p>\n<p><strong>OP\u00a0<\/strong>\u2013 Na entrevista que abre o livro, com Gilles Lipovetsky, ele reclama de que h\u00e1 pouca interroga\u00e7\u00e3o te\u00f3rica sobre o fen\u00f4meno da moda. Qual voc\u00ea diria ent\u00e3o que s\u00e3o as mais relevantes quest\u00f5es sobre a moda hoje em dia?<\/p>\n<p style=\"text-align:justify;\"><strong>Tarcisio\u00a0<\/strong>&#8211; Essa posi\u00e7\u00e3o do Lipovetski \u00e9 perfeita, porque explicita todo o problema que reside na moda no campo do pensar. Voc\u00ea pode pensar e refletir teoricamente a moda pra trazer pro seu processo criativo. Quando Lipovetski fala isso, \u00e9 verdade. Por a moda ser um fen\u00f4meno da modernidade, do s\u00e9culo XX pra c\u00e1, \u00e9 quando come\u00e7a a ter leitura. Existem tr\u00eas grande obras sobre o tema: Filosofia da Moda, do soci\u00f3logo alem\u00e3o Georg Simmel, Sistema da Moda, do semi\u00f3logo franc\u00eas Roland Barthes e mais da nossa \u00e9poca, dos anos 1980 pra c\u00e1, O Imp\u00e9rio do Ef\u00eamero, de Gilles Lipovetski.<\/p>\n<p style=\"text-align:justify;\"><strong>OP\u00a0<\/strong>\u2013 E quem seria uma autora para quem quer come\u00e7ar a entender moda pelo vi\u00e9s do pensamento social?<\/p>\n<p style=\"text-align:justify;\"><strong>Tarcisio<\/strong>\u00a0\u2013 Tem uma autora que atua diretamente com a moda, chama Sue J. Jones, ela publicou Fashion Design: manual do estilista, \u00e9 um livro muito did\u00e1tico, bem ilustrado, pra quem estuda e se interessa por moda \u00e9 uma dica muito boa. E Moda do S\u00e9culo, de Francois Baudot que tamb\u00e9m explica o percurso da moda no s\u00e9culo XX, e aborda o tema de maneira bem clara, bem did\u00e1tica.<\/p>\n<p style=\"text-align:justify;\"><strong>OP\u00a0<\/strong>\u2013 Uma das teorias muito question\u00e1veis pelos autores \u00e9 a de que a moda se caracteriza pela competi\u00e7\u00e3o de classes. Qual a principal brecha dessa teoria?<\/p>\n<p><strong>Tarcisio\u00a0<\/strong>&#8211; Se voc\u00ea fizer um mergulho hist\u00f3rico vai perceber que essa teoria de pensar a moda como diferencia\u00e7\u00e3o de classe existia de fato. Em momentos passados, na primeira metade do s\u00e9culo XX a gente conseguia perceber e a aplicar essa teoria. Mas na segunda metade do s\u00e9culo XX pra c\u00e1, sobretudo no final s\u00e9culo XX, come\u00e7amos a ter uma contamina\u00e7\u00e3o, e essa ideia de c\u00f3pia das classes privilegiadas elite come\u00e7a a se esvaziar. A moda hoje \u00e9 muito mais comportamental do que fenomeno da rua, tribos urbanas que come\u00e7am at\u00e9 a influenciar a alta-costura. Ent\u00e3o, voc\u00ea perde um pouco essa forma de pensar, ainda tem um pouco, mas n\u00e3o \u00e9 a base da moda contempor\u00e2nea a repeti\u00e7\u00e3o da classe privilegiada.<\/p>\n<p><strong>OP\u00a0<\/strong>\u2013 O que \u00e9 o grande aspiracional dos dias de hoje?<\/p>\n<p style=\"text-align:justify;\"><strong>Tarcisio\u00a0<\/strong>&#8211; Na nossa realidade, na cultura brasileira, entendo que esse aspiracional de desejo de consumo \u00e9 a busca pela identidade, que n\u00f3s somos muito perdidos ainda. Est\u00e1 mais ligada a fetichiza\u00e7\u00e3o e a cultura popular. Maior exemplo emblem\u00e1tico \u00e9 a telenovela, querendo ou n\u00e3o tem um \u00edndice muito alto que influencia diretamente a moda, tem leve vi\u00e9s est\u00e9tico, a telenovela tem essa for\u00e7a.<strong>\u00a0<\/strong><\/p>\n<p style=\"text-align:left;\"><strong>Estante<\/strong><\/p>\n<p><strong><a href=\"https:\/\/bibliobelas.eba.ufmg.br\/wp-content\/uploads\/2012\/10\/moda-em-dic3a1logo.jpg\"><img loading=\"lazy\" decoding=\"async\" class=\" wp-image-2403 alignleft\" alt=\"moda em di\u00e1logo\" src=\"https:\/\/bibliobelas.eba.ufmg.br\/wp-content\/uploads\/2012\/10\/moda-em-dic3a1logo.jpg\" width=\"117\" height=\"161\" srcset=\"https:\/\/bibliobelas.eba.ufmg.br\/wp-content\/uploads\/2012\/10\/moda-em-dic3a1logo.jpg 326w, https:\/\/bibliobelas.eba.ufmg.br\/wp-content\/uploads\/2012\/10\/moda-em-dic3a1logo-217x300.jpg 217w\" sizes=\"auto, (max-width: 117px) 100vw, 117px\" \/><\/a><\/strong><strong>Moda em Di\u00e1logos<\/strong><\/p>\n<\/div>\n<div style=\"text-align:left;\">Autor: Tarcisio d`Almeida<\/div>\n<div style=\"text-align:left;\">Editora: Mem\u00f3ria Visual<\/div>\n<div><\/div>\n<p><strong><strong><a href=\"https:\/\/bibliobelas.eba.ufmg.br\/wp-content\/uploads\/2013\/06\/fashion-design.jpg\"><img loading=\"lazy\" decoding=\"async\" class=\"alignright  wp-image-2855\" alt=\"fashion-design\" src=\"https:\/\/bibliobelas.eba.ufmg.br\/wp-content\/uploads\/2013\/06\/fashion-design.jpg\" width=\"146\" height=\"174\" \/><\/a><\/strong><\/strong><\/p>\n<div><strong>Fashion Design : <\/strong>manual do estilista<\/div>\n<div>Autor: Sue J. Jones<\/div>\n<div>Editora: Cosac &amp; Naify<\/div>\n<\/div>\n<div><\/div>\n<div><\/div>\n<div><\/div>\n<div><\/div>\n<div><strong style=\"font-size:13px;line-height:1.7;\"><a href=\"https:\/\/bibliobelas.eba.ufmg.br\/wp-content\/uploads\/2013\/06\/21496361_4.jpg\"><img loading=\"lazy\" decoding=\"async\" class=\" wp-image-2856 alignleft\" alt=\"21496361_4\" src=\"https:\/\/bibliobelas.eba.ufmg.br\/wp-content\/uploads\/2013\/06\/21496361_4.jpg?w=213\" width=\"119\" height=\"168\" srcset=\"https:\/\/bibliobelas.eba.ufmg.br\/wp-content\/uploads\/2013\/06\/21496361_4.jpg 355w, https:\/\/bibliobelas.eba.ufmg.br\/wp-content\/uploads\/2013\/06\/21496361_4-213x300.jpg 213w\" sizes=\"auto, (max-width: 119px) 100vw, 119px\" \/><\/a>Moda do S\u00e9culo<\/strong><\/div>\n<div>Autor:Fran\u00e7ois Baudot<\/div>\n<div>Editora: Cosac &amp; Naify\u00a0<strong style=\"font-size:13px;line-height:1.7;\"><\/strong><\/div>\n<div><\/div>\n<div><\/div>\n<div><\/div>\n<div style=\"text-align:right;\"><strong style=\"font-size:13px;line-height:1.7;\">Filosofia da Moda<a href=\"https:\/\/bibliobelas.eba.ufmg.br\/wp-content\/uploads\/2013\/06\/filosofia-da-moda.jpg\"><img loading=\"lazy\" decoding=\"async\" class=\"alignright  wp-image-2857\" alt=\"Filosofia da Moda\" src=\"https:\/\/bibliobelas.eba.ufmg.br\/wp-content\/uploads\/2013\/06\/filosofia-da-moda.jpg\" width=\"118\" height=\"179\" \/><\/a><\/strong><\/div>\n<div style=\"text-align:right;\"><strong><\/strong>Autor: Georg Simmel<br \/>\nEditora: Texto &amp; Grafia<br \/>\n<strong><\/strong><\/div>\n<div><\/div>\n<div><\/div>\n<div><\/div>\n<div><\/div>\n<div><strong><a href=\"https:\/\/bibliobelas.eba.ufmg.br\/wp-content\/uploads\/2013\/06\/sistema-da-moda.jpg\"><img loading=\"lazy\" decoding=\"async\" class=\"alignleft  wp-image-2858\" alt=\"Sistema da Moda\" src=\"https:\/\/bibliobelas.eba.ufmg.br\/wp-content\/uploads\/2013\/06\/sistema-da-moda.jpg\" width=\"113\" height=\"180\" \/><\/a>Sistema da Moda<\/strong><\/div>\n<div><strong><\/strong>Autor: Roland Barthes<\/div>\n<div>Editora: Martins Fontes<\/div>\n","protected":false},"excerpt":{"rendered":"<p>Entrevista concedida ao jornal O Povo &#8220;O grande erro epistemol\u00f3gico \u00e9 entender a moda s\u00f3 como consumo. A moda tanto transita entre um objeto que prop\u00f5e uma est\u00e9tica para a humanidade, como destina-se ao consumo&#8221; \u00a0 O Closet conversou com o professor de moda da UFMG, Tarcisio D`Almeida, que esteve em Fortaleza falando sobre a &hellip; <a href=\"https:\/\/bibliobelas.eba.ufmg.br\/index.php\/2013\/07\/para-entender-a-moda-entrevista-com-tarcisio-dalmeida\/\" class=\"more-link\">Continue lendo <span class=\"screen-reader-text\">Para entender a moda &#8211; Entrevista com Tarc\u00edsio D&#8217;Almeida<\/span> <span class=\"meta-nav\">&rarr;<\/span><\/a><\/p>\n","protected":false},"author":1,"featured_media":0,"comment_status":"open","ping_status":"open","sticky":false,"template":"","format":"standard","meta":{"footnotes":""},"categories":[2],"tags":[],"class_list":["post-2854","post","type-post","status-publish","format-standard","hentry","category-postagens"],"_links":{"self":[{"href":"https:\/\/bibliobelas.eba.ufmg.br\/index.php\/wp-json\/wp\/v2\/posts\/2854","targetHints":{"allow":["GET"]}}],"collection":[{"href":"https:\/\/bibliobelas.eba.ufmg.br\/index.php\/wp-json\/wp\/v2\/posts"}],"about":[{"href":"https:\/\/bibliobelas.eba.ufmg.br\/index.php\/wp-json\/wp\/v2\/types\/post"}],"author":[{"embeddable":true,"href":"https:\/\/bibliobelas.eba.ufmg.br\/index.php\/wp-json\/wp\/v2\/users\/1"}],"replies":[{"embeddable":true,"href":"https:\/\/bibliobelas.eba.ufmg.br\/index.php\/wp-json\/wp\/v2\/comments?post=2854"}],"version-history":[{"count":0,"href":"https:\/\/bibliobelas.eba.ufmg.br\/index.php\/wp-json\/wp\/v2\/posts\/2854\/revisions"}],"wp:attachment":[{"href":"https:\/\/bibliobelas.eba.ufmg.br\/index.php\/wp-json\/wp\/v2\/media?parent=2854"}],"wp:term":[{"taxonomy":"category","embeddable":true,"href":"https:\/\/bibliobelas.eba.ufmg.br\/index.php\/wp-json\/wp\/v2\/categories?post=2854"},{"taxonomy":"post_tag","embeddable":true,"href":"https:\/\/bibliobelas.eba.ufmg.br\/index.php\/wp-json\/wp\/v2\/tags?post=2854"}],"curies":[{"name":"wp","href":"https:\/\/api.w.org\/{rel}","templated":true}]}}