{"id":2926,"date":"2013-07-03T14:16:16","date_gmt":"2013-07-03T16:16:16","guid":{"rendered":"http:\/\/bibliobelas.wordpress.com\/?p=2926"},"modified":"2013-07-03T14:16:16","modified_gmt":"2013-07-03T16:16:16","slug":"descobertas-as-verdadeiras-cores-de-van-gogh","status":"publish","type":"post","link":"https:\/\/bibliobelas.eba.ufmg.br\/index.php\/2013\/07\/descobertas-as-verdadeiras-cores-de-van-gogh\/","title":{"rendered":"Descobertas as verdadeiras cores de Van Gogh"},"content":{"rendered":"<blockquote><p><strong>Novas pesquisas do Museu Van Gogh apontam que despigmenta\u00e7\u00e3o pode ter alterado cores de alguns dos quadros mais famosos do pintor.<\/strong><\/p><\/blockquote>\n<div><\/div>\n<p style=\"text-align:center;\"><img loading=\"lazy\" decoding=\"async\" class=\"aligncenter\" alt=\" Descoberta: quais as verdadeiras cores de Van Gogh?\" src=\"http:\/\/falacultura.com\/wp-content\/uploads\/2013\/07\/vangogh1.jpeg\" width=\"480\" height=\"378\" \/><\/p>\n<p style=\"text-align:justify;\">A imagem do quadro\u00a0<em>O Quarto<\/em>, de Vincent Van Gogh, \u00e9 uma que os apaixonados por arte sabem de cor: a cama amarelada contrastando com as paredes azuis e tristes.<\/p>\n<p style=\"text-align:justify;\">Aparentemente, por\u00e9m, essa n\u00e3o era a apar\u00eancia original da obra, nem a forma como Van Gogh a concebeu. Um estudo de oito anos sendo conduzido pelo Museu Van Gogh, em parceria com a Ag\u00eancia Holandesa de Patrim\u00f4nio Cultural e a Shell (sim, do petr\u00f3leo) est\u00e1 provando que nem todos os mitos sobre o pintor s\u00e3o reais.<\/p>\n<p style=\"text-align:center;\"><img loading=\"lazy\" decoding=\"async\" class=\"aligncenter\" alt=\" Descoberta: quais as verdadeiras cores de Van Gogh?\" src=\"http:\/\/falacultura.com\/wp-content\/uploads\/2013\/07\/vangogh.jpeg\" width=\"285\" height=\"336\" \/><\/p>\n<p style=\"text-align:justify;\">Assim como quando o\u00a0suic\u00eddio de Van Gogh foi questionado, fica enfraquecida a imagem de pintor desequilibrado, impulsivo, que simplesmente jogava tinta \u00e0s pressas na tela para criar suas poderosas imagens.<\/p>\n<p style=\"text-align:justify;\">Utilizando um raio-X fluorescente e um microsc\u00f3pio de el\u00e9trons, os pesquisadores conseguiram ver as linhas-guias e esbo\u00e7os que o artista tra\u00e7ava antes de come\u00e7ar a pintar. Ficou claro que ele fazia um uso minucioso de t\u00e9cnicas de perspectiva e profundidade, e tinha grande preocupa\u00e7\u00e3o com as propor\u00e7\u00f5es dos objetos.<\/p>\n<p style=\"text-align:justify;\">Em outras palavras, Van Gogh era um artista muito mais met\u00f3dico do que a imagem popular faz acreditar, e ele compunha seus quadros com cuidado e de forma bastante consciente.<\/p>\n<p style=\"text-align:justify;\">O que mais muda, por\u00e9m, \u00e9 o\u00a0<strong>uso de cores\u00a0<\/strong>nos quadros de Van Gogh.<\/p>\n<h4><strong>O vermelho sumiu<\/strong><\/h4>\n<p style=\"text-align:justify;\">Uma descoberta surpreendente do estudo diz respeito \u00e0s mudan\u00e7as nas cores dos quadros, que podem ter sofrido com a degrada\u00e7\u00e3o de alguns pigmentos.<\/p>\n<p style=\"text-align:justify;\">Na virada do s\u00e9culo XX, \u00e9poca de Van Gogh, estava apenas come\u00e7ando a venda de pigmentos prontos (at\u00e9 ent\u00e3o, os artistas misturavam seus materiais todos no est\u00fadio). O problema \u00e9 que a ind\u00fastria incipiente ainda n\u00e3o sabia como esses pigmentos se comportariam com o passar dos meses e dos anos.<\/p>\n<p style=\"text-align:justify;\">Resultado: alguns tons \u2013 no caso de Van Gogh, notadamente os tons de\u00a0<strong>vermelho\u00a0<\/strong>&#8211; foram sumindo.<\/p>\n<p style=\"text-align:justify;\">Assim, no caso do famoso quadro\u00a0<em>O quarto<\/em><em>,\u00a0<\/em>o artista teria originalmente pintado as paredes de um tom violeta. Conforme o pigmento vermelho foi sumindo, sobrou apenas o azul que foi misturado para originar o tom.<\/p>\n<p style=\"text-align:center;\"><img loading=\"lazy\" decoding=\"async\" class=\"aligncenter\" alt=\"van gogh mudanca02 Descoberta: quais as verdadeiras cores de Van Gogh?\" src=\"http:\/\/falacultura.com\/wp-content\/uploads\/2013\/07\/van_gogh_mudanca02.png\" width=\"480\" height=\"225\" \/><\/p>\n<p style=\"text-align:justify;\">O mais interessante \u00e9 que a\u00a0<strong>mudan\u00e7a de cor alterou totalmente a atmosfera da obra.\u00a0<\/strong>A combina\u00e7\u00e3o de amarelo com lil\u00e1s \u00e9 mais suave, dando uma sensa\u00e7\u00e3o mais acolhedora ao ambiente.<\/p>\n<p style=\"text-align:justify;\">\u201c[A combina\u00e7\u00e3o de cores original] n\u00e3o \u00e9 t\u00e3o contrastante quanto a que conhecemos\u201d, explica Marije Vallekoop, chefe de pesquisa e apresenta\u00e7\u00e3o do Museu Van Gogh. \u201cEra algo que ele queria expressar na pintura \u2013 tranquilidade e relaxamento\u201d.<\/p>\n<p style=\"text-align:justify;\">Outras obras tamb\u00e9m tiveram mudan\u00e7as curiosas. Algumas pinturas de flores, frutos e \u00e1rvores, por exemplo, mudaram totalmente: bot\u00f5es de flor que eram cor de rosa viraram brancos, levando pesquisadores a acreditarem que eram outras esp\u00e9cies de plantas.<\/p>\n<p style=\"text-align:left;\">FalaCultura. c2013. \u00a0 \u00a0 \u00a0 \u00a0 \u00a0 \u00a0 \u00a0 \u00a0 \u00a0 \u00a0 \u00a0 \u00a0 \u00a0 \u00a0 \u00a0 \u00a0 \u00a0 \u00a0 \u00a0 \u00a0 \u00a0 \u00a0 \u00a0 \u00a0 \u00a0 \u00a0 \u00a0 \u00a0 \u00a0 \u00a0 \u00a0 \u00a0 \u00a0 \u00a0 \u00a0 \u00a0 \u00a0 \u00a0 \u00a0 \u00a0 \u00a0 \u00a0 \u00a0 \u00a0 \u00a0 \u00a0 \u00a0 Dispon\u00edvel em:<span style=\"color:#444444;line-height:1.7;\">\u00a0&lt;<\/span><a style=\"line-height:1.7;\" href=\"http:\/\/falacultura.com\/2013\/07\/01\/cores-van-gogh\/\">http:\/\/falacultura.com\/2013\/07\/01\/cores-van-gogh\/<\/a>&gt;. Acesso em: 2 jul. 2013.<\/p>\n<p style=\"text-align:justify;\">\n","protected":false},"excerpt":{"rendered":"<p>Novas pesquisas do Museu Van Gogh apontam que despigmenta\u00e7\u00e3o pode ter alterado cores de alguns dos quadros mais famosos do pintor. A imagem do quadro\u00a0O Quarto, de Vincent Van Gogh, \u00e9 uma que os apaixonados por arte sabem de cor: a cama amarelada contrastando com as paredes azuis e tristes. Aparentemente, por\u00e9m, essa n\u00e3o era &hellip; <a href=\"https:\/\/bibliobelas.eba.ufmg.br\/index.php\/2013\/07\/descobertas-as-verdadeiras-cores-de-van-gogh\/\" class=\"more-link\">Continue lendo <span class=\"screen-reader-text\">Descobertas as verdadeiras cores de Van Gogh<\/span> <span class=\"meta-nav\">&rarr;<\/span><\/a><\/p>\n","protected":false},"author":1,"featured_media":0,"comment_status":"open","ping_status":"open","sticky":false,"template":"","format":"standard","meta":{"footnotes":""},"categories":[2],"tags":[48,117,136,137],"class_list":["post-2926","post","type-post","status-publish","format-standard","hentry","category-postagens","tag-conservacao-e-restauracao","tag-pintura","tag-van-gogh","tag-vincent-van-gogh"],"_links":{"self":[{"href":"https:\/\/bibliobelas.eba.ufmg.br\/index.php\/wp-json\/wp\/v2\/posts\/2926","targetHints":{"allow":["GET"]}}],"collection":[{"href":"https:\/\/bibliobelas.eba.ufmg.br\/index.php\/wp-json\/wp\/v2\/posts"}],"about":[{"href":"https:\/\/bibliobelas.eba.ufmg.br\/index.php\/wp-json\/wp\/v2\/types\/post"}],"author":[{"embeddable":true,"href":"https:\/\/bibliobelas.eba.ufmg.br\/index.php\/wp-json\/wp\/v2\/users\/1"}],"replies":[{"embeddable":true,"href":"https:\/\/bibliobelas.eba.ufmg.br\/index.php\/wp-json\/wp\/v2\/comments?post=2926"}],"version-history":[{"count":0,"href":"https:\/\/bibliobelas.eba.ufmg.br\/index.php\/wp-json\/wp\/v2\/posts\/2926\/revisions"}],"wp:attachment":[{"href":"https:\/\/bibliobelas.eba.ufmg.br\/index.php\/wp-json\/wp\/v2\/media?parent=2926"}],"wp:term":[{"taxonomy":"category","embeddable":true,"href":"https:\/\/bibliobelas.eba.ufmg.br\/index.php\/wp-json\/wp\/v2\/categories?post=2926"},{"taxonomy":"post_tag","embeddable":true,"href":"https:\/\/bibliobelas.eba.ufmg.br\/index.php\/wp-json\/wp\/v2\/tags?post=2926"}],"curies":[{"name":"wp","href":"https:\/\/api.w.org\/{rel}","templated":true}]}}