{"id":3951,"date":"2015-02-26T10:22:57","date_gmt":"2015-02-26T12:22:57","guid":{"rendered":"https:\/\/bibliobelas.wordpress.com\/?p=3951"},"modified":"2015-02-26T10:22:57","modified_gmt":"2015-02-26T12:22:57","slug":"lensculture-retrato-awards","status":"publish","type":"post","link":"https:\/\/bibliobelas.eba.ufmg.br\/index.php\/2015\/02\/lensculture-retrato-awards\/","title":{"rendered":"LensCulture Retrato Awards"},"content":{"rendered":"<p><a href=\"https:\/\/bibliobelas.eba.ufmg.br\/wp-content\/uploads\/2015\/02\/pa15-header.jpg\"><img loading=\"lazy\" decoding=\"async\" class=\"aligncenter size-full wp-image-3952\" src=\"https:\/\/bibliobelas.eba.ufmg.br\/wp-content\/uploads\/2015\/02\/pa15-header.jpg\" alt=\"PA15-header\" width=\"500\" height=\"234\" srcset=\"https:\/\/bibliobelas.eba.ufmg.br\/wp-content\/uploads\/2015\/02\/pa15-header.jpg 1001w, https:\/\/bibliobelas.eba.ufmg.br\/wp-content\/uploads\/2015\/02\/pa15-header-300x141.jpg 300w, https:\/\/bibliobelas.eba.ufmg.br\/wp-content\/uploads\/2015\/02\/pa15-header-768x360.jpg 768w\" sizes=\"auto, (max-width: 500px) 100vw, 500px\" \/><\/a><\/p>\n<p>&nbsp;<\/p>\n<div class=\"row\">\n<p class=\"col-sm-12 col-md-12 competition-description top-description\">Os LensCulture Retrato Awards \u00e9 a segunda competi\u00e7\u00e3o anual internacional de retratos fotogr\u00e1ficos. A import\u00e2ncia do retrato \u00e9 evidente em todas as culturas do mundo, e reflete o poder e a for\u00e7a da conex\u00e3o humana. Com mais de 145 pa\u00edses representados no LensCulture, em mais de 15 idiomas, estamos buscando novas perspectivas globais do retrato contempor\u00e2neo. <strong>Retratos de todas as partes do mundo podem ser inscritos. 6 vencedores e 25 finalistas ser\u00e3o selecionados.<\/strong><\/p>\n<\/div>\n<h3 class=\"text-center competition-landing-blue condensed\">Prazo Final: Segunda, 2 de Mar\u00e7o, 2015<\/h3>\n<p>&nbsp;<\/p>\n<p>Inscri\u00e7\u00f5es no link :<\/p>\n<p>https:\/\/www.lensculture.com\/portrait-awards-2015<\/p>\n","protected":false},"excerpt":{"rendered":"<p>&nbsp; Os LensCulture Retrato Awards \u00e9 a segunda competi\u00e7\u00e3o anual internacional de retratos fotogr\u00e1ficos. A import\u00e2ncia do retrato \u00e9 evidente em todas as culturas do mundo, e reflete o poder e a for\u00e7a da conex\u00e3o humana. Com mais de 145 pa\u00edses representados no LensCulture, em mais de 15 idiomas, estamos buscando novas perspectivas globais do &hellip; <a href=\"https:\/\/bibliobelas.eba.ufmg.br\/index.php\/2015\/02\/lensculture-retrato-awards\/\" class=\"more-link\">Continue lendo <span class=\"screen-reader-text\">LensCulture Retrato Awards<\/span> <span class=\"meta-nav\">&rarr;<\/span><\/a><\/p>\n","protected":false},"author":1,"featured_media":0,"comment_status":"open","ping_status":"open","sticky":false,"template":"","format":"standard","meta":{"footnotes":""},"categories":[2],"tags":[70,71,73],"class_list":["post-3951","post","type-post","status-publish","format-standard","hentry","category-postagens","tag-fotografia","tag-fotografia-concursos","tag-fotografia-exposicoes"],"_links":{"self":[{"href":"https:\/\/bibliobelas.eba.ufmg.br\/index.php\/wp-json\/wp\/v2\/posts\/3951","targetHints":{"allow":["GET"]}}],"collection":[{"href":"https:\/\/bibliobelas.eba.ufmg.br\/index.php\/wp-json\/wp\/v2\/posts"}],"about":[{"href":"https:\/\/bibliobelas.eba.ufmg.br\/index.php\/wp-json\/wp\/v2\/types\/post"}],"author":[{"embeddable":true,"href":"https:\/\/bibliobelas.eba.ufmg.br\/index.php\/wp-json\/wp\/v2\/users\/1"}],"replies":[{"embeddable":true,"href":"https:\/\/bibliobelas.eba.ufmg.br\/index.php\/wp-json\/wp\/v2\/comments?post=3951"}],"version-history":[{"count":0,"href":"https:\/\/bibliobelas.eba.ufmg.br\/index.php\/wp-json\/wp\/v2\/posts\/3951\/revisions"}],"wp:attachment":[{"href":"https:\/\/bibliobelas.eba.ufmg.br\/index.php\/wp-json\/wp\/v2\/media?parent=3951"}],"wp:term":[{"taxonomy":"category","embeddable":true,"href":"https:\/\/bibliobelas.eba.ufmg.br\/index.php\/wp-json\/wp\/v2\/categories?post=3951"},{"taxonomy":"post_tag","embeddable":true,"href":"https:\/\/bibliobelas.eba.ufmg.br\/index.php\/wp-json\/wp\/v2\/tags?post=3951"}],"curies":[{"name":"wp","href":"https:\/\/api.w.org\/{rel}","templated":true}]}}