{"id":4124,"date":"2015-05-18T16:05:59","date_gmt":"2015-05-18T18:05:59","guid":{"rendered":"https:\/\/bibliobelas.wordpress.com\/?p=4124"},"modified":"2015-05-18T16:05:59","modified_gmt":"2015-05-18T18:05:59","slug":"fif-festival-internacional-de-fotografia-de-belo-horizonte","status":"publish","type":"post","link":"https:\/\/bibliobelas.eba.ufmg.br\/index.php\/2015\/05\/fif-festival-internacional-de-fotografia-de-belo-horizonte\/","title":{"rendered":"FIF &#8211; Festival Internacional de Fotografia de Belo Horizonte"},"content":{"rendered":"<div id='gallery-1' class='gallery galleryid-4124 gallery-columns-3 gallery-size-thumbnail'><figure class='gallery-item'>\n\t\t\t<div class='gallery-icon landscape'>\n\t\t\t\t<img loading=\"lazy\" decoding=\"async\" width=\"150\" height=\"150\" src=\"https:\/\/bibliobelas.eba.ufmg.br\/wp-content\/uploads\/2015\/05\/moving-images-4-150x150.jpg\" class=\"attachment-thumbnail size-thumbnail\" alt=\"\" \/>\n\t\t\t<\/div><\/figure><figure class='gallery-item'>\n\t\t\t<div class='gallery-icon landscape'>\n\t\t\t\t<img loading=\"lazy\" decoding=\"async\" width=\"150\" height=\"150\" src=\"https:\/\/bibliobelas.eba.ufmg.br\/wp-content\/uploads\/2015\/05\/moving-images-1-150x150.jpg\" class=\"attachment-thumbnail size-thumbnail\" alt=\"\" \/>\n\t\t\t<\/div><\/figure><figure class='gallery-item'>\n\t\t\t<div class='gallery-icon landscape'>\n\t\t\t\t<img loading=\"lazy\" decoding=\"async\" width=\"150\" height=\"150\" src=\"https:\/\/bibliobelas.eba.ufmg.br\/wp-content\/uploads\/2015\/05\/moving-images-2-150x150.jpg\" class=\"attachment-thumbnail size-thumbnail\" alt=\"\" \/>\n\t\t\t<\/div><\/figure><figure class='gallery-item'>\n\t\t\t<div class='gallery-icon landscape'>\n\t\t\t\t<img loading=\"lazy\" decoding=\"async\" width=\"150\" height=\"150\" src=\"https:\/\/bibliobelas.eba.ufmg.br\/wp-content\/uploads\/2015\/05\/moving-images-3-150x150.jpg\" class=\"attachment-thumbnail size-thumbnail\" alt=\"\" \/>\n\t\t\t<\/div><\/figure>\n\t\t<\/div>\n\n<p style=\"text-align:justify;\"><span style=\"font-family:Verdana;font-size:medium;\"><b><br \/>\nArtistas e pesquisadores do Brasil e do mundo t\u00eam at\u00e9 o dia 3 de julho para enviar trabalhos para a nova edi\u00e7\u00e3o do FIF BH &#8211; Festival Internacional de Fotografia de Belo Horizonte.<\/b><\/span><\/p>\n<p style=\"text-align:justify;\">Est\u00e3o abertas as convocat\u00f3rias que selecionar\u00e3o trabalhos de artistas e pesquisadores do Brasil e do mundo para a 2\u00aa edi\u00e7\u00e3o do FIF &#8211; Festival Internacional de Fotografia de Belo Horizonte. Ser\u00e3o aceitas propostas de trabalhos que explorem interse\u00e7\u00f5es e rela\u00e7\u00f5es da fotografia com o universo das artes visuais. Os interessados podem se inscrever para tr\u00eas a\u00e7\u00f5es do festival: Exposi\u00e7\u00e3o Internacional, Moving Images e FIF Universidade. As inscri\u00e7\u00f5es s\u00e3o gratuitas e podem ser feitas at\u00e9 o dia 3 de julho por meio do site <a href=\"http:\/\/www.fif.art.br\/\" target=\"_blank\" rel=\"nofollow noopener\"><span style=\"color:#0082bf;font-family:Verdana;font-size:medium;\"><span style=\"text-decoration:underline;\">www.fif.art.br<\/span><\/span><\/a><span style=\"font-family:Verdana;font-size:medium;\">. O FIF BH 2015 ser\u00e1 realizado entre os dias 10 e 20 de setembro e incluir\u00e1 ainda palestras, oficinas e maratona fotogr\u00e1fica.<br \/>\n<b><br \/>\nEXPOSI\u00c7\u00c3O INTERNACIONAL<\/b><\/span><\/p>\n<p style=\"text-align:justify;\">Para se inscrever na convocat\u00f3ria da exposi\u00e7\u00e3o internacional, os artistas dever\u00e3o apresentar uma s\u00e9rie de oito imagens, ficha t\u00e9cnica e um breve texto com descri\u00e7\u00e3o do trabalho proposto, al\u00e9m de curr\u00edculo e portf\u00f3lio, sendo que todos os arquivos solicitados n\u00e3o dever\u00e3o ultrapassar 15 MB. Os termos da convocat\u00f3ria podem ser consultados no site do festival e o resultado ser\u00e1 divulgado at\u00e9 o dia 20 de julho.<br \/>\n<b><br \/>\nIMAGENS EM MOVIMENTO \/\/ MOVING IMAGES<\/b><\/p>\n<p style=\"text-align:justify;\">Visando ampliar o entendimento sobre as possibilidades da produ\u00e7\u00e3o criativa ligada ao universo da imagem fotogr\u00e1fica, a convocat\u00f3ria Moving Images busca trabalhos que privilegiam a fotografia em movimento. Ser\u00e3o selecionadas obras que atuam no campo de aproxima\u00e7\u00e3o entre fotografia, v\u00eddeo, anima\u00e7\u00e3o, GIF animado, cinema e novas tecnologias. Esses trabalhos ser\u00e3o exibidos em sess\u00f5es de proje\u00e7\u00e3o durante o FIF BH 2015. Para participar da convocat\u00f3ria, os artistas devem inscrever-se no site enviando um link com apresenta\u00e7\u00e3o e descri\u00e7\u00e3o do trabalho que desejam incluir na programa\u00e7\u00e3o do Festival.<br \/>\n<b><br \/>\nFIF UNIVERSIDADE<\/b><\/p>\n<p style=\"text-align:justify;\">Durante os onze dias de programa\u00e7\u00e3o mais intensa do Festival, no m\u00eas de setembro, ser\u00e3o realizados cinco pain\u00e9is de debate abertos a pesquisadores do Brasil e do mundo. A a\u00e7\u00e3o busca gerar reflex\u00e3o sobre a produ\u00e7\u00e3o imag\u00e9tica, suas influ\u00eancias no mundo e a forma como impactam as rela\u00e7\u00f5es humanas. Ser\u00e3o selecionados 20 artigos para compor os cinco paineis e tamb\u00e9m integrar\u00e3o uma publica\u00e7\u00e3o digital de car\u00e1ter cultural com ISBN. Para se inscrever o pesquisador dever\u00e1 enviar seu um resumo do artigo por meio do site do Festival.<\/p>\n<p style=\"text-align:justify;\">Idealizado pelos artistas visuais Bruno Vilela e Guilherme Cunha, o FIF chega \u00e0 sua segunda edi\u00e7\u00e3o com a proposta de refletir sobre as rela\u00e7\u00f5es Mundo, Imagem, Mundo. \u201cO ser humano cria imagens e as utiliza como meio para construir, entender e propagar ideias. A imagem se torna ent\u00e3o uma ferramenta de poder, pois ela tanto organiza quanto tamb\u00e9m desestabiliza realidades\u201d, explica Vilela. \u201cGerar reflex\u00e3o sobre a produ\u00e7\u00e3o imag\u00e9tica e suas influ\u00eancias no mundo \u00e9 o que pretendemos com o FIF 2015\u201d, completa Cunha. Al\u00e9m dos dois, comp\u00f5em a curadoria dos trabalhos recebidos pelo festival o cr\u00edtico, ensa\u00edsta, membro-diretor da Associa\u00e7\u00e3o Cultural Videobrasil (SP) e professor da PUC Minas, Eduardo de Jesus; e a artista e professora da Faculdade de Belas Artes da UFMG, Patr\u00edcia Azevedo.<\/p>\n<p style=\"text-align:justify;\">O FIF-BH 2015 \u00e9 realizado com recursos do Fundo Municipal de Incentivo \u00e0 Cultura de Belo Horizonte e conta com apoio de parceiros como Artmosphere, Solu\u00e7\u00e3o Imagem, Ag\u00eancia Nitro, Canal C, Hahnemuhler, Funda\u00e7\u00e3o Cl\u00f3vis Salgado e Governo de Minas Gerais.<br \/>\n<b><br \/>\nFIF BH<\/b><\/p>\n<p style=\"text-align:justify;\">O FIF &#8211; Festival Internacional de Fotografia busca promover o di\u00e1logo entre a produ\u00e7\u00e3o fotogr\u00e1fica de diferentes pa\u00edses, bem como o encontro entre fotografia e outros meios de express\u00e3o criativa.<\/p>\n<p style=\"text-align:justify;\">Em 2015, o festival tem como proposta refletir sobre a produ\u00e7\u00e3o imag\u00e9tica, suas influ\u00eancias na constru\u00e7\u00e3o das diferentes vis\u00f5es de mundo e a forma como impactam as rela\u00e7\u00f5es humanas, por meio do conceito Mundo, Imagem, Mundo. Voltado para o universo fotogr\u00e1fico ligado a pesquisas e investiga\u00e7\u00f5es no campo das po\u00e9ticas visuais, o festival bienal busca privilegiar os processos criativos que exploram a fotograf\u00eda como elemento pot\u00eancial do discurso po\u00e9tico e sua interse\u00e7\u00e3o com outras plataformas de produ\u00e7\u00e3o do conhecimento sens\u00edvel.<\/p>\n<p style=\"text-align:justify;\">Em sua primeira edi\u00e7\u00e3o, realizada em 2013 (<a rel=\"nofollow\"><span style=\"font-family:Verdana;font-size:medium;\">www.fif.art.br\/2013<\/span><\/a><span style=\"font-family:Verdana;font-size:medium;\">), o Festival recebeu mais de 1.000 inscri\u00e7\u00f5es vindas de 73 pa\u00edses. Foram selecionados 340 trabalhos de 32 artistas, de 19 nacionalidades, oriundos de 4 continentes, que integraram a grande exposi\u00e7\u00e3o que ocupou seis espa\u00e7os da capital mineira.<br \/>\n<b><br \/>\n2\u00ba FIF &#8211; Festival Internacional de Fotografia<\/b> Exposi\u00e7\u00e3o \u201cMundo, Imagem, Mundo\u201d \/\/ Moving Images \/\/ FIF Universidade<b><br \/>\nConvocat\u00f3ria:<\/b> inscri\u00e7\u00f5es at\u00e9 3 de julho pelo site <\/span><a href=\"http:\/\/www.fif.art.br\/\" target=\"_blank\" rel=\"nofollow noopener\"><span style=\"color:#0082bf;font-family:Verdana;font-size:medium;\"><span style=\"text-decoration:underline;\">www.fif.art.br<\/span><\/span><\/a><span style=\"font-family:Verdana;font-size:medium;\"><b><br \/>\nFestival:<\/b> 10 a 20 de setembro de 2015<b><br \/>\nExposi\u00e7\u00e3o:<\/b> 10 de setembro a 01 de novembro de 2015<b><br \/>\nLocais:<\/b><br \/>\nPal\u00e1cio das Artes | Galeria Alberto da Veiga Guignard [Avenida Afonso Pena, 1.537]<br \/>\nCentro de Arte Contempor\u00e2nea e Fotografia [Av. Afonso Pena, 737 \u2013 Centro] <\/span><br \/>\n<span style=\"font-family:Calibri;font-size:medium;\">\u00a0<\/span><span style=\"font-family:Calibri;font-size:medium;\">\u00a0<\/span><br \/>\n<span style=\"font-family:Calibri;font-size:medium;\">\u00a0<\/span><br \/>\n<img decoding=\"async\" class=\"CToWUd a6T\" src=\"https:\/\/mail.google.com\/mail\/u\/0\/?ui=2&amp;ik=aeaaa16e75&amp;view=fimg&amp;th=14d43fff03167da8&amp;attid=0.2&amp;disp=emb&amp;attbid=ANGjdJ_IrnxJknO8tgvrdVOMJoopC-nwwVNoWvA2WB9FSBOXkrLjCOrA7H0nydJ_owJXjIqatSEkhov34r5WTFRsn5My8HJVEx3VN-LwIUEFYU1wPxUSWPJEJWk3nXA&amp;sz=s0-l75-ft&amp;ats=1431970686165&amp;rm=14d43fff03167da8&amp;zw&amp;atsh=1\" alt=\"Assinaturas e-mails Ricardo Girundi_Sem LOGOS\" \/><\/p>\n<div class=\"a6S\" dir=\"ltr\" style=\"text-align:justify;\"><\/div>\n","protected":false},"excerpt":{"rendered":"<p>Artistas e pesquisadores do Brasil e do mundo t\u00eam at\u00e9 o dia 3 de julho para enviar trabalhos para a nova edi\u00e7\u00e3o do FIF BH &#8211; Festival Internacional de Fotografia de Belo Horizonte. Est\u00e3o abertas as convocat\u00f3rias que selecionar\u00e3o trabalhos de artistas e pesquisadores do Brasil e do mundo para a 2\u00aa edi\u00e7\u00e3o do FIF &hellip; <a href=\"https:\/\/bibliobelas.eba.ufmg.br\/index.php\/2015\/05\/fif-festival-internacional-de-fotografia-de-belo-horizonte\/\" class=\"more-link\">Continue lendo <span class=\"screen-reader-text\">FIF &#8211; Festival Internacional de Fotografia de Belo Horizonte<\/span> <span class=\"meta-nav\">&rarr;<\/span><\/a><\/p>\n","protected":false},"author":1,"featured_media":0,"comment_status":"open","ping_status":"open","sticky":false,"template":"","format":"standard","meta":{"footnotes":""},"categories":[2],"tags":[70,72],"class_list":["post-4124","post","type-post","status-publish","format-standard","hentry","category-postagens","tag-fotografia","tag-fotografia-eventos"],"_links":{"self":[{"href":"https:\/\/bibliobelas.eba.ufmg.br\/index.php\/wp-json\/wp\/v2\/posts\/4124","targetHints":{"allow":["GET"]}}],"collection":[{"href":"https:\/\/bibliobelas.eba.ufmg.br\/index.php\/wp-json\/wp\/v2\/posts"}],"about":[{"href":"https:\/\/bibliobelas.eba.ufmg.br\/index.php\/wp-json\/wp\/v2\/types\/post"}],"author":[{"embeddable":true,"href":"https:\/\/bibliobelas.eba.ufmg.br\/index.php\/wp-json\/wp\/v2\/users\/1"}],"replies":[{"embeddable":true,"href":"https:\/\/bibliobelas.eba.ufmg.br\/index.php\/wp-json\/wp\/v2\/comments?post=4124"}],"version-history":[{"count":0,"href":"https:\/\/bibliobelas.eba.ufmg.br\/index.php\/wp-json\/wp\/v2\/posts\/4124\/revisions"}],"wp:attachment":[{"href":"https:\/\/bibliobelas.eba.ufmg.br\/index.php\/wp-json\/wp\/v2\/media?parent=4124"}],"wp:term":[{"taxonomy":"category","embeddable":true,"href":"https:\/\/bibliobelas.eba.ufmg.br\/index.php\/wp-json\/wp\/v2\/categories?post=4124"},{"taxonomy":"post_tag","embeddable":true,"href":"https:\/\/bibliobelas.eba.ufmg.br\/index.php\/wp-json\/wp\/v2\/tags?post=4124"}],"curies":[{"name":"wp","href":"https:\/\/api.w.org\/{rel}","templated":true}]}}