{"id":4193,"date":"2015-11-30T12:00:42","date_gmt":"2015-11-30T14:00:42","guid":{"rendered":"https:\/\/bibliobelas.wordpress.com\/?p=4193"},"modified":"2015-11-30T12:00:42","modified_gmt":"2015-11-30T14:00:42","slug":"um-outro-olhar-na-biblioteca-central-da-ufmg","status":"publish","type":"post","link":"https:\/\/bibliobelas.eba.ufmg.br\/index.php\/2015\/11\/um-outro-olhar-na-biblioteca-central-da-ufmg\/","title":{"rendered":"\u201cUm outro olhar\u201d na Biblioteca Central da UFMG"},"content":{"rendered":"<p><strong>Carla Pedrosa<\/strong><\/p>\n<p style=\"text-align:justify;\">Que tal apreciar fotografias das obras de <strong>Picasso, Van Gogh, Tarsila do Amaral e outros<\/strong> artistas de renome de uma maneira peculiar: pela lente de\u00a0um\u00a0caleidosc\u00f3pio? Essa \u00e9 a proposta da exposi\u00e7\u00e3o interativa \u201cUm\u00a0Outro\u00a0Olhar\u201d, da artista pl\u00e1stica <strong>Fabiana Lorentz<\/strong>, com curadoria do professor <strong>Fabr\u00edcio Fernandino<\/strong>.<\/p>\n<p style=\"text-align:justify;\">Fabiana retrata, utilizando tinta acr\u00edlica sobre tela, as imagens por ela captadas ao observar obras de pintores consagrados com um caleidosc\u00f3pio. Cada tela da artista pl\u00e1stica \u00e9 acompanhada por fotografias da pintura original e da imagem caleidosc\u00f3pica por ela observada, al\u00e9m de anota\u00e7\u00f5es sobre o processo criativo.<\/p>\n<p style=\"text-align:justify;\">Os visitantes tamb\u00e9m poder\u00e3o registrar o pr\u00f3prio \u201colhar\u201d, utilizando um caleidosc\u00f3pio que ficar\u00e1 dispon\u00edvel em frente \u00e0s fotografias das pinturas dos artistas renomados.<\/p>\n<p style=\"text-align:justify;\">\u00a0\u201cCada um olha com o que tem no cora\u00e7\u00e3o&#8230; O cora\u00e7\u00e3o responde sempre e brinca, canta, se solta e viaja com possibilidades incalcul\u00e1veis. \u00c9 a arte sobre a arte!\u201d, afirma Fabiana.<\/p>\n<p style=\"text-align:justify;\">A exposi\u00e7\u00e3o poder\u00e1 ser apreciada <strong>no sagu\u00e3o da Biblioteca Central da UFMG, de 02 de dezembro de 2015 a 30 de janeiro de 2016, de segunda a sexta-feira, das 7h30 \u00e0s 22h. A abertura ser\u00e1 no dia 02, \u00e0s 19h30<\/strong>.<\/p>\n","protected":false},"excerpt":{"rendered":"<p>Carla Pedrosa Que tal apreciar fotografias das obras de Picasso, Van Gogh, Tarsila do Amaral e outros artistas de renome de uma maneira peculiar: pela lente de\u00a0um\u00a0caleidosc\u00f3pio? Essa \u00e9 a proposta da exposi\u00e7\u00e3o interativa \u201cUm\u00a0Outro\u00a0Olhar\u201d, da artista pl\u00e1stica Fabiana Lorentz, com curadoria do professor Fabr\u00edcio Fernandino. Fabiana retrata, utilizando tinta acr\u00edlica sobre tela, as imagens &hellip; <a href=\"https:\/\/bibliobelas.eba.ufmg.br\/index.php\/2015\/11\/um-outro-olhar-na-biblioteca-central-da-ufmg\/\" class=\"more-link\">Continue lendo <span class=\"screen-reader-text\">\u201cUm outro olhar\u201d na Biblioteca Central da UFMG<\/span> <span class=\"meta-nav\">&rarr;<\/span><\/a><\/p>\n","protected":false},"author":1,"featured_media":0,"comment_status":"open","ping_status":"open","sticky":false,"template":"","format":"standard","meta":{"footnotes":""},"categories":[2],"tags":[8,23],"class_list":["post-4193","post","type-post","status-publish","format-standard","hentry","category-postagens","tag-arte","tag-artes-visuais-exposicoes"],"_links":{"self":[{"href":"https:\/\/bibliobelas.eba.ufmg.br\/index.php\/wp-json\/wp\/v2\/posts\/4193","targetHints":{"allow":["GET"]}}],"collection":[{"href":"https:\/\/bibliobelas.eba.ufmg.br\/index.php\/wp-json\/wp\/v2\/posts"}],"about":[{"href":"https:\/\/bibliobelas.eba.ufmg.br\/index.php\/wp-json\/wp\/v2\/types\/post"}],"author":[{"embeddable":true,"href":"https:\/\/bibliobelas.eba.ufmg.br\/index.php\/wp-json\/wp\/v2\/users\/1"}],"replies":[{"embeddable":true,"href":"https:\/\/bibliobelas.eba.ufmg.br\/index.php\/wp-json\/wp\/v2\/comments?post=4193"}],"version-history":[{"count":0,"href":"https:\/\/bibliobelas.eba.ufmg.br\/index.php\/wp-json\/wp\/v2\/posts\/4193\/revisions"}],"wp:attachment":[{"href":"https:\/\/bibliobelas.eba.ufmg.br\/index.php\/wp-json\/wp\/v2\/media?parent=4193"}],"wp:term":[{"taxonomy":"category","embeddable":true,"href":"https:\/\/bibliobelas.eba.ufmg.br\/index.php\/wp-json\/wp\/v2\/categories?post=4193"},{"taxonomy":"post_tag","embeddable":true,"href":"https:\/\/bibliobelas.eba.ufmg.br\/index.php\/wp-json\/wp\/v2\/tags?post=4193"}],"curies":[{"name":"wp","href":"https:\/\/api.w.org\/{rel}","templated":true}]}}