{"id":4473,"date":"2016-06-02T20:03:14","date_gmt":"2016-06-02T22:03:14","guid":{"rendered":"https:\/\/bibliobelas.wordpress.com\/?p=4473"},"modified":"2016-06-02T20:03:14","modified_gmt":"2016-06-02T22:03:14","slug":"instituto-tomie-ohtake-recebe-uma-das-mostras-mais-completas-de-pablo-picasso-no-brasil","status":"publish","type":"post","link":"https:\/\/bibliobelas.eba.ufmg.br\/index.php\/2016\/06\/instituto-tomie-ohtake-recebe-uma-das-mostras-mais-completas-de-pablo-picasso-no-brasil\/","title":{"rendered":"Instituto Tomie Ohtake recebe uma das mostras mais completas de Pablo Picasso no Brasil"},"content":{"rendered":"<h5 class=\"linha-fina\" style=\"text-align:justify;\">S\u00e3o 153 trabalhos do artista espanhol, entre quadros, esculturas, desenhos, gravuras, pe\u00e7as de cer\u00e2mica e fotografias<\/h5>\n<p style=\"text-align:justify;\">Entre os dias <strong>22 de maio<\/strong> e <strong>14 de agosto<\/strong>, o\u00a0<a href=\"http:\/\/www.institutotomieohtake.org.br\/\" target=\"_blank\" rel=\"noopener\">Instituto Tomie Ohtake<\/a>\u00a0recebe uma das maiores exposi\u00e7\u00f5es j\u00e1 montadas em S\u00e3o Paulo dedicada exclusivamente \u00e0 trajet\u00f3ria de <strong>Pablo Picasso<\/strong> como artista. Os 153 trabalhos do artista espanhol, entre quadros, esculturas, desenhos, gravuras, pe\u00e7as de cer\u00e2mica e fotografias, vem inteiramente do <a href=\"http:\/\/www.museepicassoparis.fr\/\" target=\"_blank\" rel=\"noopener\">Mus\u00e9e Picasso<\/a>, de Paris.<\/p>\n<p style=\"text-align:justify;\">A venda online de ingressos fica dispon\u00edvel pelo\u00a0site <a href=\"http:\/\/ingresse.com\/\" target=\"_blank\" rel=\"noopener\">ingresse.com<\/a> e na bilheteria do instituto, de ter\u00e7a \u00e0 domingo, das 10h \u00e0s 19h. O ingresso custa R$ 12 (inteira) e R$ 6 (meia entrada).\u00a0Crian\u00e7as at\u00e9 10 anos, cadeirantes e deficientes f\u00edsicos t\u00eam entrada Livre. \u00c0s ter\u00e7as-feiras, a entrada \u00e9\u00a0gratuita para todos visitantes, mediante retirada de senhas.<\/p>\n<p><a href=\"https:\/\/catracalivre.com.br\/sp\/agenda\/barato\/exposicao-de-pablo-picasso-no-tomie-ohtake-tem-data-de-abertura-confirmada\/attachment\/le_baiser_mougins_1969_muse_national_picasso-paris_dation_pablo_picasso_1979-_mp220_-_rmn-grand_palais_muse_national_picasso-paris-berizzi_jean-gilles_berizzi_-_succession_picasso_2015\/\"><img loading=\"lazy\" decoding=\"async\" class=\"attachment-full size-full\" src=\"https:\/\/catracalivre.com.br\/wp-content\/uploads\/2016\/04\/Le_Baiser_Mougins_1969_Muse_national_Picasso-Paris_Dation_Pablo_Picasso_1979._MP220_-_RMN-Grand_Palais_Muse_national_Picasso-Paris-Berizzi_Jean-Gilles_Berizzi_-_Succession_Picasso_2015.jpg\" alt=\"Le Baiser Mougins 1969 Mus\u00e9e National Picasso -Pari Dation Pablo Picasso, 1979. MP220\u00ae RMN-Grand Palais (Mus\u00e9e National Picasso-Paris) Berizzi Jean-Gilles Berizzi \u00ae Succession Picasso, 2015\" width=\"1074\" height=\"800\" \/><\/a><\/p>\n<div id=\"gallery-2\" class=\"gallery galleryid-1084336 gallery-columns-2 gallery-size-thumbnail\">\n<dl class=\"gallery-item\">\n<dt class=\"gallery-icon portrait\"><a href=\"https:\/\/catracalivre.com.br\/sp\/agenda\/barato\/exposicao-de-pablo-picasso-no-tomie-ohtake-tem-data-de-abertura-confirmada\/attachment\/picasso_portrait_dhomme_1903_-_rmn-grand_palais_muse_national_picasso-paris_-_succession_picasso_2015\/\"><img loading=\"lazy\" decoding=\"async\" class=\"attachment-thumbnail size-thumbnail\" src=\"https:\/\/catracalivre.com.br\/wp-content\/uploads\/2016\/04\/Picasso_Portrait_dhomme_1903_-_RMN-Grand_Palais_Muse_national_Picasso-Paris_-_Succession_Picasso_2015-108x108.jpg\" alt=\"Picasso, Portrait d'homme, 1903, -\u00ae RMN-Grand Palais (Mus\u00e9e National Picasso-Paris), \u00ae Succession Picasso, 2015\" width=\"108\" height=\"108\" \/><\/a><\/dt>\n<\/dl>\n<dl class=\"gallery-item last-column\">\n<dt class=\"gallery-icon portrait\"><a href=\"https:\/\/catracalivre.com.br\/sp\/agenda\/barato\/exposicao-de-pablo-picasso-no-tomie-ohtake-tem-data-de-abertura-confirmada\/attachment\/picasso_lorateur_paris_1933-34_bronze_pedra_muse_national_picasso-paris_dation_pablo_picasso_1979-_mp318_-_rmn-grand_palais_muse_national_picasso-paris-hatala_batrice_-_succession2015\/\"><img loading=\"lazy\" decoding=\"async\" class=\"attachment-thumbnail size-thumbnail\" src=\"https:\/\/catracalivre.com.br\/wp-content\/uploads\/2016\/04\/Picasso_LOrateur_Paris_1933-34_Bronze_Pedra_Muse_National_Picasso-Paris_Dation_Pablo_Picasso_1979._MP318_-_RMN-Grand_Palais_Muse_national_Picasso-Paris-Hatala_Batrice_-_Succession2015-108x108.jpg\" alt=\"Picasso L'Orateur Paris 1933-34 Bronze Pedra, Mus\u00e9e National Picasso -Pari Dation Pablo Picasso, 1979.  MP318 \u00ae RMN-Grand Palais (Mus\u00e9e National Picasso-Paris) - Hatala eatrice \u00ae Succession Picasso, 2015\" width=\"108\" height=\"108\" \/><\/a><\/dt>\n<\/dl>\n<\/div>\n<p><strong>&#8220;Picasso: m\u00e3o erudita, olho selvagem&#8221;<\/strong>\u00a0tem\u00a0curadoria de Emilia Philippot, curadora tamb\u00e9m do Mus\u00e9e National Picasso-Paris, e \u00e9 composta em sua grande maioria por pe\u00e7as in\u00e9ditas no Brasil. Elas tra\u00e7am um percurso cronol\u00f3gico e tem\u00e1tico em torno de conjuntos que seguem as principais fases do artista, desde os anos de forma\u00e7\u00e3o at\u00e9 os \u00faltimos de produ\u00e7\u00e3o.<\/p>\n<p>S\u00e3o 116 trabalhos do mestre espanhol \u2013 34 pinturas, 42 desenhos, 20 esculturas e 20 gravuras \u2013, al\u00e9m de uma s\u00e9rie de 22 fotogramas de Andr\u00e9 Villers realizados em parceria com Picasso. Completam a mostra 12 fotografias de autoria de Dora Maar, tr\u00eas de Pirre Manciet e filmes sobre os trabalhos e seus processos de realiza\u00e7\u00e3o.<\/p>\n<p>&#8220;Escolhemos aproveitar o car\u00e1ter espec\u00edfico da cole\u00e7\u00e3o para esbo\u00e7ar um retrato do artista que questiona sua rela\u00e7\u00e3o com a cria\u00e7\u00e3o, entre fabrica\u00e7\u00e3o e concep\u00e7\u00e3o, implanta\u00e7\u00e3o e pensamento, m\u00e3o e olho&#8221;, destaca Philippot.<\/p>\n<p><iframe loading=\"lazy\" title=\"Os Picassos de Picasso\" width=\"474\" height=\"267\" src=\"https:\/\/www.youtube.com\/embed\/MMOi_U_m2Ws?feature=oembed\" frameborder=\"0\" allow=\"accelerometer; autoplay; clipboard-write; encrypted-media; gyroscope; picture-in-picture; web-share\" referrerpolicy=\"strict-origin-when-cross-origin\" allowfullscreen><\/iframe><\/p>\n<p>Fonte :\u00a0https:\/\/catracalivre.com.br\/sp\/agenda\/barato\/instituto-tomie-ohtake-recebe-uma-das-mostras-mais-completas-de-pablo-picasso-no-brasil\/<\/p>\n","protected":false},"excerpt":{"rendered":"<p>S\u00e3o 153 trabalhos do artista espanhol, entre quadros, esculturas, desenhos, gravuras, pe\u00e7as de cer\u00e2mica e fotografias Entre os dias 22 de maio e 14 de agosto, o\u00a0Instituto Tomie Ohtake\u00a0recebe uma das maiores exposi\u00e7\u00f5es j\u00e1 montadas em S\u00e3o Paulo dedicada exclusivamente \u00e0 trajet\u00f3ria de Pablo Picasso como artista. Os 153 trabalhos do artista espanhol, entre quadros, &hellip; <a href=\"https:\/\/bibliobelas.eba.ufmg.br\/index.php\/2016\/06\/instituto-tomie-ohtake-recebe-uma-das-mostras-mais-completas-de-pablo-picasso-no-brasil\/\" class=\"more-link\">Continue lendo <span class=\"screen-reader-text\">Instituto Tomie Ohtake recebe uma das mostras mais completas de Pablo Picasso no Brasil<\/span> <span class=\"meta-nav\">&rarr;<\/span><\/a><\/p>\n","protected":false},"author":1,"featured_media":0,"comment_status":"open","ping_status":"open","sticky":false,"template":"","format":"standard","meta":{"footnotes":""},"categories":[2],"tags":[30,66,118],"class_list":["post-4473","post","type-post","status-publish","format-standard","hentry","category-postagens","tag-artistas-individuais","tag-exposicoes-de-arte","tag-pintura-exposicoes"],"_links":{"self":[{"href":"https:\/\/bibliobelas.eba.ufmg.br\/index.php\/wp-json\/wp\/v2\/posts\/4473","targetHints":{"allow":["GET"]}}],"collection":[{"href":"https:\/\/bibliobelas.eba.ufmg.br\/index.php\/wp-json\/wp\/v2\/posts"}],"about":[{"href":"https:\/\/bibliobelas.eba.ufmg.br\/index.php\/wp-json\/wp\/v2\/types\/post"}],"author":[{"embeddable":true,"href":"https:\/\/bibliobelas.eba.ufmg.br\/index.php\/wp-json\/wp\/v2\/users\/1"}],"replies":[{"embeddable":true,"href":"https:\/\/bibliobelas.eba.ufmg.br\/index.php\/wp-json\/wp\/v2\/comments?post=4473"}],"version-history":[{"count":0,"href":"https:\/\/bibliobelas.eba.ufmg.br\/index.php\/wp-json\/wp\/v2\/posts\/4473\/revisions"}],"wp:attachment":[{"href":"https:\/\/bibliobelas.eba.ufmg.br\/index.php\/wp-json\/wp\/v2\/media?parent=4473"}],"wp:term":[{"taxonomy":"category","embeddable":true,"href":"https:\/\/bibliobelas.eba.ufmg.br\/index.php\/wp-json\/wp\/v2\/categories?post=4473"},{"taxonomy":"post_tag","embeddable":true,"href":"https:\/\/bibliobelas.eba.ufmg.br\/index.php\/wp-json\/wp\/v2\/tags?post=4473"}],"curies":[{"name":"wp","href":"https:\/\/api.w.org\/{rel}","templated":true}]}}