{"id":4491,"date":"2016-06-09T15:57:02","date_gmt":"2016-06-09T17:57:02","guid":{"rendered":"https:\/\/bibliobelas.wordpress.com\/?p=4491"},"modified":"2016-06-09T15:57:02","modified_gmt":"2016-06-09T17:57:02","slug":"paralisacao-nacional-em-10-de-junho-sexta","status":"publish","type":"post","link":"https:\/\/bibliobelas.eba.ufmg.br\/index.php\/2016\/06\/paralisacao-nacional-em-10-de-junho-sexta\/","title":{"rendered":"Paralisa\u00e7\u00e3o Nacional em 10 de junho, sexta."},"content":{"rendered":"<p style=\"text-align:justify;\">A Biblioteca da Escola de Belas Artes comunica que excepcionalmente nesta sexta, dia 10 de junho de 2016, estar\u00e1 <strong>FECHADA <\/strong>em fun\u00e7\u00e3o da Paralisa\u00e7\u00e3o Nacional dos T\u00e9cnico-Administrativos em Educa\u00e7\u00e3o.<\/p>\n<p style=\"text-align:justify;\">Na segunda feira, dia 13 de junho, voltaremos com o hor\u00e1rio normal.<\/p>\n<p><img loading=\"lazy\" decoding=\"async\" class=\"aligncenter size-full wp-image-4493\" src=\"https:\/\/bibliobelas.eba.ufmg.br\/wp-content\/uploads\/2016\/06\/wide_paralisacao.jpg\" alt=\"wide_paralisacao\" width=\"500\" height=\"143\" srcset=\"https:\/\/bibliobelas.eba.ufmg.br\/wp-content\/uploads\/2016\/06\/wide_paralisacao.jpg 700w, https:\/\/bibliobelas.eba.ufmg.br\/wp-content\/uploads\/2016\/06\/wide_paralisacao-300x86.jpg 300w\" sizes=\"auto, (max-width: 500px) 100vw, 500px\" \/><\/p>\n<p>http:\/\/sindifes.org.br\/noticia\/101042\/<\/p>\n","protected":false},"excerpt":{"rendered":"<p>A Biblioteca da Escola de Belas Artes comunica que excepcionalmente nesta sexta, dia 10 de junho de 2016, estar\u00e1 FECHADA em fun\u00e7\u00e3o da Paralisa\u00e7\u00e3o Nacional dos T\u00e9cnico-Administrativos em Educa\u00e7\u00e3o. Na segunda feira, dia 13 de junho, voltaremos com o hor\u00e1rio normal. http:\/\/sindifes.org.br\/noticia\/101042\/<\/p>\n","protected":false},"author":1,"featured_media":0,"comment_status":"open","ping_status":"open","sticky":false,"template":"","format":"standard","meta":{"footnotes":""},"categories":[2],"tags":[],"class_list":["post-4491","post","type-post","status-publish","format-standard","hentry","category-postagens"],"_links":{"self":[{"href":"https:\/\/bibliobelas.eba.ufmg.br\/index.php\/wp-json\/wp\/v2\/posts\/4491","targetHints":{"allow":["GET"]}}],"collection":[{"href":"https:\/\/bibliobelas.eba.ufmg.br\/index.php\/wp-json\/wp\/v2\/posts"}],"about":[{"href":"https:\/\/bibliobelas.eba.ufmg.br\/index.php\/wp-json\/wp\/v2\/types\/post"}],"author":[{"embeddable":true,"href":"https:\/\/bibliobelas.eba.ufmg.br\/index.php\/wp-json\/wp\/v2\/users\/1"}],"replies":[{"embeddable":true,"href":"https:\/\/bibliobelas.eba.ufmg.br\/index.php\/wp-json\/wp\/v2\/comments?post=4491"}],"version-history":[{"count":0,"href":"https:\/\/bibliobelas.eba.ufmg.br\/index.php\/wp-json\/wp\/v2\/posts\/4491\/revisions"}],"wp:attachment":[{"href":"https:\/\/bibliobelas.eba.ufmg.br\/index.php\/wp-json\/wp\/v2\/media?parent=4491"}],"wp:term":[{"taxonomy":"category","embeddable":true,"href":"https:\/\/bibliobelas.eba.ufmg.br\/index.php\/wp-json\/wp\/v2\/categories?post=4491"},{"taxonomy":"post_tag","embeddable":true,"href":"https:\/\/bibliobelas.eba.ufmg.br\/index.php\/wp-json\/wp\/v2\/tags?post=4491"}],"curies":[{"name":"wp","href":"https:\/\/api.w.org\/{rel}","templated":true}]}}