{"id":4759,"date":"2017-05-04T17:28:57","date_gmt":"2017-05-04T19:28:57","guid":{"rendered":"https:\/\/bibliobelas.wordpress.com\/?p=4759"},"modified":"2017-05-04T17:28:57","modified_gmt":"2017-05-04T19:28:57","slug":"olhar-revisitado-exposicao-no-saguao-da-reitoria-da-ufmg","status":"publish","type":"post","link":"https:\/\/bibliobelas.eba.ufmg.br\/index.php\/2017\/05\/olhar-revisitado-exposicao-no-saguao-da-reitoria-da-ufmg\/","title":{"rendered":"Olhar revisitado &#8211; Exposi\u00e7\u00e3o no sagu\u00e3o da reitoria da UFMG"},"content":{"rendered":"<h3 class=\"preto\" style=\"text-align:justify;\">Em exposi\u00e7\u00e3o comemorativa dos 90 anos, que ser\u00e1 aberta nesta semana, obras do acervo art\u00edstico da UFMG dialogam com produ\u00e7\u00f5es de artistas convidados<\/h3>\n<p class=\"autor\" style=\"text-align:justify;\">Ewerton Martins Ribeiro<\/p>\n<p class=\"autor\" style=\"text-align:justify;\">\n<p class=\"autor\" style=\"text-align:justify;\">\n<figure style=\"width: 674px\" class=\"wp-caption alignleft\"><img loading=\"lazy\" decoding=\"async\" class=\"\" src=\"https:\/\/www.ufmg.br\/boletim\/bol1975\/img\/4e5_3_p.jpg\" alt=\"Os peixeiros (1970), de Inim\u00e1 de Paula, pertence \u00e0 cole\u00e7\u00e3o Amigas da Cultura\" width=\"674\" height=\"522\" \/><figcaption class=\"wp-caption-text\">Os peixeiros (1970), de Inim\u00e1 de Paula, pertence \u00e0 cole\u00e7\u00e3o Amigas da Cultura<\/figcaption><\/figure>\n<div id=\"gallery\"><\/div>\n<p class=\"primeiroparagrafo\" style=\"text-align:justify;\">Nas suas nove d\u00e9cadas de hist\u00f3ria, a UFMG reuniu um importante e heterog\u00eaneo acervo de obras de arte, resultado principalmente da doa\u00e7\u00e3o de mecenas e de artistas. Parte desse conjunto est\u00e1 exposta em diferentes pr\u00e9dios dos campi; outra parte, sob a guarda direta da Diretoria de A\u00e7\u00e3o Cultural (DAC). Para oferecer acesso e ajudar a conferir significado para esse universo art\u00edstico, a DAC planeja a organiza\u00e7\u00e3o de exposi\u00e7\u00f5es tem\u00e1ticas com as obras.<\/p>\n<p style=\"text-align:justify;\">Uma dessas exposi\u00e7\u00f5es ser\u00e1 aberta nesta quarta-feira, 3 de maio, \u00e0s 18h, no sagu\u00e3o da Reitoria, integrando as comemora\u00e7\u00f5es dos 90 anos da Universidade. <em>Olhar revisitado: reencontros e novas afetividades<\/em> re\u00fane 32 obras \u2013 entre pinturas, esculturas, fotografias e desenhos \u2013 e prop\u00f5e que a comunidade acad\u00eamica e os pr\u00f3prios artistas revejam esse acervo. A mostra poder\u00e1 ser visitada das 8h \u00e0s 18h, de segunda a sexta-feira, at\u00e9 16 de agosto.<\/p>\n<p style=\"text-align:justify;\">Rodrigo Vivas, professor da Escola de Belas Artes e coordenador da exposi\u00e7\u00e3o, explica que a sele\u00e7\u00e3o das pe\u00e7as foi realizada por duas vias. Pela perspectiva <em>Reencontros<\/em>, artistas que j\u00e1 possuem obras no acervo da Universidade \u2013 como Jarbas Juarez, Andrea Lanna, H\u00e9lio Siqueira, Maria Helena Andr\u00e9s, Carlos Wolney e Liliane Dardot \u2013 foram convidados a trazer novas produ\u00e7\u00f5es, de forma a estabelecer di\u00e1logos sincr\u00f4nicos ou diacr\u00f4nicos, congruentes ou contradit\u00f3rios entre as obras. &#8220;Imagine uma artista que tenha doado uma obra sua para a Universidade na d\u00e9cada de 1970, como Yara Tupynamb\u00e1. Desde ent\u00e3o, ela teve pouco ou mesmo nenhum contato com essa produ\u00e7\u00e3o. A ideia, ent\u00e3o, foi convidar esses artistas a voltar a conversar com essas obras, por meio de trabalhos mais contempor\u00e2neos&#8221;, explica Rodrigo Vivas.<\/p>\n<p style=\"text-align:justify;\">Pela perspectiva <em>Novas afetividades<\/em>, artistas contempor\u00e2neos que n\u00e3o possuem obras no cat\u00e1logo da UFMG foram convidados a estabelecer di\u00e1logos entre produ\u00e7\u00f5es suas e as obras do acervo produzidas por artistas que j\u00e1 morreram. &#8220;Estamos falando de nomes como Inim\u00e1 de Paula, Guignard, Celso Renato e o alem\u00e3o Friedrich Hagedorn, de quem possu\u00edmos nove aquarelas do s\u00e9culo 19. Com a exposi\u00e7\u00e3o, estamos colocando a obra desses grandes nomes para \u2018conversar\u2019 com artistas contempor\u00e2neos como M\u00e1rio Azevedo, Domingos Mazzilli, Leandro Gabriel, Daniel Moreira, Paulo Miranda, S\u00e9rgio Vaz e Paulo Baptista&#8221;, enumera Fabr\u00edcio Fernandino, professor da Escola de Belas Artes que divide com Rodrigo Vivas a curadoria da exposi\u00e7\u00e3o.<\/p>\n<p style=\"text-align:justify;\">Para a professora Leda Maria Martins, diretora de A\u00e7\u00e3o Cultural da UFMG, o conceito proposto pelos curadores resultou em uma mostra que alia frui\u00e7\u00e3o est\u00e9tica e reflex\u00e3o. &#8220;Esta \u00e9 uma exposi\u00e7\u00e3o que prima pelo di\u00e1logo, pela troca de experi\u00eancias, por potencializar o olhar do espectador em rela\u00e7\u00e3o \u00e0s temporalidades que atravessam e que s\u00e3o atravessadas pela mostra&#8221;, salienta. &#8220;Ela reitera a ideia de \u2018d\u00e1diva\u2019, de presente, de compartilhamento que atravessa toda a programa\u00e7\u00e3o de comemora\u00e7\u00e3o dos 90 anos da Universidade.&#8221;<\/p>\n<p style=\"text-align:justify;\">De fato, esses &#8220;presentes&#8221; come\u00e7aram a ser oferecidos ainda em setembro do ano passado, com o in\u00edcio das comemora\u00e7\u00f5es. Na ocasi\u00e3o, foi montada a exposi\u00e7\u00e3o <em>D. Quixote \u2013 Portinari e Drummond: releituras de Cervantes<\/em>, em que foram apresentados 21 pain\u00e9is com desenhos de Candido Portinari e glosas de Carlos Drummond de Andrade. Em setembro deste ano, ap\u00f3s o t\u00e9rmino da temporada de <em>Olhar revisitado<\/em>, nova exposi\u00e7\u00e3o ser\u00e1 montada para o encerramento das comemora\u00e7\u00f5es.<\/p>\n<h2 style=\"text-align:justify;\">Em tr\u00e2nsito<\/h2>\n<p style=\"text-align:justify;\">O Acervo Art\u00edstico UFMG (AAUFMG) alcan\u00e7ou valor cultural imensur\u00e1vel no transcorrer da hist\u00f3ria da institui\u00e7\u00e3o \u2013 em especial, nas \u00faltimas d\u00e9cadas, em virtude da chegada de importantes obras. Conforme invent\u00e1rio de 2010, que est\u00e1 documentado no livro <em>Acervo art\u00edstico da UFMG<\/em> (Editora C\/Arte, 2011), essa cole\u00e7\u00e3o re\u00fane em torno de 1.500 obras, distribu\u00eddas por mais de 30 unidades. &#8220;A partir desse primeiro levantamento, o desejo que ganhou forma nos \u00faltimos anos foi o de dar \u00e0 sociedade acesso peri\u00f3dico a esse acervo&#8221;, diz Rodrigo Vivas. Em raz\u00e3o disso, a UFMG vem desenvolvendo intenso trabalho organizacional para favorecer esse acesso.<\/p>\n<p style=\"text-align:justify;\">&#8220;Uma equipe multidisciplinar est\u00e1 \u00adrealizando a documenta\u00e7\u00e3o cient\u00edfica das imagens, sua cataloga\u00e7\u00e3o e a implanta\u00e7\u00e3o de um sistema de informa\u00e7\u00e3o que vai possibilitar a consulta das obras por meio de banco de dados&#8221;, explica Let\u00edcia Juli\u00e3o, professora do curso de Museologia da Escola de Ci\u00eancia da Informa\u00e7\u00e3o e coordenadora do Acervo Art\u00edstico UFMG. A expectativa \u00e9 de que 70% do acervo esteja inventariado e dispon\u00edvel para consulta interna at\u00e9 o fim do ano. Para 2018, a meta \u00e9 concluir o invent\u00e1rio e disponibilizar na internet o acesso \u00e0 base de dados. &#8220;O que se prop\u00f5e \u00e9 implantar uma curadoria digital do acervo, combinada \u00e0 curadoria convencional&#8221;, explica Let\u00edcia. Segundo ela, esse sistema vai favorecer o controle da documenta\u00e7\u00e3o, da conserva\u00e7\u00e3o e da movimenta\u00e7\u00e3o do acervo.<\/p>\n<p style=\"text-align:justify;\">H\u00e1 dois grupos de obras submetidas ao AAUFMG: o lotado na Reserva T\u00e9cnica da DAC \u2013 sob a tutela direta dessa Diretoria \u2013 e o Acervo Operacional, que cont\u00e9m as obras sob a administra\u00e7\u00e3o de outras unidades e que ser\u00e3o objeto de uma pol\u00edtica de gest\u00e3o compartilhada.<\/p>\n<h2 style=\"text-align:justify;\">Pol\u00edtica de extrovers\u00e3o<\/h2>\n<p style=\"text-align:justify;\">Paralelamente, tamb\u00e9m est\u00e1 sendo concebida uma pol\u00edtica de extrovers\u00e3o para todo o AAUFMG. &#8220;Nosso acervo apresenta voca\u00e7\u00e3o para o di\u00e1logo com outras cole\u00e7\u00f5es. Nesse sentido, a proposta \u00e9 incentivar a mobilidade das nossas obras, por meio de empr\u00e9stimos para exposi\u00e7\u00f5es, e desenvolver um programa de mostras que enfatize as conex\u00f5es do AAUFMG com outros acervos art\u00edsticos, universit\u00e1rios ou n\u00e3o&#8221;, informa Let\u00edcia Juli\u00e3o.<\/p>\n<p style=\"text-align:justify;\">Leda Maria Martins explica que essa pol\u00edtica busca viabilizar a montagem de exposi\u00e7\u00f5es com as obras at\u00e9 mesmo no exterior. &#8220;Temos obras que despertam grande interesse de galerias do Brasil e de outros pa\u00edses, como a pintura <em>Morrem tantos homens e eu aqui t\u00e3o s\u00f3<\/em>, da artista Teresinha Soares. No ano passado, conseguimos que fosse exposta na galeria Tate, em Londres. Depois de retornar ao Brasil, n\u00f3s a enviamos ao Masp (Museu de Arte de S\u00e3o Paulo). Com o trabalho que estamos realizando, ser\u00e1 poss\u00edvel promover mais tr\u00e2nsitos como esse&#8221;, prev\u00ea Leda. De acordo com Let\u00edcia Juli\u00e3o, a UFMG projeta, ainda, &#8220;abrir a Reserva T\u00e9cnica do acervo \u00e0 visita\u00e7\u00e3o monitorada, como ocorre em alguns museus, inclusive universit\u00e1rios&#8221;.<\/p>\n<h6 style=\"text-align:justify;\">Acervo art\u00edstico da UFMG \/ Editora C\/Arte<\/h6>\n<p style=\"text-align:justify;\">\n<figure style=\"width: 677px\" class=\"wp-caption alignnone\"><img loading=\"lazy\" decoding=\"async\" class=\"\" src=\"https:\/\/www.ufmg.br\/boletim\/bol1975\/img\/4e5_1_p.jpg\" alt=\"Impulso, de Maria Helena Andr\u00e9s (d\u00e9cada de 1970), integra a cole\u00e7\u00e3o Amigas da Cultura\" width=\"677\" height=\"597\" \/><figcaption class=\"wp-caption-text\">Impulso, de Maria Helena Andr\u00e9s (d\u00e9cada de 1970), integra a cole\u00e7\u00e3o Amigas da Cultura<\/figcaption><\/figure>\n<p style=\"text-align:justify;\">\n<figure style=\"width: 675px\" class=\"wp-caption alignnone\"><img loading=\"lazy\" decoding=\"async\" class=\"\" src=\"https:\/\/www.ufmg.br\/boletim\/bol1975\/img\/4e5_2_p.jpg\" alt=\"Painel barroco (1967), de Sara \u00c1vila\" width=\"675\" height=\"486\" \/><figcaption class=\"wp-caption-text\">Painel barroco (1967), de Sara \u00c1vila, dialoga com a escultura de\u00a0Leandro Gabriel, de 2016 (detalhe abaixo)<\/figcaption><\/figure>\n<p><img loading=\"lazy\" decoding=\"async\" class=\" aligncenter\" src=\"https:\/\/www.ufmg.br\/boletim\/bol1975\/img\/4e5_4_p.jpg\" alt=\"Escultura de Leandro Gabriel, de 2016\" width=\"297\" height=\"446\" \/><\/p>\n<h6 style=\"text-align:center;\">Foca Lisboa\/UFMG<\/h6>\n<div id=\"gallery2\"><\/div>\n","protected":false},"excerpt":{"rendered":"<p>Em exposi\u00e7\u00e3o comemorativa dos 90 anos, que ser\u00e1 aberta nesta semana, obras do acervo art\u00edstico da UFMG dialogam com produ\u00e7\u00f5es de artistas convidados Ewerton Martins Ribeiro Nas suas nove d\u00e9cadas de hist\u00f3ria, a UFMG reuniu um importante e heterog\u00eaneo acervo de obras de arte, resultado principalmente da doa\u00e7\u00e3o de mecenas e de artistas. Parte desse &hellip; <a href=\"https:\/\/bibliobelas.eba.ufmg.br\/index.php\/2017\/05\/olhar-revisitado-exposicao-no-saguao-da-reitoria-da-ufmg\/\" class=\"more-link\">Continue lendo <span class=\"screen-reader-text\">Olhar revisitado &#8211; Exposi\u00e7\u00e3o no sagu\u00e3o da reitoria da UFMG<\/span> <span class=\"meta-nav\">&rarr;<\/span><\/a><\/p>\n","protected":false},"author":1,"featured_media":0,"comment_status":"open","ping_status":"open","sticky":false,"template":"","format":"standard","meta":{"footnotes":""},"categories":[2],"tags":[9,66,135],"class_list":["post-4759","post","type-post","status-publish","format-standard","hentry","category-postagens","tag-arte-eventos","tag-exposicoes-de-arte","tag-ufmg"],"_links":{"self":[{"href":"https:\/\/bibliobelas.eba.ufmg.br\/index.php\/wp-json\/wp\/v2\/posts\/4759","targetHints":{"allow":["GET"]}}],"collection":[{"href":"https:\/\/bibliobelas.eba.ufmg.br\/index.php\/wp-json\/wp\/v2\/posts"}],"about":[{"href":"https:\/\/bibliobelas.eba.ufmg.br\/index.php\/wp-json\/wp\/v2\/types\/post"}],"author":[{"embeddable":true,"href":"https:\/\/bibliobelas.eba.ufmg.br\/index.php\/wp-json\/wp\/v2\/users\/1"}],"replies":[{"embeddable":true,"href":"https:\/\/bibliobelas.eba.ufmg.br\/index.php\/wp-json\/wp\/v2\/comments?post=4759"}],"version-history":[{"count":0,"href":"https:\/\/bibliobelas.eba.ufmg.br\/index.php\/wp-json\/wp\/v2\/posts\/4759\/revisions"}],"wp:attachment":[{"href":"https:\/\/bibliobelas.eba.ufmg.br\/index.php\/wp-json\/wp\/v2\/media?parent=4759"}],"wp:term":[{"taxonomy":"category","embeddable":true,"href":"https:\/\/bibliobelas.eba.ufmg.br\/index.php\/wp-json\/wp\/v2\/categories?post=4759"},{"taxonomy":"post_tag","embeddable":true,"href":"https:\/\/bibliobelas.eba.ufmg.br\/index.php\/wp-json\/wp\/v2\/tags?post=4759"}],"curies":[{"name":"wp","href":"https:\/\/api.w.org\/{rel}","templated":true}]}}