{"id":4874,"date":"2017-07-19T16:01:16","date_gmt":"2017-07-19T18:01:16","guid":{"rendered":"https:\/\/bibliobelas.wordpress.com\/?p=4874"},"modified":"2017-07-19T16:01:16","modified_gmt":"2017-07-19T18:01:16","slug":"biblioteca-da-eba-participa-da-exposicao-uma-viagem-interplanetaria-pelo-sistema-de-bibliotecas-da-ufmg","status":"publish","type":"post","link":"https:\/\/bibliobelas.eba.ufmg.br\/index.php\/2017\/07\/biblioteca-da-eba-participa-da-exposicao-uma-viagem-interplanetaria-pelo-sistema-de-bibliotecas-da-ufmg\/","title":{"rendered":"Biblioteca da EBA participa da exposi\u00e7\u00e3o &#8220;Uma viagem interplanet\u00e1ria pelo Sistema de Bibliotecas da UFMG&#8221;"},"content":{"rendered":"<p style=\"text-align:justify;\">Quem compareceu ao mezanino da Reitoria da UFMG, na manh\u00e3 desta segunda-feira (17), p\u00f4de participar do primeiro &#8216;embarque&#8217; em &#8220;Uma viagem interplanet\u00e1ria pelo Sistema de Bibliotecas&#8221;, exposi\u00e7\u00e3o que\u00a0conta, de maneira metaf\u00f3rica, a hist\u00f3ria das 25 bibliotecas da Universidade Federal de Minas Gerais.<\/p>\n<p><img loading=\"lazy\" decoding=\"async\" class=\"aligncenter  wp-image-4899\" src=\"https:\/\/bibliobelas.eba.ufmg.br\/wp-content\/uploads\/2017\/07\/artefinal_sistemabibliotecas_post_face-01.png\" alt=\"\" width=\"444\" height=\"444\" srcset=\"https:\/\/bibliobelas.eba.ufmg.br\/wp-content\/uploads\/2017\/07\/artefinal_sistemabibliotecas_post_face-01.png 504w, https:\/\/bibliobelas.eba.ufmg.br\/wp-content\/uploads\/2017\/07\/artefinal_sistemabibliotecas_post_face-01-300x300.png 300w, https:\/\/bibliobelas.eba.ufmg.br\/wp-content\/uploads\/2017\/07\/artefinal_sistemabibliotecas_post_face-01-150x150.png 150w\" sizes=\"auto, (max-width: 444px) 100vw, 444px\" \/><\/p>\n<p style=\"text-align:justify;\">Tendo como refer\u00eancia o Sistema Solar, composto por uma variedade de planetas e outros corpos celestes peculiares que orbitam o Sol, o Sistema de Bibliotecas da UFMG foi representado metaforicamente como um conjunto de \u2018planetas do saber\u2019 interconectados que orbitam a Biblioteca Universit\u00e1ria. Textos, depoimentos, fotografias e objetos sobre a hist\u00f3ria desses \u2018planetas\u2019 s\u00e3o envoltos na narrativa metaf\u00f3rica da exposi\u00e7\u00e3o e resgatam o fio da mem\u00f3ria do Sistema que os conecta.<\/p>\n<p style=\"text-align:justify;\">Na abertura da mostra, Wellington Mar\u00e7al de Carvalho, diretor da Biblioteca Universit\u00e1ria (BU), Carla Pedrosa, jornalista da BU, e Marcelo Borges, professor da Escola de Belas Artes, ressaltaram a import\u00e2ncia do trabalho em equipe para viabilizar a exposi\u00e7\u00e3o.<\/p>\n<p style=\"text-align:justify;\">No que se refere \u00e0 Biblioteca da Escola de Belas Artes &#8211; EBA, foram expostos os slides (diapositivos), que fizeram parte de seu acervo. Estes\u00a0slides foram\u00a0amplamente utilizados por professores e alunos durante\u00a0as\u00a0tr\u00eas\u00a0\u00faltimas\u00a0d\u00e9cadas\u00a0do s\u00e9culo XX. Atualmente pouco utilizados,\u00a0foram gradualmente\u00a0substitu\u00eddos\u00a0por outras tecnologias (powerpoint, etc).\u00a0Todavia,\u00a0a falta de\u00a0fidelidade de cores\u00a0(percebida ou imaginada) na m\u00eddia digital fizeram\u00a0dos slides um formato\u00a0\u00fanico\u00a0e\u00a0diferenciado. Por essas raz\u00f5es\u00a0os slides\u00a0ainda s\u00e3o\u00a0usados\u00a0por artistas que submetem suas obras a concursos, em exibi\u00e7\u00f5es individuais e em escolas de arte\u00a0devido a toda sua singularidade,\u00a0que,\u00a0inclusive,\u00a0marcou\u00a0uma \u00e9poca. Abaixo, imagens do acervo de slides da biblioteca da EBA :<\/p>\n<p>&nbsp;<\/p>\n<div id='gallery-1' class='gallery galleryid-4874 gallery-columns-3 gallery-size-thumbnail'><figure class='gallery-item'>\n\t\t\t<div class='gallery-icon portrait'>\n\t\t\t\t<a href='https:\/\/bibliobelas.eba.ufmg.br\/index.php\/2017\/07\/biblioteca-da-eba-participa-da-exposicao-uma-viagem-interplanetaria-pelo-sistema-de-bibliotecas-da-ufmg\/slides\/'><img loading=\"lazy\" decoding=\"async\" width=\"150\" height=\"150\" src=\"https:\/\/bibliobelas.eba.ufmg.br\/wp-content\/uploads\/2017\/07\/slides-150x150.jpg\" class=\"attachment-thumbnail size-thumbnail\" alt=\"\" aria-describedby=\"gallery-1-4896\" \/><\/a>\n\t\t\t<\/div>\n\t\t\t\t<figcaption class='wp-caption-text gallery-caption' id='gallery-1-4896'>\n\t\t\t\tSlide da cole\u00e7\u00e3o tem\u00e1tica de arquitetura do s\u00e9culo XX\n\t\t\t\t<\/figcaption><\/figure><figure class='gallery-item'>\n\t\t\t<div class='gallery-icon landscape'>\n\t\t\t\t<a href='https:\/\/bibliobelas.eba.ufmg.br\/index.php\/2017\/07\/biblioteca-da-eba-participa-da-exposicao-uma-viagem-interplanetaria-pelo-sistema-de-bibliotecas-da-ufmg\/20170718_154122\/'><img loading=\"lazy\" decoding=\"async\" width=\"150\" height=\"150\" src=\"https:\/\/bibliobelas.eba.ufmg.br\/wp-content\/uploads\/2017\/07\/20170718_154122-150x150.jpg\" class=\"attachment-thumbnail size-thumbnail\" alt=\"\" aria-describedby=\"gallery-1-4892\" \/><\/a>\n\t\t\t<\/div>\n\t\t\t\t<figcaption class='wp-caption-text gallery-caption' id='gallery-1-4892'>\n\t\t\t\t\u00c1lbum de slides\n\t\t\t\t<\/figcaption><\/figure><figure class='gallery-item'>\n\t\t\t<div class='gallery-icon portrait'>\n\t\t\t\t<a href='https:\/\/bibliobelas.eba.ufmg.br\/index.php\/2017\/07\/biblioteca-da-eba-participa-da-exposicao-uma-viagem-interplanetaria-pelo-sistema-de-bibliotecas-da-ufmg\/20170718_152205\/'><img loading=\"lazy\" decoding=\"async\" width=\"150\" height=\"150\" src=\"https:\/\/bibliobelas.eba.ufmg.br\/wp-content\/uploads\/2017\/07\/20170718_152205-150x150.jpg\" class=\"attachment-thumbnail size-thumbnail\" alt=\"\" aria-describedby=\"gallery-1-4888\" \/><\/a>\n\t\t\t<\/div>\n\t\t\t\t<figcaption class='wp-caption-text gallery-caption' id='gallery-1-4888'>\n\t\t\t\t\u00c1lbum de slides\n\t\t\t\t<\/figcaption><\/figure><figure class='gallery-item'>\n\t\t\t<div class='gallery-icon landscape'>\n\t\t\t\t<a href='https:\/\/bibliobelas.eba.ufmg.br\/index.php\/2017\/07\/biblioteca-da-eba-participa-da-exposicao-uma-viagem-interplanetaria-pelo-sistema-de-bibliotecas-da-ufmg\/20170718_153843\/'><img loading=\"lazy\" decoding=\"async\" width=\"150\" height=\"150\" src=\"https:\/\/bibliobelas.eba.ufmg.br\/wp-content\/uploads\/2017\/07\/20170718_153843-150x150.jpg\" class=\"attachment-thumbnail size-thumbnail\" alt=\"\" aria-describedby=\"gallery-1-4889\" \/><\/a>\n\t\t\t<\/div>\n\t\t\t\t<figcaption class='wp-caption-text gallery-caption' id='gallery-1-4889'>\n\t\t\t\tSlides da cole\u00e7\u00e3o tem\u00e1tica de pinturas do s\u00e9culo XX\n\t\t\t\t<\/figcaption><\/figure><figure class='gallery-item'>\n\t\t\t<div class='gallery-icon landscape'>\n\t\t\t\t<a href='https:\/\/bibliobelas.eba.ufmg.br\/index.php\/2017\/07\/biblioteca-da-eba-participa-da-exposicao-uma-viagem-interplanetaria-pelo-sistema-de-bibliotecas-da-ufmg\/20170718_154027\/'><img loading=\"lazy\" decoding=\"async\" width=\"150\" height=\"150\" src=\"https:\/\/bibliobelas.eba.ufmg.br\/wp-content\/uploads\/2017\/07\/20170718_154027-150x150.jpg\" class=\"attachment-thumbnail size-thumbnail\" alt=\"\" aria-describedby=\"gallery-1-4890\" \/><\/a>\n\t\t\t<\/div>\n\t\t\t\t<figcaption class='wp-caption-text gallery-caption' id='gallery-1-4890'>\n\t\t\t\t\u00c1lbum de slides\n\t\t\t\t<\/figcaption><\/figure><figure class='gallery-item'>\n\t\t\t<div class='gallery-icon landscape'>\n\t\t\t\t<a href='https:\/\/bibliobelas.eba.ufmg.br\/index.php\/2017\/07\/biblioteca-da-eba-participa-da-exposicao-uma-viagem-interplanetaria-pelo-sistema-de-bibliotecas-da-ufmg\/20170718_155037\/'><img loading=\"lazy\" decoding=\"async\" width=\"150\" height=\"150\" src=\"https:\/\/bibliobelas.eba.ufmg.br\/wp-content\/uploads\/2017\/07\/20170718_155037-150x150.jpg\" class=\"attachment-thumbnail size-thumbnail\" alt=\"\" aria-describedby=\"gallery-1-4893\" \/><\/a>\n\t\t\t<\/div>\n\t\t\t\t<figcaption class='wp-caption-text gallery-caption' id='gallery-1-4893'>\n\t\t\t\tArquivo de slides\n\t\t\t\t<\/figcaption><\/figure><figure class='gallery-item'>\n\t\t\t<div class='gallery-icon landscape'>\n\t\t\t\t<a href='https:\/\/bibliobelas.eba.ufmg.br\/index.php\/2017\/07\/biblioteca-da-eba-participa-da-exposicao-uma-viagem-interplanetaria-pelo-sistema-de-bibliotecas-da-ufmg\/20170718_155408\/'><img loading=\"lazy\" decoding=\"async\" width=\"150\" height=\"150\" src=\"https:\/\/bibliobelas.eba.ufmg.br\/wp-content\/uploads\/2017\/07\/20170718_155408-150x150.jpg\" class=\"attachment-thumbnail size-thumbnail\" alt=\"\" aria-describedby=\"gallery-1-4894\" \/><\/a>\n\t\t\t<\/div>\n\t\t\t\t<figcaption class='wp-caption-text gallery-caption' id='gallery-1-4894'>\n\t\t\t\tSlides tem\u00e1ticos da cole\u00e7\u00e3o do MASP\n\t\t\t\t<\/figcaption><\/figure><figure class='gallery-item'>\n\t\t\t<div class='gallery-icon portrait'>\n\t\t\t\t<a href='https:\/\/bibliobelas.eba.ufmg.br\/index.php\/2017\/07\/biblioteca-da-eba-participa-da-exposicao-uma-viagem-interplanetaria-pelo-sistema-de-bibliotecas-da-ufmg\/slides-copia\/'><img loading=\"lazy\" decoding=\"async\" width=\"150\" height=\"150\" src=\"https:\/\/bibliobelas.eba.ufmg.br\/wp-content\/uploads\/2017\/07\/slides-copia-150x150.jpg\" class=\"attachment-thumbnail size-thumbnail\" alt=\"\" aria-describedby=\"gallery-1-4895\" srcset=\"https:\/\/bibliobelas.eba.ufmg.br\/wp-content\/uploads\/2017\/07\/slides-copia-150x150.jpg 150w, https:\/\/bibliobelas.eba.ufmg.br\/wp-content\/uploads\/2017\/07\/slides-copia-298x300.jpg 298w, https:\/\/bibliobelas.eba.ufmg.br\/wp-content\/uploads\/2017\/07\/slides-copia.jpg 397w\" sizes=\"auto, (max-width: 150px) 100vw, 150px\" \/><\/a>\n\t\t\t<\/div>\n\t\t\t\t<figcaption class='wp-caption-text gallery-caption' id='gallery-1-4895'>\n\t\t\t\tSlide da cole\u00e7\u00e3o tem\u00e1tica de arquitetura do s\u00e9culo XX\n\t\t\t\t<\/figcaption><\/figure><figure class='gallery-item'>\n\t\t\t<div class='gallery-icon landscape'>\n\t\t\t\t<a href='https:\/\/bibliobelas.eba.ufmg.br\/index.php\/2017\/07\/biblioteca-da-eba-participa-da-exposicao-uma-viagem-interplanetaria-pelo-sistema-de-bibliotecas-da-ufmg\/20170718_154053\/'><img loading=\"lazy\" decoding=\"async\" width=\"150\" height=\"150\" src=\"https:\/\/bibliobelas.eba.ufmg.br\/wp-content\/uploads\/2017\/07\/20170718_154053-150x150.jpg\" class=\"attachment-thumbnail size-thumbnail\" alt=\"\" aria-describedby=\"gallery-1-4891\" \/><\/a>\n\t\t\t<\/div>\n\t\t\t\t<figcaption class='wp-caption-text gallery-caption' id='gallery-1-4891'>\n\t\t\t\t\u00c1lbum de slides\n\t\t\t\t<\/figcaption><\/figure>\n\t\t<\/div>\n\n<p>&nbsp;<\/p>\n<p style=\"text-align:justify;\">Estiveram presentes na solenidade, a vice-reitora Sandra Regina Goulart Almeida; Benigna Maria de Oliveira, pr\u00f3-reitora de extens\u00e3o; An\u00e1lia Gandini Pontelo, vice-diretora da Biblioteca Universit\u00e1ria; todos os integrantes do grupo respons\u00e1vel pela curadoria e expografia; bibliotec\u00e1rios da UFMG; servidores e alunos da Universidade, al\u00e9m de participantes da 69\u00aa Reuni\u00e3o Anual da Sociedade Brasileira para o Progresso da Ci\u00eancia (SBPC), que visitavam o pr\u00e9dio da Reitoria.<\/p>\n<figure style=\"width: 720px\" class=\"wp-caption alignnone\"><img loading=\"lazy\" decoding=\"async\" class=\"cke-resize cke-resize\" src=\"https:\/\/www.bu.ufmg.br\/bu\/images\/IMG_0744.JPG\" alt=\"\" width=\"720\" height=\"540\" \/><figcaption class=\"wp-caption-text\"><strong>Da esq. para a dir.:\u00a0<\/strong>An\u00e1lia Gandini Pontelo (vice-diretora da BU), L\u00edvia Ara\u00fajo, \u00a0Marcelo Borges, Rita Davis, Dayane Gomes, Carla Pedrosa (equipe respons\u00e1vel\u00a0pela curadoria e expografia), Wellington Marcal de Carvalho (diretor da BU)<\/figcaption><\/figure>\n<p>A exposi\u00e7\u00e3o &#8220;Uma viagem interplanet\u00e1ria pelo Sistema de Bibliotecas&#8221; est\u00e1 em cartaz at\u00e9 o dia 8 de setembro e pode ser visitada no mezanino da Reitoria da UFMG, de segunda a sexta-feira, das 6h \u00e0s 18h.<\/p>\n<p>&nbsp;<\/p>\n","protected":false},"excerpt":{"rendered":"<p>Quem compareceu ao mezanino da Reitoria da UFMG, na manh\u00e3 desta segunda-feira (17), p\u00f4de participar do primeiro &#8216;embarque&#8217; em &#8220;Uma viagem interplanet\u00e1ria pelo Sistema de Bibliotecas&#8221;, exposi\u00e7\u00e3o que\u00a0conta, de maneira metaf\u00f3rica, a hist\u00f3ria das 25 bibliotecas da Universidade Federal de Minas Gerais. Tendo como refer\u00eancia o Sistema Solar, composto por uma variedade de planetas e &hellip; <a href=\"https:\/\/bibliobelas.eba.ufmg.br\/index.php\/2017\/07\/biblioteca-da-eba-participa-da-exposicao-uma-viagem-interplanetaria-pelo-sistema-de-bibliotecas-da-ufmg\/\" class=\"more-link\">Continue lendo <span class=\"screen-reader-text\">Biblioteca da EBA participa da exposi\u00e7\u00e3o &#8220;Uma viagem interplanet\u00e1ria pelo Sistema de Bibliotecas da UFMG&#8221;<\/span> <span class=\"meta-nav\">&rarr;<\/span><\/a><\/p>\n","protected":false},"author":1,"featured_media":0,"comment_status":"open","ping_status":"open","sticky":false,"template":"","format":"standard","meta":{"footnotes":""},"categories":[2],"tags":[],"class_list":["post-4874","post","type-post","status-publish","format-standard","hentry","category-postagens"],"_links":{"self":[{"href":"https:\/\/bibliobelas.eba.ufmg.br\/index.php\/wp-json\/wp\/v2\/posts\/4874","targetHints":{"allow":["GET"]}}],"collection":[{"href":"https:\/\/bibliobelas.eba.ufmg.br\/index.php\/wp-json\/wp\/v2\/posts"}],"about":[{"href":"https:\/\/bibliobelas.eba.ufmg.br\/index.php\/wp-json\/wp\/v2\/types\/post"}],"author":[{"embeddable":true,"href":"https:\/\/bibliobelas.eba.ufmg.br\/index.php\/wp-json\/wp\/v2\/users\/1"}],"replies":[{"embeddable":true,"href":"https:\/\/bibliobelas.eba.ufmg.br\/index.php\/wp-json\/wp\/v2\/comments?post=4874"}],"version-history":[{"count":0,"href":"https:\/\/bibliobelas.eba.ufmg.br\/index.php\/wp-json\/wp\/v2\/posts\/4874\/revisions"}],"wp:attachment":[{"href":"https:\/\/bibliobelas.eba.ufmg.br\/index.php\/wp-json\/wp\/v2\/media?parent=4874"}],"wp:term":[{"taxonomy":"category","embeddable":true,"href":"https:\/\/bibliobelas.eba.ufmg.br\/index.php\/wp-json\/wp\/v2\/categories?post=4874"},{"taxonomy":"post_tag","embeddable":true,"href":"https:\/\/bibliobelas.eba.ufmg.br\/index.php\/wp-json\/wp\/v2\/tags?post=4874"}],"curies":[{"name":"wp","href":"https:\/\/api.w.org\/{rel}","templated":true}]}}