{"id":4917,"date":"2017-07-31T16:23:52","date_gmt":"2017-07-31T18:23:52","guid":{"rendered":"https:\/\/bibliobelas.wordpress.com\/?p=4917"},"modified":"2017-07-31T16:23:52","modified_gmt":"2017-07-31T18:23:52","slug":"biblioteca-central-apresenta-livros-de-artista-na-forma-de-catalogos-de-exposicao","status":"publish","type":"post","link":"https:\/\/bibliobelas.eba.ufmg.br\/index.php\/2017\/07\/biblioteca-central-apresenta-livros-de-artista-na-forma-de-catalogos-de-exposicao\/","title":{"rendered":"Biblioteca Central apresenta livros de artista na forma de cat\u00e1logos de exposi\u00e7\u00e3o"},"content":{"rendered":"<p style=\"text-align:right;\">Carla Pedrosa<\/p>\n<p style=\"text-align:justify;\">Exposi\u00e7\u00e3o Impressa \u00e9 o t\u00edtulo da mostra cujas obras de arte expostas n\u00e3o ocupam as paredes de uma galeria, e sim as p\u00e1ginas de um livro. Essa modalidade de exposi\u00e7\u00e3o, realizada pela primeira vez pelo galerista nova-iorquino Seth Siegelaub, ser\u00e1 reproduzida na Divis\u00e3o de Cole\u00e7\u00f5es Especiais e Obras Raras da UFMG, no quarto andar da Biblioteca Central.<\/p>\n<p>&nbsp;<\/p>\n<p style=\"text-align:justify;\">Os visitantes poder\u00e3o conferir reedi\u00e7\u00f5es de obras de arte conceituais da d\u00e9cada de 1960 e outros livros de artista que pertencem ao acervo da Escola de Belas Artes da UFMG. \u201cOs livros da mostra s\u00e3o, ao mesmo tempo, cat\u00e1logos de exposi\u00e7\u00e3o e livros de artista. Em alguns deles, os artistas fizeram uma transposi\u00e7\u00e3o gr\u00e1fica das obras para o papel, criando uma obra nova\u201d, explica Amir Brito, curador da mostra.<\/p>\n<figure style=\"width: 584px\" class=\"wp-caption alignnone\"><img loading=\"lazy\" decoding=\"async\" src=\"https:\/\/www.bu.ufmg.br\/bu\/images\/cavellini-1975-8_AMIR_BRITO.jpg\" alt=\"\" width=\"584\" height=\"431\" \/><figcaption class=\"wp-caption-text\">Fotos do\u00a0<a title=\"\" href=\"https:\/\/colecaolivrodeartista.wordpress.com\/category\/catalogo\/\" target=\"_blank\" rel=\"noopener\"><em>site<\/em><\/a><em>\u00a0<\/em>da Cole\u00e7\u00e3o de Artista da UFMG<\/figcaption><\/figure>\n<figure style=\"width: 584px\" class=\"wp-caption alignnone\"><img loading=\"lazy\" decoding=\"async\" src=\"https:\/\/www.bu.ufmg.br\/bu\/images\/cavellini-1975-9_AMIR_BRITO.jpg\" alt=\"\" width=\"584\" height=\"436\" \/><figcaption class=\"wp-caption-text\"><em><strong>Continuo la serie delle mie mostre a domicilio\u00a0<\/strong><\/em>(Cavellini, 1975).\u00a0<\/figcaption><\/figure>\n<p>&nbsp;<\/p>\n<p>Ser\u00e3o apresentadas \u201cexposi\u00e7\u00f5es impressas\u201d de vinte e quatro artistas. Entre elas, as do franc\u00eas Hubert Renard e do italiano Guglielmo Achille Cavellini, que questionam a pr\u00f3pria ideia do que \u00e9 uma exposi\u00e7\u00e3o. \u201cHubert Renard coloca em evid\u00eancia tudo o que envolve a realiza\u00e7\u00e3o de uma mostra, por meio da cria\u00e7\u00e3o de um cat\u00e1logo de uma exposi\u00e7\u00e3o fict\u00edcia, que nunca aconteceu, pois a galeria de arte n\u00e3o existe. J\u00e1 Guglielmo Achille Cavellini dizia realizar \u201cmostras em domic\u00edlio\u201d, em que o cat\u00e1logo era enviado para o endere\u00e7o das pessoas interessadas em visitar a mostra\u201d, conta Amir.<\/p>\n<p style=\"text-align:justify;\">A mostra Exposi\u00e7\u00e3o Impressa estar\u00e1 em cartaz no quarto andar da Biblioteca Central de 02 de agosto a 15 de setembro e poder\u00e1 ser visitada de segunda a sexta-feira, das 7h30 \u00e0s 22h. Fotografias de algumas das obras que ser\u00e3o expostas podem ser conferidas no site da Cole\u00e7\u00e3o de Artista da UFMG.<\/p>\n","protected":false},"excerpt":{"rendered":"<p>Carla Pedrosa Exposi\u00e7\u00e3o Impressa \u00e9 o t\u00edtulo da mostra cujas obras de arte expostas n\u00e3o ocupam as paredes de uma galeria, e sim as p\u00e1ginas de um livro. Essa modalidade de exposi\u00e7\u00e3o, realizada pela primeira vez pelo galerista nova-iorquino Seth Siegelaub, ser\u00e1 reproduzida na Divis\u00e3o de Cole\u00e7\u00f5es Especiais e Obras Raras da UFMG, no quarto &hellip; <a href=\"https:\/\/bibliobelas.eba.ufmg.br\/index.php\/2017\/07\/biblioteca-central-apresenta-livros-de-artista-na-forma-de-catalogos-de-exposicao\/\" class=\"more-link\">Continue lendo <span class=\"screen-reader-text\">Biblioteca Central apresenta livros de artista na forma de cat\u00e1logos de exposi\u00e7\u00e3o<\/span> <span class=\"meta-nav\">&rarr;<\/span><\/a><\/p>\n","protected":false},"author":1,"featured_media":0,"comment_status":"open","ping_status":"open","sticky":false,"template":"","format":"standard","meta":{"footnotes":""},"categories":[2],"tags":[66,92,135],"class_list":["post-4917","post","type-post","status-publish","format-standard","hentry","category-postagens","tag-exposicoes-de-arte","tag-livro-de-artista","tag-ufmg"],"_links":{"self":[{"href":"https:\/\/bibliobelas.eba.ufmg.br\/index.php\/wp-json\/wp\/v2\/posts\/4917","targetHints":{"allow":["GET"]}}],"collection":[{"href":"https:\/\/bibliobelas.eba.ufmg.br\/index.php\/wp-json\/wp\/v2\/posts"}],"about":[{"href":"https:\/\/bibliobelas.eba.ufmg.br\/index.php\/wp-json\/wp\/v2\/types\/post"}],"author":[{"embeddable":true,"href":"https:\/\/bibliobelas.eba.ufmg.br\/index.php\/wp-json\/wp\/v2\/users\/1"}],"replies":[{"embeddable":true,"href":"https:\/\/bibliobelas.eba.ufmg.br\/index.php\/wp-json\/wp\/v2\/comments?post=4917"}],"version-history":[{"count":0,"href":"https:\/\/bibliobelas.eba.ufmg.br\/index.php\/wp-json\/wp\/v2\/posts\/4917\/revisions"}],"wp:attachment":[{"href":"https:\/\/bibliobelas.eba.ufmg.br\/index.php\/wp-json\/wp\/v2\/media?parent=4917"}],"wp:term":[{"taxonomy":"category","embeddable":true,"href":"https:\/\/bibliobelas.eba.ufmg.br\/index.php\/wp-json\/wp\/v2\/categories?post=4917"},{"taxonomy":"post_tag","embeddable":true,"href":"https:\/\/bibliobelas.eba.ufmg.br\/index.php\/wp-json\/wp\/v2\/tags?post=4917"}],"curies":[{"name":"wp","href":"https:\/\/api.w.org\/{rel}","templated":true}]}}