{"id":5276,"date":"2019-04-12T12:10:01","date_gmt":"2019-04-12T14:10:01","guid":{"rendered":"https:\/\/bibliobelas.wordpress.com\/?p=5276"},"modified":"2019-04-12T12:10:01","modified_gmt":"2019-04-12T14:10:01","slug":"livros-sobre-africa-colecao-especial-bu-ufmg","status":"publish","type":"post","link":"https:\/\/bibliobelas.eba.ufmg.br\/index.php\/2019\/04\/livros-sobre-africa-colecao-especial-bu-ufmg\/","title":{"rendered":"Livros sobre \u00c1frica &#8211; Cole\u00e7\u00e3o Especial  BU-UFMG"},"content":{"rendered":"\n<p>A UFMG recebeu, na \u00faltima semana, doa\u00e7\u00e3o de 666 obras sobre a \u00c1frica, em \u00e1reas como hist\u00f3ria, economia, pol\u00edtica, antropologia, geografia, cinema e literatura. Os livros t\u00eam origem no extinto Instituto de Investiga\u00e7\u00f5es Cient\u00edficas Tropicais (IICT), de Portugal, e passam a integrar as Cole\u00e7\u00f5es Especiais da Biblioteca Universit\u00e1ria.<\/p>\n\n\n\n<p>A grande maioria dos livros rec\u00e9m-chegados \u00e9 escrita em portugu\u00eas, mas h\u00e1 volumes em outros idiomas. O material inclui, ainda, fontes prim\u00e1rias para Hist\u00f3ria da \u00c1frica, como correspond\u00eancias e outros documentos do s\u00e9culo 15 ao 18, referentes \u00e0 administra\u00e7\u00e3o portuguesa dos territ\u00f3rios da costa ocidental africana.<\/p>\n\n\n\n<p>A doa\u00e7\u00e3o amplia a cole\u00e7\u00e3o sobre a \u00c1frica na UFMG, iniciada pelo Centro de Estudos Africanos. O acervo passa a contar com cerca de 1.300 volumes, boa parte deles adquirida nos \u00faltimos anos de editoras de Mo\u00e7ambique e Angola. Os livros podem ser consultados em sala do 4\u00ba andar da Biblioteca Central, no campus Pampulha.<\/p>\n","protected":false},"excerpt":{"rendered":"<p>A UFMG recebeu, na \u00faltima semana, doa\u00e7\u00e3o de 666 obras sobre a \u00c1frica, em \u00e1reas como hist\u00f3ria, economia, pol\u00edtica, antropologia, geografia, cinema e literatura. Os livros t\u00eam origem no extinto Instituto de Investiga\u00e7\u00f5es Cient\u00edficas Tropicais (IICT), de Portugal, e passam a integrar as Cole\u00e7\u00f5es Especiais da Biblioteca Universit\u00e1ria. A grande maioria dos livros rec\u00e9m-chegados \u00e9 &hellip; <a href=\"https:\/\/bibliobelas.eba.ufmg.br\/index.php\/2019\/04\/livros-sobre-africa-colecao-especial-bu-ufmg\/\" class=\"more-link\">Continue lendo <span class=\"screen-reader-text\">Livros sobre \u00c1frica &#8211; Cole\u00e7\u00e3o Especial  BU-UFMG<\/span> <span class=\"meta-nav\">&rarr;<\/span><\/a><\/p>\n","protected":false},"author":1,"featured_media":0,"comment_status":"open","ping_status":"open","sticky":false,"template":"","format":"standard","meta":{"footnotes":""},"categories":[2],"tags":[31,32,47,91],"class_list":["post-5276","post","type-post","status-publish","format-standard","hentry","category-postagens","tag-africa-historia","tag-africa-literatura","tag-colecoes-especiais-bu","tag-literatura-cientifica"],"_links":{"self":[{"href":"https:\/\/bibliobelas.eba.ufmg.br\/index.php\/wp-json\/wp\/v2\/posts\/5276","targetHints":{"allow":["GET"]}}],"collection":[{"href":"https:\/\/bibliobelas.eba.ufmg.br\/index.php\/wp-json\/wp\/v2\/posts"}],"about":[{"href":"https:\/\/bibliobelas.eba.ufmg.br\/index.php\/wp-json\/wp\/v2\/types\/post"}],"author":[{"embeddable":true,"href":"https:\/\/bibliobelas.eba.ufmg.br\/index.php\/wp-json\/wp\/v2\/users\/1"}],"replies":[{"embeddable":true,"href":"https:\/\/bibliobelas.eba.ufmg.br\/index.php\/wp-json\/wp\/v2\/comments?post=5276"}],"version-history":[{"count":0,"href":"https:\/\/bibliobelas.eba.ufmg.br\/index.php\/wp-json\/wp\/v2\/posts\/5276\/revisions"}],"wp:attachment":[{"href":"https:\/\/bibliobelas.eba.ufmg.br\/index.php\/wp-json\/wp\/v2\/media?parent=5276"}],"wp:term":[{"taxonomy":"category","embeddable":true,"href":"https:\/\/bibliobelas.eba.ufmg.br\/index.php\/wp-json\/wp\/v2\/categories?post=5276"},{"taxonomy":"post_tag","embeddable":true,"href":"https:\/\/bibliobelas.eba.ufmg.br\/index.php\/wp-json\/wp\/v2\/tags?post=5276"}],"curies":[{"name":"wp","href":"https:\/\/api.w.org\/{rel}","templated":true}]}}