{"id":5418,"date":"2019-08-12T18:15:00","date_gmt":"2019-08-12T20:15:00","guid":{"rendered":"https:\/\/bibliobelas.wordpress.com\/?p=5418"},"modified":"2019-08-12T18:15:00","modified_gmt":"2019-08-12T20:15:00","slug":"paralisacao-13-de-agosto","status":"publish","type":"post","link":"https:\/\/bibliobelas.eba.ufmg.br\/index.php\/2019\/08\/paralisacao-13-de-agosto\/","title":{"rendered":"Paralisa\u00e7\u00e3o 13 de agosto"},"content":{"rendered":"\n<p>Comunicamos que no dia 13 de agosto, ter\u00e7a-feira, a Biblioteca da Escola de Belas Artes estar\u00e1 fechada.<br><br> Os servidores participar\u00e3o, seguindo orienta\u00e7\u00f5es do sindicato da categoria,  do <strong>Dia Nacional de Mobiliza\u00e7\u00e3o, Paralisa\u00e7\u00f5es, Assembleias e Greves Contra a Reforma da Previd\u00eancia, em Defesa da Educa\u00e7\u00e3o P\u00fablica e por Empregos<\/strong>. Convidamos toda a comunidade usu\u00e1ria a participar dos atos. <br><br><br> Os servi\u00e7os retornar\u00e3o normalmente na quarta-feira, dia 14 de agosto. <br><\/p>\n\n\n\n<figure class=\"wp-block-image\"><img loading=\"lazy\" decoding=\"async\" width=\"1200\" height=\"1200\" src=\"https:\/\/bibliobelas.eba.ufmg.br\/wp-content\/uploads\/2019\/08\/13_agosto-9_-15hs.jpeg\" alt=\"\" class=\"wp-image-5419\" srcset=\"https:\/\/bibliobelas.eba.ufmg.br\/wp-content\/uploads\/2019\/08\/13_agosto-9_-15hs.jpeg 1200w, https:\/\/bibliobelas.eba.ufmg.br\/wp-content\/uploads\/2019\/08\/13_agosto-9_-15hs-300x300.jpeg 300w, https:\/\/bibliobelas.eba.ufmg.br\/wp-content\/uploads\/2019\/08\/13_agosto-9_-15hs-1024x1024.jpeg 1024w, https:\/\/bibliobelas.eba.ufmg.br\/wp-content\/uploads\/2019\/08\/13_agosto-9_-15hs-150x150.jpeg 150w, https:\/\/bibliobelas.eba.ufmg.br\/wp-content\/uploads\/2019\/08\/13_agosto-9_-15hs-768x768.jpeg 768w\" sizes=\"auto, (max-width: 1200px) 100vw, 1200px\" \/><\/figure>\n","protected":false},"excerpt":{"rendered":"<p>Comunicamos que no dia 13 de agosto, ter\u00e7a-feira, a Biblioteca da Escola de Belas Artes estar\u00e1 fechada. Os servidores participar\u00e3o, seguindo orienta\u00e7\u00f5es do sindicato da categoria, do Dia Nacional de Mobiliza\u00e7\u00e3o, Paralisa\u00e7\u00f5es, Assembleias e Greves Contra a Reforma da Previd\u00eancia, em Defesa da Educa\u00e7\u00e3o P\u00fablica e por Empregos. Convidamos toda a comunidade usu\u00e1ria a participar &hellip; <a href=\"https:\/\/bibliobelas.eba.ufmg.br\/index.php\/2019\/08\/paralisacao-13-de-agosto\/\" class=\"more-link\">Continue lendo <span class=\"screen-reader-text\">Paralisa\u00e7\u00e3o 13 de agosto<\/span> <span class=\"meta-nav\">&rarr;<\/span><\/a><\/p>\n","protected":false},"author":1,"featured_media":0,"comment_status":"open","ping_status":"open","sticky":false,"template":"","format":"standard","meta":{"footnotes":""},"categories":[2],"tags":[],"class_list":["post-5418","post","type-post","status-publish","format-standard","hentry","category-postagens"],"_links":{"self":[{"href":"https:\/\/bibliobelas.eba.ufmg.br\/index.php\/wp-json\/wp\/v2\/posts\/5418","targetHints":{"allow":["GET"]}}],"collection":[{"href":"https:\/\/bibliobelas.eba.ufmg.br\/index.php\/wp-json\/wp\/v2\/posts"}],"about":[{"href":"https:\/\/bibliobelas.eba.ufmg.br\/index.php\/wp-json\/wp\/v2\/types\/post"}],"author":[{"embeddable":true,"href":"https:\/\/bibliobelas.eba.ufmg.br\/index.php\/wp-json\/wp\/v2\/users\/1"}],"replies":[{"embeddable":true,"href":"https:\/\/bibliobelas.eba.ufmg.br\/index.php\/wp-json\/wp\/v2\/comments?post=5418"}],"version-history":[{"count":0,"href":"https:\/\/bibliobelas.eba.ufmg.br\/index.php\/wp-json\/wp\/v2\/posts\/5418\/revisions"}],"wp:attachment":[{"href":"https:\/\/bibliobelas.eba.ufmg.br\/index.php\/wp-json\/wp\/v2\/media?parent=5418"}],"wp:term":[{"taxonomy":"category","embeddable":true,"href":"https:\/\/bibliobelas.eba.ufmg.br\/index.php\/wp-json\/wp\/v2\/categories?post=5418"},{"taxonomy":"post_tag","embeddable":true,"href":"https:\/\/bibliobelas.eba.ufmg.br\/index.php\/wp-json\/wp\/v2\/tags?post=5418"}],"curies":[{"name":"wp","href":"https:\/\/api.w.org\/{rel}","templated":true}]}}