{"id":7350,"date":"2022-08-19T13:43:35","date_gmt":"2022-08-19T16:43:35","guid":{"rendered":"https:\/\/bibliobelas.eba.ufmg.br\/?p=7350"},"modified":"2022-08-22T18:33:22","modified_gmt":"2022-08-22T21:33:22","slug":"ii-festival-de-teatro-negro-da-ufmg","status":"publish","type":"post","link":"https:\/\/bibliobelas.eba.ufmg.br\/index.php\/2022\/08\/ii-festival-de-teatro-negro-da-ufmg\/","title":{"rendered":"II Festival de Teatro Negro da UFMG"},"content":{"rendered":"\n<p>O Teatro Universit\u00e1rio convida todos os estudantes a acompanharem a programa\u00e7\u00e3o do <strong><em>II Festival de Teatro Negro da UFMG, <\/em>que acontecer\u00e1 entre os dias 24 a 31 de agosto de 2022.<\/strong><\/p>\n\n\n\n<figure class=\"wp-block-image size-large\"><img loading=\"lazy\" decoding=\"async\" width=\"724\" height=\"1024\" src=\"https:\/\/bibliobelas.eba.ufmg.br\/wp-content\/uploads\/2022\/08\/CARTA-CONVITE-2-724x1024.png\" alt=\"\" class=\"wp-image-7351\" srcset=\"https:\/\/bibliobelas.eba.ufmg.br\/wp-content\/uploads\/2022\/08\/CARTA-CONVITE-2-724x1024.png 724w, https:\/\/bibliobelas.eba.ufmg.br\/wp-content\/uploads\/2022\/08\/CARTA-CONVITE-2-212x300.png 212w, https:\/\/bibliobelas.eba.ufmg.br\/wp-content\/uploads\/2022\/08\/CARTA-CONVITE-2-768x1086.png 768w, https:\/\/bibliobelas.eba.ufmg.br\/wp-content\/uploads\/2022\/08\/CARTA-CONVITE-2-1086x1536.png 1086w, https:\/\/bibliobelas.eba.ufmg.br\/wp-content\/uploads\/2022\/08\/CARTA-CONVITE-2-1448x2048.png 1448w\" sizes=\"auto, (max-width: 724px) 100vw, 724px\" \/><\/figure>\n\n\n\n<p>Acesse a Programa\u00e7\u00e3o completa do Festival:<\/p>\n\n\n\n<div data-wp-interactive=\"core\/file\" class=\"wp-block-file\"><object data-wp-bind--hidden=\"!state.hasPdfPreview\" hidden class=\"wp-block-file__embed\" data=\"https:\/\/bibliobelas.eba.ufmg.br\/wp-content\/uploads\/2022\/08\/Programacao-FETNE-2022.pdf\" type=\"application\/pdf\" style=\"width:100%;height:600px\" aria-label=\"Incorporado de Incorporado de Programacao-FETNE-2022..\"><\/object><a id=\"wp-block-file--media-b0188935-f7bb-4b3d-b831-588366690d2a\" href=\"https:\/\/bibliobelas.eba.ufmg.br\/wp-content\/uploads\/2022\/08\/Programacao-FETNE-2022.pdf\">Programacao-FETNE-2022<\/a><a href=\"https:\/\/bibliobelas.eba.ufmg.br\/wp-content\/uploads\/2022\/08\/Programacao-FETNE-2022.pdf\" class=\"wp-block-file__button\" download aria-describedby=\"wp-block-file--media-b0188935-f7bb-4b3d-b831-588366690d2a\">Baixar<\/a><\/div>\n","protected":false},"excerpt":{"rendered":"<p>O Teatro Universit\u00e1rio convida todos os estudantes a acompanharem a programa\u00e7\u00e3o do II Festival de Teatro Negro da UFMG, que acontecer\u00e1 entre os dias 24 a 31 de agosto de 2022. Acesse a Programa\u00e7\u00e3o completa do Festival:<\/p>\n","protected":false},"author":1,"featured_media":0,"comment_status":"open","ping_status":"open","sticky":false,"template":"","format":"standard","meta":{"footnotes":""},"categories":[147],"tags":[],"class_list":["post-7350","post","type-post","status-publish","format-standard","hentry","category-eventos"],"_links":{"self":[{"href":"https:\/\/bibliobelas.eba.ufmg.br\/index.php\/wp-json\/wp\/v2\/posts\/7350","targetHints":{"allow":["GET"]}}],"collection":[{"href":"https:\/\/bibliobelas.eba.ufmg.br\/index.php\/wp-json\/wp\/v2\/posts"}],"about":[{"href":"https:\/\/bibliobelas.eba.ufmg.br\/index.php\/wp-json\/wp\/v2\/types\/post"}],"author":[{"embeddable":true,"href":"https:\/\/bibliobelas.eba.ufmg.br\/index.php\/wp-json\/wp\/v2\/users\/1"}],"replies":[{"embeddable":true,"href":"https:\/\/bibliobelas.eba.ufmg.br\/index.php\/wp-json\/wp\/v2\/comments?post=7350"}],"version-history":[{"count":3,"href":"https:\/\/bibliobelas.eba.ufmg.br\/index.php\/wp-json\/wp\/v2\/posts\/7350\/revisions"}],"predecessor-version":[{"id":7372,"href":"https:\/\/bibliobelas.eba.ufmg.br\/index.php\/wp-json\/wp\/v2\/posts\/7350\/revisions\/7372"}],"wp:attachment":[{"href":"https:\/\/bibliobelas.eba.ufmg.br\/index.php\/wp-json\/wp\/v2\/media?parent=7350"}],"wp:term":[{"taxonomy":"category","embeddable":true,"href":"https:\/\/bibliobelas.eba.ufmg.br\/index.php\/wp-json\/wp\/v2\/categories?post=7350"},{"taxonomy":"post_tag","embeddable":true,"href":"https:\/\/bibliobelas.eba.ufmg.br\/index.php\/wp-json\/wp\/v2\/tags?post=7350"}],"curies":[{"name":"wp","href":"https:\/\/api.w.org\/{rel}","templated":true}]}}