{"id":7901,"date":"2023-09-12T19:27:43","date_gmt":"2023-09-12T22:27:43","guid":{"rendered":"https:\/\/bibliobelas.eba.ufmg.br\/?p=7901"},"modified":"2023-09-12T20:19:08","modified_gmt":"2023-09-12T23:19:08","slug":"17a-primavera-dos-museus","status":"publish","type":"post","link":"https:\/\/bibliobelas.eba.ufmg.br\/index.php\/2023\/09\/17a-primavera-dos-museus\/","title":{"rendered":"17\u00aa Primavera dos Museus"},"content":{"rendered":"<div class=\"wp-block-image\">\n<figure class=\"aligncenter size-full\"><img loading=\"lazy\" decoding=\"async\" width=\"599\" height=\"213\" src=\"https:\/\/bibliobelas.eba.ufmg.br\/wp-content\/uploads\/2023\/09\/primavera-museus-1.png\" alt=\"\" class=\"wp-image-7904\" srcset=\"https:\/\/bibliobelas.eba.ufmg.br\/wp-content\/uploads\/2023\/09\/primavera-museus-1.png 599w, https:\/\/bibliobelas.eba.ufmg.br\/wp-content\/uploads\/2023\/09\/primavera-museus-1-300x107.png 300w\" sizes=\"auto, (max-width: 599px) 100vw, 599px\" \/><\/figure>\n<\/div>\n\n\n<p class=\"has-text-align-justify\"><strong>\u201cMem\u00f3rias e Democracia: pessoas LGBT+, ind\u00edgenas e quilombolas\u201d<\/strong>. Esse \u00e9 o tema da 17\u00aa Primavera dos Museus, evento organizado pelo Instituto Brasileiro de Museus (IBRAM), com atividades em institui\u00e7\u00f5es museol\u00f3gicas de todo o pa\u00eds. Em Belo Horizonte, os cinco museus p\u00fablicos municipais, al\u00e9m da Casa do Baile \u2013 Centro de Refer\u00eancia de Arquitetura, Urbanismo e Design e o Centro de Refer\u00eancia da Cultura Popular e Tradicional Lagoa do Nado, ir\u00e3o integrar o evento com uma ampla agenda de atividades. <strong>As a\u00e7\u00f5es nestes espa\u00e7os acontecem de 14 a 30 de setembro, incluindo visitas educativas, rodas de conversas, exposi\u00e7\u00f5es, a\u00e7\u00f5es de salvaguarda e discuss\u00f5es sobre mem\u00f3ria, shows, oficinas e palestras. Toda a programa\u00e7\u00e3o \u00e9 gratuita e pode ser consultada no Portal Belo Horizonte.<\/strong><\/p>\n\n\n\n<p class=\"has-text-align-justify\">A Primavera dos Museus \u00e9 um evento nacional, que acontece sempre no m\u00eas de setembro, no qual institui\u00e7\u00f5es de todo pa\u00eds desenvolvem programa\u00e7\u00f5es que valorizam seus acervos e seus projetos expositivos, educativos e culturais incentivando a visita\u00e7\u00e3o e a rela\u00e7\u00e3o dos museus com a sociedade. Neste ano a tem\u00e1tica \u201cMem\u00f3rias e Democracia: pessoas LGBT+, ind\u00edgenas e quilombolas\u201d \u00e9 a inspira\u00e7\u00e3o para a realiza\u00e7\u00e3o das atividades. A ideia \u00e9 estimular que os museus, detentores e promotores da mem\u00f3ria, da cultura, e das artes, contribuam para o reconhecimento, a valoriza\u00e7\u00e3o e o protagonismo das pessoas LGBT+, ind\u00edgenas e quilombolas na produ\u00e7\u00e3o das suas pr\u00f3prias mem\u00f3rias.<\/p>\n\n\n\n<p class=\"has-text-align-justify\">A Secret\u00e1ria Municipal de Cultura, Eliane Parreiras, ressalta a import\u00e2ncia que o evento tem para a valoriza\u00e7\u00e3o das institui\u00e7\u00f5es. \u201cA Primavera dos Museus \u00e9 um evento de porte nacional que tem como voca\u00e7\u00e3o aproximar os museus da sociedade, destacando a import\u00e2ncia cultural, educacional e social dessas institui\u00e7\u00f5es. O tema deste ano \u00e9 especialmente relevante por dar o protagonismo necess\u00e1rio aos quilombolas, ind\u00edgenas e pessoas LGBT+. Isso contribui para a promo\u00e7\u00e3o da igualdade, o respeito \u00e0 diversidade e a constru\u00e7\u00e3o de uma sociedade mais justa e inclusiva\u201d, conclui.<\/p>\n\n\n\n<p class=\"has-text-align-justify\">Para Luciana F\u00e9res, Presidente da Funda\u00e7\u00e3o Municipal de Cultura, a Primavera dos Museus desempenha um papel importante na valoriza\u00e7\u00e3o das institui\u00e7\u00f5es museol\u00f3gicas, ao promover o acesso, a educa\u00e7\u00e3o, a inclus\u00e3o e a preserva\u00e7\u00e3o do patrim\u00f4nio cultural. \u201cO p\u00fablico tem a oportunidade de participar de atividades educacionais, como exposi\u00e7\u00f5es, palestras, oficinas e visitas guiadas, o que aumenta a conscientiza\u00e7\u00e3o sobre a import\u00e2ncia dos museus como espa\u00e7os vivos, e de aprendizado e preserva\u00e7\u00e3o da hist\u00f3ria. Tamb\u00e9m \u00e9 importante destacar que a tem\u00e1tica deste ano promove a inclus\u00e3o e a diversidade por meio da representa\u00e7\u00e3o de diferentes grupos \u00e9tnicos, culturais e sociais em suas atividades\u201d, destaca.<\/p>\n\n\n\n<p>Programa\u00e7\u00e3o dos espa\u00e7os municipais<\/p>\n\n\n\n<p class=\"has-text-align-justify\">Museu Hist\u00f3rico Ab\u00edlio Barreto &#8211; MHAB: Um dos destaques do MHAB na programa\u00e7\u00e3o da 17\u00aa Primavera dos Museus ser\u00e1 a inaugura\u00e7\u00e3o da exposi\u00e7\u00e3o \u201cElas &#8211; Quero Ser Vista\u201d, que acontece no dia 19, \u00e0s 18h. A mostra \u00e9 realizada em parceria com o Instituto de Estudos do Desenvolvimento Sustent\u00e1vel \u2013 IEDS, e foi baseada no projeto \u201cElas Cultivam a Lagoinha\u201d, uma iniciativa inovadora que focou na capacita\u00e7\u00e3o e apoio a mulheres, visando a produ\u00e7\u00e3o de alimentos saud\u00e1veis, cria\u00e7\u00e3o de produtos artesanais e participa\u00e7\u00e3o e acesso a atividades culturais.<\/p>\n\n\n\n<p class=\"has-text-align-justify\">A exposi\u00e7\u00e3o apresenta as participantes do projeto como protagonistas de suas hist\u00f3rias. Por meio de personagens por elas constru\u00eddos, expressam novas possibilidades para mulheres que enfrentam a dura realidade das ruas. \u201cElas &#8211; Quero Ser Vista\u201d \u00e9 um convite a todos para mergulhar nas hist\u00f3rias de resili\u00eancia, supera\u00e7\u00e3o e empoderamento dessas mulheres. No mesmo dia, o MHAB inaugura a exposi\u00e7\u00e3o \u201cBH \u00e9 quem? BH \u00e9 n\u00f3is!\u201d, fruto de um projeto de itiner\u00e2ncia pedag\u00f3gica idealizado pelo professor Fabr\u00edcio Seixas e proposto a um grupo de estudantes da Escola Estadual Divina Provid\u00eancia, localizada no Bairro Lindeia. A mostra apresenta fotografias nas quais os estudantes registraram suas viv\u00eancias e percursos.&nbsp;<\/p>\n\n\n\n<p class=\"has-text-align-justify\">Ainda no dia 19, \u00e0s 19h30, o MHAB promove a Roda de Conversa \u201cMem\u00f3rias e Democracia\u201d, com participa\u00e7\u00e3o do professor Luiz Morando, pesquisador da mem\u00f3ria das identidades &nbsp;LGBT+ de Belo Horizonte; M\u00e1rcia Alves, gerente de preven\u00e7\u00e3o da viol\u00eancia em \u00e1reas de vulnerabilidade social, da Secretaria Municipal de Seguran\u00e7a P\u00fablica; Vilmar Souza, diretor do instituto IEDS; Samantha Alves, uma das participantes do projeto \u201cElas Cultivam a Lagoinha\u201d; e Fabricio Seixas, idealizador do projeto \u201cBH \u00e9 Quem? BH \u00e9 N\u00f3is?\u201d. A atividade ir\u00e1 proporcionar um momento de troca de experi\u00eancias entre estes atores, que conversar\u00e3o sobre a\u00e7\u00f5es e desafios relacionados a estas tem\u00e1ticas.<\/p>\n\n\n\n<p class=\"has-text-align-justify\">CRCP: o Centro de Refer\u00eancia da Cultura Popular e Tradicional Lagoa do Nado \u2013 CRCP tem como destaque na Primavera dos Museus o projeto \u201cConversa ao P\u00e9 do Fog\u00e3o: mem\u00f3rias ancestrais e quilombolas\u201d, no dia 20, quarta-feira, \u00e0s 14h. A roda de conversa aborda o respeito \u00e0 diversidade, \u00e0 preserva\u00e7\u00e3o da cultura quilombola e \u00e0 democracia, sem perder de vista a equidade de g\u00eanero. Participam do encontro Gl\u00e1ucia Cristine, representando o Kilombu Souza, e Neusa de Assis Moreira, representando o Kilombu Carolinos.<\/p>\n\n\n\n<p class=\"has-text-align-justify\">Outras atra\u00e7\u00f5es do CRCP tamb\u00e9m ganham destaque, como o show \u201cMeu Pandeiro\u201d, do sambista mineiro Jo\u00e3o Batera e banda, no dia 23, s\u00e1bado, \u00e0s 14h30; al\u00e9m do show Samba de Coco \u201cCoquistas de Tia Toinha\u201d convida o Grupo de Musicalidades Pretas \u201cOs Mavambos\u201d, no domingo, dia 24, \u00e0s 14h. A apresenta\u00e7\u00e3o far\u00e1 um mergulho no universo plural de Cocos, cantos de v\u00e1rias express\u00f5es de Cocos do Nordeste Brasileiro. O grupo \u00e9 formado por 18 artistas, majoritariamente negros, da comunidade LGBT+ e de terreiros de matrizes africanas, que cantam e dan\u00e7am, passeando pelas diversas tonalidades de \u201ccocos dan\u00e7ados\u201d e Cirandas, em di\u00e1logo com sonoridades dos atabaques e marca\u00e7\u00f5es r\u00edtmicas do trup\u00e9.<\/p>\n\n\n\n<p class=\"has-text-align-justify\">MIS BH e MUMO: O Museu da Imagem e do Som de Belo Horizonte realiza no dia 14, quinta-feira, \u00e0s 18h30, o Cineclube Cidadelas no Quintal do MIS BH, em parceria com a Associa\u00e7\u00e3o de Apoio aos Produtores de Cinema Independente e de Audiovisual de Contagem e Regi\u00e3o \u2013 AAPCINE e o Coletivo Cu\u00e1rtemis. Neste m\u00eas, ser\u00e1 exibido um filme em conson\u00e2ncia com o tema da 17\u00aa Primavera de Museus \u201cMem\u00f3rias e Democracia: pessoas LGBT+, ind\u00edgenas e quilombolas\u201d. J\u00e1 o Museu da Moda de Belo Horizonte recebe o Semin\u00e1rio \u201cConhecer para Valorizar: a Conserva\u00e7\u00e3o T\u00eaxtil\u201d no dia 18, segunda-feira, \u00e0s 19h, com apresenta\u00e7\u00f5es e discuss\u00f5es sobre Conserva\u00e7\u00e3o T\u00eaxtil, conduzidas pela Prof. Dra. Soraya Coppola, da Escola de Belas Artes da UFMG, em di\u00e1logo com os alunos do curso de Design de Moda.<\/p>\n\n\n\n<p class=\"has-text-align-justify\">Outra atra\u00e7\u00e3o ser\u00e1 a \u201cSemana de Moda Franco-Mineira\u201d, que acontece de 19 a 23 de setembro no MUMO, com diversas atividades para refletir sobre a moda, fazendo uma rela\u00e7\u00e3o entre as culturas mineira e francesa. O evento \u00e9 promovido em conjunto com a Alian\u00e7a Francesa BH e a programa\u00e7\u00e3o completa pode ser acessada atrav\u00e9s do site da Alian\u00e7a Francesa. &nbsp;<\/p>\n\n\n\n<p class=\"has-text-align-justify\">Conjunto Moderno da Pampulha: o Museu Casa Kubitschek tem como destaque na Primavera dos Museus 2023 a realiza\u00e7\u00e3o no dia 16, s\u00e1bado, \u00e0s 10h, do \u201cMakamba Brincante: Um Piquenique de Alegria\u201d, que convida toda a fam\u00edlia a celebrar o ato de brincar unindo a m\u00fasica e o teatro. O encontro celebra os 10 anos do Museu com a proposta de encantar familiares, amigos e crian\u00e7as de todas as idades, convidando-as a se desconectar das telas de televis\u00e3o e celulares e se entregarem \u00e0 divers\u00e3o ao ar livre onde todos brincam juntos, enquanto aprendem a valorizar as diferen\u00e7as. Os presentes tamb\u00e9m participar\u00e3o de um piquenique nos jardins.<\/p>\n\n\n\n<p class=\"has-text-align-justify\">No dia 23, s\u00e1bado, \u00e0s 10h, o Museu tamb\u00e9m promove a oficina \u201cCartografias Afetivas\u201d. A ideia \u00e9 proporcionar aos participantes a oportunidade de refletir sobre o espa\u00e7o p\u00fablico como um lugar de diferentes linguagens e manifesta\u00e7\u00f5es, ao mesmo tempo em que os convida a observar as transforma\u00e7\u00f5es urbanas, arquitet\u00f4nicas e sociais e suas rela\u00e7\u00f5es com o patrim\u00f4nio cultural. Os participantes ser\u00e3o estimulados a explorar o entorno do Museu Casa Kubitschek, e a registrar percursos a partir de seus afetos, expressando suas experi\u00eancias e emo\u00e7\u00f5es. As inscri\u00e7\u00f5es para a atividade devem ser feitas pelo e-mail educativos.ck@pbh.gov.br.<\/p>\n\n\n\n<p>A Casa do Baile &#8211; Centro de Refer\u00eancia de Arquitetura, Urbanismo e Design promove no dia 24, \u00e0s 10h, o \u201cCasa Adentro\u201d, uma visita mediada na qual s\u00e3o apresentados aspectos da arquitetura, hist\u00f3ria e paisagismo da pr\u00f3pria Casa do Baile, inseridos no contexto do Conjunto Moderno da Pampulha. Ao t\u00e9rmino da visita, \u00e9 realizada uma atividade, no formato ateli\u00ea, com propostas variadas, a depender do perfil do p\u00fablico.<\/p>\n\n\n\n<p class=\"has-text-align-justify\">Em outra a\u00e7\u00e3o, a Casa do Baile &#8211; Centro de Refer\u00eancia de Arquitetura, Urbanismo e Design promove no dia 26, \u00e0s 14h, a ativa\u00e7\u00e3o da obra \u201cCabe\u00e7a de Peixe\u201d, de Laura Bel\u00e9m, por int\u00e9rpretes de Libras. A obra \u00e9 uma instala\u00e7\u00e3o sonora, integrada \u00e0 marquise da Casa e \u00e0 paisagem da Pampulha, e traz a narra\u00e7\u00e3o do poema de Adriana Versiani dos Anjos. Na ocasi\u00e3o, a obra ser\u00e1 interpretada em Libras, seguindo uma conversa com Laura e Adriana. Em seguida, haver\u00e1 um Sarau Surdo, com Ademar Alves, arquiteto e pessoa surda. A atividade acontece no dia 26 de setembro, que \u00e9 o Dia Nacional do Surdo, e marca a celebra\u00e7\u00e3o do Setembro Azul &#8211; M\u00eas da Visibilidade da Comunidade Surda, e do Setembro Verde, M\u00eas da Pessoa com Defici\u00eancia.<\/p>\n\n\n\n<p class=\"has-text-align-justify\">No Museu de Arte da Pampulha o destaque fica por conta de uma edi\u00e7\u00e3o especial do projeto \u201cPercursos Pampulha\u201d, que acontece no dia 30, s\u00e1bado, \u00e0s 10h, na qual ser\u00e1 realizada uma oficina de produ\u00e7\u00e3o de v\u00eddeo-performance na paisagem cultural da Pampulha. Trata-se de uma caminhada mediada pelo educativo do Museu, que percorre dos jardins do MAP at\u00e9 o local onde seria erguido o Grande Hotel da Pampulha, projeto do arquiteto Oscar que Niemeyer que n\u00e3o chegou a ser constru\u00eddo, com o objetivo de interpretar a paisagem da Pampulha, explorando aspectos das diversas camadas que comp\u00f5em o territ\u00f3rio &#8211; hist\u00f3ria, arquitetura, paisagismo, arte, natureza e din\u00e2mica urbana.<\/p>\n\n\n\n<p class=\"has-text-align-justify\">Nesta edi\u00e7\u00e3o, a partir do pensamento de travessia da artista ind\u00edgena Sallisa Rosa, foi proposta uma caminhada onde a arte e a vida n\u00e3o est\u00e3o separadas, ou seja, o cotidiano mistura-se com a arte atrav\u00e9s de um processo descrito por Sallisa como \u201critualizar a vida\u201d. A caminhada ser\u00e1 dividida em quatro atos: Parada da mem\u00f3ria, Parada do amor, Parada do olhar e Parada do imagin\u00e1rio. Em cada esta\u00e7\u00e3o ser\u00e3o estimuladas diferentes linguagens envolvendo literatura, imagem, corpo e voz, onde os participantes ser\u00e3o convidados a partilhar experi\u00eancias e vivenciar a paisagem cultural da Pampulha em seus diversos n\u00edveis sensoriais. A oficina ser\u00e1 transformada em v\u00eddeo arte e compartilhada nas redes sociais do MAP. &nbsp;O trajeto tem aproximadamente 1,4 km. As inscri\u00e7\u00f5es para a oficina podem ser feitas pelo e-mail map.educativo@pbh.gov.br.<\/p>\n\n\n\n<p>Locais: Museus e centros de refer\u00eancia p\u00fablicos municipais.<\/p>\n\n\n\n<p>Data: 14 a 30 de setembro de 2023 (Agenda de eventos em BH).<\/p>\n\n\n\n<p>Fonte: Portal da Prefeitura de Belo Horizonte.<\/p>\n\n\n\n<p><\/p>\n","protected":false},"excerpt":{"rendered":"<p>\u201cMem\u00f3rias e Democracia: pessoas LGBT+, ind\u00edgenas e quilombolas\u201d. Esse \u00e9 o tema da 17\u00aa Primavera dos Museus, evento organizado pelo Instituto Brasileiro de Museus (IBRAM), com atividades em institui\u00e7\u00f5es museol\u00f3gicas de todo o pa\u00eds. Em Belo Horizonte, os cinco museus p\u00fablicos municipais, al\u00e9m da Casa do Baile \u2013 Centro de Refer\u00eancia de Arquitetura, Urbanismo e &hellip; <a href=\"https:\/\/bibliobelas.eba.ufmg.br\/index.php\/2023\/09\/17a-primavera-dos-museus\/\" class=\"more-link\">Continue lendo <span class=\"screen-reader-text\">17\u00aa Primavera dos Museus<\/span> <span class=\"meta-nav\">&rarr;<\/span><\/a><\/p>\n","protected":false},"author":1,"featured_media":0,"comment_status":"open","ping_status":"open","sticky":false,"template":"","format":"standard","meta":{"footnotes":""},"categories":[147],"tags":[],"class_list":["post-7901","post","type-post","status-publish","format-standard","hentry","category-eventos"],"_links":{"self":[{"href":"https:\/\/bibliobelas.eba.ufmg.br\/index.php\/wp-json\/wp\/v2\/posts\/7901","targetHints":{"allow":["GET"]}}],"collection":[{"href":"https:\/\/bibliobelas.eba.ufmg.br\/index.php\/wp-json\/wp\/v2\/posts"}],"about":[{"href":"https:\/\/bibliobelas.eba.ufmg.br\/index.php\/wp-json\/wp\/v2\/types\/post"}],"author":[{"embeddable":true,"href":"https:\/\/bibliobelas.eba.ufmg.br\/index.php\/wp-json\/wp\/v2\/users\/1"}],"replies":[{"embeddable":true,"href":"https:\/\/bibliobelas.eba.ufmg.br\/index.php\/wp-json\/wp\/v2\/comments?post=7901"}],"version-history":[{"count":4,"href":"https:\/\/bibliobelas.eba.ufmg.br\/index.php\/wp-json\/wp\/v2\/posts\/7901\/revisions"}],"predecessor-version":[{"id":7917,"href":"https:\/\/bibliobelas.eba.ufmg.br\/index.php\/wp-json\/wp\/v2\/posts\/7901\/revisions\/7917"}],"wp:attachment":[{"href":"https:\/\/bibliobelas.eba.ufmg.br\/index.php\/wp-json\/wp\/v2\/media?parent=7901"}],"wp:term":[{"taxonomy":"category","embeddable":true,"href":"https:\/\/bibliobelas.eba.ufmg.br\/index.php\/wp-json\/wp\/v2\/categories?post=7901"},{"taxonomy":"post_tag","embeddable":true,"href":"https:\/\/bibliobelas.eba.ufmg.br\/index.php\/wp-json\/wp\/v2\/tags?post=7901"}],"curies":[{"name":"wp","href":"https:\/\/api.w.org\/{rel}","templated":true}]}}