{"id":8137,"date":"2024-01-19T19:32:57","date_gmt":"2024-01-19T22:32:57","guid":{"rendered":"https:\/\/bibliobelas.eba.ufmg.br\/?p=8137"},"modified":"2024-01-19T19:32:57","modified_gmt":"2024-01-19T22:32:57","slug":"ocupacao-paulo-nazareth-na-fae-e-reaberta-a-visitacao","status":"publish","type":"post","link":"https:\/\/bibliobelas.eba.ufmg.br\/index.php\/2024\/01\/ocupacao-paulo-nazareth-na-fae-e-reaberta-a-visitacao\/","title":{"rendered":"&#8216;Ocupa\u00e7\u00e3o Paulo Nazareth&#8217;, na FaE, \u00e9 reaberta \u00e0 visita\u00e7\u00e3o"},"content":{"rendered":"\n<p><mark style=\"background-color:rgba(0, 0, 0, 0)\" class=\"has-inline-color has-medium-gray-color\">Projeto de forma\u00e7\u00e3o art\u00edstica e pedag\u00f3gica promove encontro entre arte e educa\u00e7\u00e3o.<\/mark><\/p>\n\n\n\n<p class=\"has-text-align-justify\"><mark style=\"background-color:rgba(0, 0, 0, 0)\" class=\"has-inline-color has-black-color\">A biblioteca da Faculdade de Educa\u00e7\u00e3o da UFMG transformou-se em um grande pavilh\u00e3o de arte. Esse \u00e9 um dos espa\u00e7os na Unidade, localizado no campus Pampulha, que sedia a exposi\u00e7\u00e3o\u00a0 <em>Pedagogia &#8211; Ocupa\u00e7\u00e3o Paulo Nazareth<\/em> , reaberta nesta semana \u00e0 visita\u00e7\u00e3o da comunidade acad\u00eamica e do p\u00fablico externo. O projeto de forma\u00e7\u00e3o art\u00edstica e pedag\u00f3gica re\u00fane obras, algumas in\u00e9ditas, do\u00a0artista\u00a0de renome internacional que mora em Santa Luzia, Minas Gerais.<\/mark><\/p>\n\n\n\n<p class=\"has-text-align-justify\">A exposi\u00e7\u00e3o <em>Corte-seco<\/em> , no Espa\u00e7o Arteduca\u00e7\u00e3o, re\u00fane 120 desenhos feitos por Paulo Nazareth que retratam pessoas importantes que, em algum momento, foram apagadas dos c\u00e2nones hist\u00f3ricos.<\/p>\n\n\n\n<p class=\"has-text-align-justify\">Em entrevista para a TV UFMG, o artista Paulo Nazareth, a&nbsp;curadora do projeto, a professora Daniele de S\u00e1 Alves, a diretora da Faculdade de Educa\u00e7\u00e3o, Andr\u00e9a Moreno, e a monitora e estudante de Belas Artes, Thalita Amorim, falam da ocupa\u00e7\u00e3o art\u00edstica.<\/p>\n\n\n\n<figure class=\"wp-block-embed is-type-rich is-provider-incorporar-manipulador wp-block-embed-incorporar-manipulador wp-embed-aspect-16-9 wp-has-aspect-ratio\"><div class=\"wp-block-embed__wrapper\">\n<iframe loading=\"lazy\" title=\"Pedagogia - Paulo Nazareth\" width=\"474\" height=\"267\" src=\"https:\/\/www.youtube.com\/embed\/jurQ_-X6Pmw?feature=oembed\" frameborder=\"0\" allow=\"accelerometer; autoplay; clipboard-write; encrypted-media; gyroscope; picture-in-picture; web-share\" referrerpolicy=\"strict-origin-when-cross-origin\" allowfullscreen><\/iframe>\n<\/div><\/figure>\n\n\n\n<p class=\"has-text-align-justify\"><strong>Quem \u00e9 Paulo Nazareth<br><\/strong> Bacharel em Desenho e Gravura pela Escola de Belas Artes da UFMG, o artista Paulo Nazareth, natural de Governador Valadares, tem ateli\u00ea localizado no bairro Palmital, munic\u00edpio de Santa Luzia, Minas Gerais. \u00c9 um artista andarilho, perform\u00e1tico, cuja obra busca estimular o debate sobre quest\u00f5es raciais, nacionais e continentais, rompendo barreiras pol\u00edticas, sociais e lingu\u00edsticas.<\/p>\n\n\n\n<p class=\"has-text-align-justify\">Um de seus trabalhos mais conhecidos \u00e9 a s\u00e9rie de fotografias <em>Not\u00edcias da Am\u00e9rica<\/em> (2011\/2012), resultado de uma viagem na qual percorreu o p\u00e9 todo a Am\u00e9rica Latina em dire\u00e7\u00e3o aos Estados Unidos. Nazareth tem feito exposi\u00e7\u00f5es individuais e coletivas no Brasil e em outros v\u00e1rios pa\u00edses. &nbsp;<\/p>\n\n\n\n<p class=\"has-text-align-justify\">A agenda detalhada da \u201cPedagogia-Ocupa\u00e7\u00e3o Paulo Nazarteh\u201d pode ser acompanhada no <a href=\"https:\/\/www.fae.ufmg.br\/arteducacao\" target=\"_blank\" rel=\"noreferrer noopener\">site do projeto<\/a> e em seu&nbsp; <a href=\"https:\/\/www.instagram.com\/espacoarteducacaofaeufmg?igsh=bWlwbWY2aXh5MDlr\" target=\"_blank\" rel=\"noreferrer noopener\">perfil do Instagram<\/a> . Para agendar uma visita mediada, o interessado dever\u00e1 entrar em contato pelo e-mail ocupacaoartisticanafae.ufmg@gmail.com.<\/p>\n\n\n\n<p><em><mark style=\"background-color:rgba(0, 0, 0, 0)\" class=\"has-inline-color has-medium-gray-color\"><strong>F<\/strong>onte: Portal UFMG &#8211; Soraya Fideles (produ\u00e7\u00e3o e edi\u00e7\u00e3o de conte\u00fado), Lucas Tunes (cinegrafista) e Marcelo Duarte (edi\u00e7\u00e3o de v\u00eddeo).<\/mark><\/em><\/p>\n","protected":false},"excerpt":{"rendered":"<p>Projeto de forma\u00e7\u00e3o art\u00edstica e pedag\u00f3gica promove encontro entre arte e educa\u00e7\u00e3o. A biblioteca da Faculdade de Educa\u00e7\u00e3o da UFMG transformou-se em um grande pavilh\u00e3o de arte. Esse \u00e9 um dos espa\u00e7os na Unidade, localizado no campus Pampulha, que sedia a exposi\u00e7\u00e3o\u00a0 Pedagogia &#8211; Ocupa\u00e7\u00e3o Paulo Nazareth , reaberta nesta semana \u00e0 visita\u00e7\u00e3o da comunidade &hellip; <a href=\"https:\/\/bibliobelas.eba.ufmg.br\/index.php\/2024\/01\/ocupacao-paulo-nazareth-na-fae-e-reaberta-a-visitacao\/\" class=\"more-link\">Continue lendo <span class=\"screen-reader-text\">&#8216;Ocupa\u00e7\u00e3o Paulo Nazareth&#8217;, na FaE, \u00e9 reaberta \u00e0 visita\u00e7\u00e3o<\/span> <span class=\"meta-nav\">&rarr;<\/span><\/a><\/p>\n","protected":false},"author":1,"featured_media":0,"comment_status":"open","ping_status":"open","sticky":false,"template":"","format":"standard","meta":{"footnotes":""},"categories":[164],"tags":[],"class_list":["post-8137","post","type-post","status-publish","format-standard","hentry","category-exposicoes"],"_links":{"self":[{"href":"https:\/\/bibliobelas.eba.ufmg.br\/index.php\/wp-json\/wp\/v2\/posts\/8137","targetHints":{"allow":["GET"]}}],"collection":[{"href":"https:\/\/bibliobelas.eba.ufmg.br\/index.php\/wp-json\/wp\/v2\/posts"}],"about":[{"href":"https:\/\/bibliobelas.eba.ufmg.br\/index.php\/wp-json\/wp\/v2\/types\/post"}],"author":[{"embeddable":true,"href":"https:\/\/bibliobelas.eba.ufmg.br\/index.php\/wp-json\/wp\/v2\/users\/1"}],"replies":[{"embeddable":true,"href":"https:\/\/bibliobelas.eba.ufmg.br\/index.php\/wp-json\/wp\/v2\/comments?post=8137"}],"version-history":[{"count":1,"href":"https:\/\/bibliobelas.eba.ufmg.br\/index.php\/wp-json\/wp\/v2\/posts\/8137\/revisions"}],"predecessor-version":[{"id":8138,"href":"https:\/\/bibliobelas.eba.ufmg.br\/index.php\/wp-json\/wp\/v2\/posts\/8137\/revisions\/8138"}],"wp:attachment":[{"href":"https:\/\/bibliobelas.eba.ufmg.br\/index.php\/wp-json\/wp\/v2\/media?parent=8137"}],"wp:term":[{"taxonomy":"category","embeddable":true,"href":"https:\/\/bibliobelas.eba.ufmg.br\/index.php\/wp-json\/wp\/v2\/categories?post=8137"},{"taxonomy":"post_tag","embeddable":true,"href":"https:\/\/bibliobelas.eba.ufmg.br\/index.php\/wp-json\/wp\/v2\/tags?post=8137"}],"curies":[{"name":"wp","href":"https:\/\/api.w.org\/{rel}","templated":true}]}}